{"id":196713,"date":"2025-10-23T19:39:12","date_gmt":"2025-10-23T19:39:12","guid":{"rendered":"https:\/\/www.europesays.com\/es\/196713\/"},"modified":"2025-10-23T19:39:12","modified_gmt":"2025-10-23T19:39:12","slug":"rendidos-a-pedri-y-aviso-sobre-lamine-antes-del-clasico-se-ha-estado-reservando","status":"publish","type":"post","link":"https:\/\/www.europesays.com\/es\/196713\/","title":{"rendered":"Rendidos a Pedri y aviso sobre Lamine antes del cl\u00e1sico: \u00abSe ha estado reservando\u00bb"},"content":{"rendered":"<p class=\"ft-text\"><strong>\u00abEl Cl\u00e1sico es un partido diferente a cualquier otro\u00bb<\/strong>. Es la m\u00e1xima que trasladan los que han estado en el c\u00e9sped del Bernab\u00e9u y del Camp Nou. Jugadores de condiciones diversas, como <a class=\"ft-link ft-link--decoration\" href=\"https:\/\/www.sport.es\/es\/noticias\/barca\/masip-preocupa-lamine-partidos-dificiles-122924042\" rel=\"nofollow noopener\" target=\"_blank\">Sergi Barjuan, Alfonso P\u00e9rez, Julio Salinas o Ra\u00fal Gonz\u00e1lez<\/a> que coinciden en materializar lo complejo que es un partido de m\u00e1xima rivalidad y que se dieron cita en Arroyomolinos (Madrid). Lo hicieron en el marco del torneo solidario Desaf\u00edo Nacex, cuya recaudaci\u00f3n se destinar\u00e1 a la Fundaci\u00f3n Contra la Hipertensi\u00f3n Pulmonar.<\/p>\n<p>Pedri contra G\u00fcler, un duelo fundamental<\/p>\n<p class=\"ft-text\">El encargado de hacer la convocatoria fue Dani Garc\u00eda Lara, quien sabe lo que es vestir las camisetas de los dos equipos que el domingo se dan cita en el Bernab\u00e9u (16:15) con algo m\u00e1s que tres puntos en juego. \u00abEl que gana el cl\u00e1sico suele ganar LaLiga\u00bb, advirti\u00f3 <strong>Julio Salinas, recordando lo que sucedi\u00f3 la pasada temporada, cuando el Madrid de Ancelotti se desmoron\u00f3 en los encuentros contra el Bar\u00e7a<\/strong>. Para el exdelantero azulgrana, hay un nombre propio sobre el resto que decidir\u00e1 el encuentro: Pedri.<\/p>\n<p class=\"ft-text\"><strong>\u00abSe habla mucho de Lamine, pero Pedri es el mejor del mundo\u00bb<\/strong>, dijo sobre el canario. En sus botas se lidiar\u00e1 una de las batallas m\u00e1s importantes, la del control del juego. Por eso Xabi Alonso ha preparado durante estos meses a Arda G\u00fcler para compensar la falta de creatividad de la que adolece en Madrid desde la salida de Kroos. El n\u00famero de ocasiones que genera el Madrid es ingente, pero sin control no hay escenario tranquilo en ning\u00fan partido, de ah\u00ed que hombres como David Silva vean al canario como fundamental.<\/p>\n<p class=\"ft-text\">\u00abEst\u00e1 jugando a un nivel incre\u00edble. Me alegro mucho por \u00e9l, porque adem\u00e1s de buen jugador es una gran persona. <strong>Le deseo lo mejor y espero que mantenga este nivel toda la temporada, para dar alegr\u00edas al Bar\u00e7a y a la selecci\u00f3n<\/strong>\u00ab, declar\u00f3 el excampe\u00f3n del mundo sobre su paisano. Si en el cuadro blanco tienen claro que el gran argumento ofensivo es Mbapp\u00e9, en el bando barcelonista no hay duda de que necesitar\u00e1n la mejor versi\u00f3n de Lamine, que, hasta el momento, no se ha visto esta temporada.<\/p>\n<p><img decoding=\"async\" src=\"https:\/\/www.europesays.com\/es\/wp-content\/uploads\/2025\/10\/6ddd718b-8b7a-4930-b298-3d24b3a5fba1_alta-libre-aspect-ratio_default_0.jpg\" width=\"1200\" height=\"900\" alt=\"Foto de familia de los participantes en el Desaf\u00edo Nacex previo al cl\u00e1sico.\" class=\"ft-helper-img-rd\" loading=\"lazy\" hasdataaida=\"true\"\/><\/p>\n<p class=\"ft-helper-fontColor-quaternary ft-helper-fontSize-body-S ft-helper-spacer-t-xxs\">Foto de familia de los participantes en el Desaf\u00edo Nacex previo al cl\u00e1sico.  \/ NACEX<\/p>\n<p>\u00abLamine logra cosas de lo que son capaces muy pocos\u00bb<\/p>\n<p class=\"ft-text\">\u00abTodo el mundo sabe qui\u00e9n es. Deseo que est\u00e9 recuperado al cien por cien, porque es un jugador que tiene mucho por demostrar. <strong>Se est\u00e1 reservando para este momento, para demostrar qui\u00e9n es<\/strong>\u00ab, advirti\u00f3 Sergi Barjuan. El exjugador y exentrenador del Bar\u00e7a conf\u00eda en que Lamine se ha guardado para el cl\u00e1sico: \u00abLleva unos partidos sin forzar mucho y va a mostrar su talento\u00bb. El extremo del Bar\u00e7a siempre ha aparecido en los encuentros grandes para echarse encima al equipo.<\/p>\n<p class=\"ft-text\">Incluso los que est\u00e1n en el bando &#8216;enemigo&#8217;, como Ra\u00fal Gonz\u00e1lez, se deshacen en elogios para el de Rocafonda: \u00abLo \u00fanico que puedo decir es que es un gran jugador. Est\u00e1 rompiendo muchas barreras, haciendo dentro del terreno de juego cosas que pocos han hecho.<strong> Es muy joven, tiene que consolidar todo lo que ha hecho, pero puede ser un futbolista muy importante para su club y para la selecci\u00f3n<\/strong>\u00ab. De ah\u00ed que su papel para generar el desequilibrio en el Bernab\u00e9u ser\u00e1 fundamental.<\/p>\n<p class=\"ft-text\">\u00abSi una cosa ha demostrado Lamine es que le gustan los retos y los partidos dif\u00edciles, los grandes escenarios donde normalmente saca su magia. Delante tendr\u00e1 un equipazo como el Madrid, ser\u00e1 dif\u00edcil, pero no me preocupa. S\u00e9 que es un jugador muy competitivo, y en los grandes d\u00edas normalmente da un paso adelante. <strong>Est\u00e1 a tope, ha superado unas molestias importantes y, aunque no ten\u00eda el ritmo que necesitaba, llega bien<\/strong>\u00ab, conf\u00eda Enric Masip, asesor del presidente del FC Barcelona, Joan Laporta, para quien estos partidos le dan la vida.<\/p>\n<p class=\"ft-text\"><a href=\"https:\/\/prf.hn\/click\/camref:1100l4PTe\" class=\"ft-link ft-link--decoration\" rel=\"nofollow noopener\" target=\"_blank\"><strong>No te pierdas el Cl\u00e1sico en DAZN<\/strong><\/a><\/p>\n","protected":false},"excerpt":{"rendered":"\u00abEl Cl\u00e1sico es un partido diferente a cualquier otro\u00bb. Es la m\u00e1xima que trasladan los que han estado&hellip;\n","protected":false},"author":2,"featured_media":196714,"comment_status":"","ping_status":"","sticky":false,"template":"","format":"standard","meta":{"footnotes":""},"categories":[268],"tags":[5145,168,25,24,280,282,378,11680,8138,1684,16809,54551,281,23,167],"class_list":{"0":"post-196713","1":"post","2":"type-post","3":"status-publish","4":"format-standard","5":"has-post-thumbnail","7":"category-futbol","8":"tag-clasico","9":"tag-deportes","10":"tag-es","11":"tag-espana","12":"tag-football","13":"tag-futbol","14":"tag-jugador","15":"tag-lamine","16":"tag-lamine-yamal","17":"tag-mejor","18":"tag-pedri","19":"tag-rendidos","20":"tag-soccer","21":"tag-spain","22":"tag-sports"},"share_on_mastodon":{"url":"https:\/\/pubeurope.com\/@es\/115425179632147855","error":""},"_links":{"self":[{"href":"https:\/\/www.europesays.com\/es\/wp-json\/wp\/v2\/posts\/196713","targetHints":{"allow":["GET"]}}],"collection":[{"href":"https:\/\/www.europesays.com\/es\/wp-json\/wp\/v2\/posts"}],"about":[{"href":"https:\/\/www.europesays.com\/es\/wp-json\/wp\/v2\/types\/post"}],"author":[{"embeddable":true,"href":"https:\/\/www.europesays.com\/es\/wp-json\/wp\/v2\/users\/2"}],"replies":[{"embeddable":true,"href":"https:\/\/www.europesays.com\/es\/wp-json\/wp\/v2\/comments?post=196713"}],"version-history":[{"count":0,"href":"https:\/\/www.europesays.com\/es\/wp-json\/wp\/v2\/posts\/196713\/revisions"}],"wp:featuredmedia":[{"embeddable":true,"href":"https:\/\/www.europesays.com\/es\/wp-json\/wp\/v2\/media\/196714"}],"wp:attachment":[{"href":"https:\/\/www.europesays.com\/es\/wp-json\/wp\/v2\/media?parent=196713"}],"wp:term":[{"taxonomy":"category","embeddable":true,"href":"https:\/\/www.europesays.com\/es\/wp-json\/wp\/v2\/categories?post=196713"},{"taxonomy":"post_tag","embeddable":true,"href":"https:\/\/www.europesays.com\/es\/wp-json\/wp\/v2\/tags?post=196713"}],"curies":[{"name":"wp","href":"https:\/\/api.w.org\/{rel}","templated":true}]}}