{"id":196717,"date":"2025-10-23T19:41:16","date_gmt":"2025-10-23T19:41:16","guid":{"rendered":"https:\/\/www.europesays.com\/es\/196717\/"},"modified":"2025-10-23T19:41:16","modified_gmt":"2025-10-23T19:41:16","slug":"una-retrospectiva-de-leoncio-mairal-recuerda-sus-atmosferas-a-traves-del-paisaje","status":"publish","type":"post","link":"https:\/\/www.europesays.com\/es\/196717\/","title":{"rendered":"Una retrospectiva de Leoncio Mairal recuerda sus &#8216;Atm\u00f3sferas a trav\u00e9s del paisaje&#8217;"},"content":{"rendered":"<p class=\"paragraph\">La precisi\u00f3n de<b> Leoncio Mairal<\/b> a la hora de plasmar la belleza de los parajes aragoneses deslumbra desde este jueves en el Museo y el Centro Cultural Manuel Benito Moliner de Huesca, donde<b> se puede visitar la exposici\u00f3n retrospectiva <b>Atm\u00f3sferas a trav\u00e9s del paisaje.<\/b><\/b><\/p>\n<p class=\"paragraph\">Nacido en Javierrelatre en 1928 y fallecido en Huesca en 2008 a los 80 a\u00f1os, Leoncio Mairal<b> <\/b>fue <b>\u00abuno de los pintores m\u00e1s importantes del Alto Arag\u00f3n junto a Jos\u00e9 Beulas<\/b>, lo que pasa es que por el car\u00e1cter que \u00e9l ten\u00eda no se ha nombrado tanto, pero a nivel de calidad est\u00e1n al mismo nivel probablemente\u201d, ha explicado a los medios el comisario del proyecto, Miguel \u00c1ngel Alvira.<\/p>\n<p class=\"paragraph\">Durante la puesta de largo en el Museo, que ha generado mucha expectaci\u00f3n entre el p\u00fablico, el responsable ha destacado que esta muestra, en la que se han seleccionado m\u00e1s de 30 cuadros del centenar que pertenece a la familia del homenajeado, se compone fundamentalmente de<b> \u201cpaisajes, casi todos del Alto Arag\u00f3n\u201d, aunque tambi\u00e9n resaltan otras piezas como \u201cbodegones y alg\u00fan retrato\u201d.<\/b><\/p>\n<p class=\"paragraph\">\u201c\u00c9l tomaba apuntes y realizaba los cuadros casi de memoria\u201d, ha proseguido Alvira sobre unas obras que muestran \u201cun equilibrio entre lo figurativo y la abstracci\u00f3n\u201d, recreando \u201catm\u00f3sferas\u201d, ya que, si por algo era conocido el autor, era por<b> \u201csu sensibilidad para captar momentos especiales\u201d y su manera de \u201ctrabajar la luz\u201d.<\/b><\/p>\n<p>        <img decoding=\"async\" loading=\"lazy\" width=\"640\" alt=\"La exposici\u00f3n ha causado una gran expectaci\u00f3n entre el p\u00fablico.\" height=\"360\" src=\"https:\/\/imagenes.diariodelaltoaragon.es\/files\/image_640_auto\/uploads\/imagenes\/2025\/10\/23\/la-exposicion-ha-causado-una-gran-expectacion-entre-el-publico.jpeg\" data-full-src=\"https:\/\/www.europesays.com\/es\/wp-content\/uploads\/2025\/10\/la-exposicion-ha-causado-una-gran-expectacion-entre-el-publico.jpeg\"\/><\/p>\n<p>    La exposici\u00f3n ha causado una gran expectaci\u00f3n entre el p\u00fablico.S. C.<\/p>\n<p class=\"paragraph\">Mientras que en el Museo de Huesca se pueden ver piezas \u201cde gran formato\u201d, en la Sala 1 del Antiguo Matadero brillan \u201cotras m\u00e1s peque\u00f1as\u201d, ha especificado.\u00a0Todas ellas <b>fueron creadas \u201centre los a\u00f1os 50 y 90\u201d del siglo pasado<\/b>, aunque tambi\u00e9n se puede contemplar \u201calguna de los a\u00f1os 2000\u201d, ha matizado.<\/p>\n<p class=\"paragraph\">\u201cM\u00e1s all\u00e1 de la mejora evidente de su t\u00e9cnica y de su gran evoluci\u00f3n, es un pintor reconocible hasta el final, con una identidad de marca muy definida.<b> T\u00fa ves un Mairal y lo reconoces<\/b>\u201d, ha exclamado el comisario.<\/p>\n<p class=\"paragraph\">Por su parte,<b> Fernando Sarr\u00eda<\/b>, jefe de servicio de Archivos, Museos y Bibliotecas del Gobierno de Arag\u00f3n, ha valorado la colaboraci\u00f3n entre la instituci\u00f3n que representa y el Ayuntamiento de Huesca para la realizaci\u00f3n de esta muestra sobre \u201cun autor de referencia con <b>una dilatada carrera art\u00edstica, tanto en ejecuci\u00f3n de obra, como de magisterio<\/b>, porque form\u00f3 a numerosas personas\u201d.<\/p>\n<p>        <img decoding=\"async\" loading=\"lazy\" width=\"640\" alt=\"Algunos de los paisajes de Mairal.\" height=\"390\" src=\"https:\/\/imagenes.diariodelaltoaragon.es\/files\/image_640_auto\/uploads\/imagenes\/2025\/10\/23\/whatsapp-image-2025-10-23-at-13-43-33.jpeg\" data-full-src=\"https:\/\/www.europesays.com\/es\/wp-content\/uploads\/2025\/10\/whatsapp-image-2025-10-23-at-13-43-33.jpeg\"\/><\/p>\n<p>    Algunos de los paisajes de Mairal.S. C.<\/p>\n<p class=\"paragraph\">\u201cEsta exposici\u00f3n antol\u00f3gica de car\u00e1cter p\u00f3stumo es<b> un justo homenaje<\/b> a la trayectoria de un artista que ha tenido un papel tan destacado con ese amor a los paisajes de Arag\u00f3n que podemos ver aqu\u00ed\u201d, ha a\u00f1adido.<\/p>\n<p class=\"paragraph\"><b>Sonia Latre<\/b>, concejala del Consistorio de Huesca, ha animado a toda la ciudadan\u00eda a visitar<b> una exposici\u00f3n \u201cmuy de aqu\u00ed, de nuestro entorno, del medio rural\u201d <\/b>que, adem\u00e1s de exhibir \u201clos campos, las monta\u00f1as y los paisajes que nos rodean\u201d, tambi\u00e9n tiene \u201cun gran sentimiento oscense\u201d.<\/p>\n<p>Orgullo familiar<\/p>\n<p class=\"paragraph\">La satisfacci\u00f3n y el orgullo han sido palpables este jueves en las caras de los familiares de Leoncio Mairal durante la inauguraci\u00f3n de la exposici\u00f3n Atm\u00f3sferas a trav\u00e9s del paisaje, <b>muy esperada por ellos desde hace tiempo.<\/b><\/p>\n<p class=\"paragraph\">Gracias a la muestra<b> \u201chemos revivido una experiencia que tuvimos hace a\u00f1os a trav\u00e9s de sus exposiciones\u201d<\/b>, ha contado a los medios Jes\u00fas Mairal, segundo hijo del artista, que ha acudido al evento con su hermano mayor, Carlos, y otros parientes.<\/p>\n<p>        <img decoding=\"async\" loading=\"lazy\" width=\"640\" alt=\"Carlos y Jes\u00fas Mairal, posando con un cuadro de su padre en la inauguraci\u00f3n.\" height=\"490\" src=\"https:\/\/imagenes.diariodelaltoaragon.es\/files\/image_640_auto\/uploads\/imagenes\/2025\/10\/23\/whatsapp-image-2025-10-23-at-13-43-34.jpeg\" data-full-src=\"https:\/\/www.europesays.com\/es\/wp-content\/uploads\/2025\/10\/whatsapp-image-2025-10-23-at-13-43-34.jpeg\"\/><\/p>\n<p>    Carlos y Jes\u00fas Mairal, posando con un cuadro de su padre en la inauguraci\u00f3n.S. C.<\/p>\n<p class=\"paragraph\">Desde el fallecimiento de su padre en 2008, sus obras s\u00f3lo se hab\u00edan visto en la provincia \u201cen una muestra colectiva\u201d organizada en el Palacio de Villahermosa, as\u00ed que era de justicia que finalmente se le dedicara esta retrospectiva, porque<b> \u201c\u00e9l siempre vivi\u00f3 y pint\u00f3 aqu\u00ed\u201d.<\/b><\/p>\n<p class=\"paragraph\">Aunque ten\u00eda un gran apego por sus ra\u00edces, eso no significa que su obra no trascendiera de lo local a lo nacional e internacional, porque<b> de sus m\u00e1s de 2.000 cuadros creados a lo largo de su vida,<\/b> <b>unos 1.900 \u201cest\u00e1n repartidos por todo el mundo\u201d<\/b>, tanto en Europa como en pa\u00edses como \u201cEstados Unidos y Jap\u00f3n\u201d, ha concretado.<\/p>\n<p class=\"paragraph\">Pero a Mairal, de su tierra \u201cno le mov\u00eda nadie\u201d, incluso cuando intentaron \u201cllev\u00e1rselo a Madrid\u201d. De hecho, hasta era dif\u00edcil \u201csacarle de su estudio\u201d, un \u00e1tico situado en la calle Men\u00e9ndez Pidal, donde pint\u00f3 estas Atm\u00f3sferas a trav\u00e9s del paisaje que<b> podr\u00e1n visitarse hasta el 14 de diciembre.<\/b><\/p>\n","protected":false},"excerpt":{"rendered":"La precisi\u00f3n de Leoncio Mairal a la hora de plasmar la belleza de los parajes aragoneses deslumbra desde&hellip;\n","protected":false},"author":2,"featured_media":196718,"comment_status":"","ping_status":"","sticky":false,"template":"","format":"standard","meta":{"footnotes":""},"categories":[173],"tags":[229,233,231,230,54553,232,234,146,147,25,24,54554,7111,7197,54552,23],"class_list":{"0":"post-196717","1":"post","2":"type-post","3":"status-publish","4":"format-standard","5":"has-post-thumbnail","7":"category-arte-y-diseno","8":"tag-arte","9":"tag-arte-y-diseno","10":"tag-arts","11":"tag-arts-and-design","12":"tag-atmosferas","13":"tag-design","14":"tag-diseno","15":"tag-entertainment","16":"tag-entretenimiento","17":"tag-es","18":"tag-espana","19":"tag-leoncio","20":"tag-paisaje","21":"tag-recuerda","22":"tag-retrospectiva","23":"tag-spain"},"share_on_mastodon":{"url":"https:\/\/pubeurope.com\/@es\/115425187464269274","error":""},"_links":{"self":[{"href":"https:\/\/www.europesays.com\/es\/wp-json\/wp\/v2\/posts\/196717","targetHints":{"allow":["GET"]}}],"collection":[{"href":"https:\/\/www.europesays.com\/es\/wp-json\/wp\/v2\/posts"}],"about":[{"href":"https:\/\/www.europesays.com\/es\/wp-json\/wp\/v2\/types\/post"}],"author":[{"embeddable":true,"href":"https:\/\/www.europesays.com\/es\/wp-json\/wp\/v2\/users\/2"}],"replies":[{"embeddable":true,"href":"https:\/\/www.europesays.com\/es\/wp-json\/wp\/v2\/comments?post=196717"}],"version-history":[{"count":0,"href":"https:\/\/www.europesays.com\/es\/wp-json\/wp\/v2\/posts\/196717\/revisions"}],"wp:featuredmedia":[{"embeddable":true,"href":"https:\/\/www.europesays.com\/es\/wp-json\/wp\/v2\/media\/196718"}],"wp:attachment":[{"href":"https:\/\/www.europesays.com\/es\/wp-json\/wp\/v2\/media?parent=196717"}],"wp:term":[{"taxonomy":"category","embeddable":true,"href":"https:\/\/www.europesays.com\/es\/wp-json\/wp\/v2\/categories?post=196717"},{"taxonomy":"post_tag","embeddable":true,"href":"https:\/\/www.europesays.com\/es\/wp-json\/wp\/v2\/tags?post=196717"}],"curies":[{"name":"wp","href":"https:\/\/api.w.org\/{rel}","templated":true}]}}