{"id":196719,"date":"2025-10-23T19:42:20","date_gmt":"2025-10-23T19:42:20","guid":{"rendered":"https:\/\/www.europesays.com\/es\/196719\/"},"modified":"2025-10-23T19:42:20","modified_gmt":"2025-10-23T19:42:20","slug":"las-mejores-imagenes-de-la-presentacion-del-libro-de-isabel-preysler","status":"publish","type":"post","link":"https:\/\/www.europesays.com\/es\/196719\/","title":{"rendered":"las mejores im\u00e1genes de la presentacion del libro de Isabel Preysler"},"content":{"rendered":"<p>Este mi\u00e9rcoles, <strong>Isabel Preysler<\/strong> ha presentado en el Hotel Ritz de Madrid sus memorias, tituladas Mi verdadera historia. Un acontecimiento trat\u00e1ndose de quien ha recorrido el \u00faltimo medio siglo como <strong>la \u00fanica figura indiscutible y permanente del imaginario del coraz\u00f3n espa\u00f1ol<\/strong>. <\/p>\n<p>Preysler se cas\u00f3 primero con el cantante espa\u00f1ol m\u00e1s importante de la historia, despu\u00e9s con un grande de Espa\u00f1a, a continuaci\u00f3n con el m\u00e1s brillante ministro de Econom\u00eda de la democracia y disfrut\u00f3 durante casi ocho a\u00f1os del oto\u00f1o de su vida junto a un Nobel de Literatura. <\/p>\n<p><strong>Mucho que contar si no hubiera contado ya \u2013y vendido\u2013 todo<\/strong> lo que se puede contar desde las p\u00e1ginas de la revista \u00a1Hola! <a href=\"https:\/\/www.elindependiente.com\/gente\/2025\/10\/22\/preysler-se-desquita-contra-la-familia-de-vargas-llosa-han-hecho-creer-a-todo-el-mundo-que-mario-fue-desgraciado-a-mi-lado\/\" target=\"_blank\" rel=\"noreferrer noopener nofollow\">Pero algo ha dejado para este libro<\/a>, donde da detalles de su fea ruptura con Mario Vargas Llosa, sus cartas de amor y su despedida con un triste mensaje. Hoy, Preysler ha demostrado que no ha perdido poder de convocatoria. Un centenar de periodistas y su hija a su lado. <strong>Amigos, eso s\u00ed, pocos.<\/strong><\/p>\n<p>PUBLICIDAD<\/p>\n","protected":false},"excerpt":{"rendered":"Este mi\u00e9rcoles, Isabel Preysler ha presentado en el Hotel Ritz de Madrid sus memorias, tituladas Mi verdadera historia.&hellip;\n","protected":false},"author":2,"featured_media":196720,"comment_status":"","ping_status":"","sticky":false,"template":"","format":"standard","meta":{"footnotes":""},"categories":[172],"tags":[224,146,147,25,24,260,225,23],"class_list":{"0":"post-196719","1":"post","2":"type-post","3":"status-publish","4":"format-standard","5":"has-post-thumbnail","7":"category-libros","8":"tag-books","9":"tag-entertainment","10":"tag-entretenimiento","11":"tag-es","12":"tag-espana","13":"tag-gente","14":"tag-libros","15":"tag-spain"},"share_on_mastodon":{"url":"https:\/\/pubeurope.com\/@es\/115425191143074237","error":""},"_links":{"self":[{"href":"https:\/\/www.europesays.com\/es\/wp-json\/wp\/v2\/posts\/196719","targetHints":{"allow":["GET"]}}],"collection":[{"href":"https:\/\/www.europesays.com\/es\/wp-json\/wp\/v2\/posts"}],"about":[{"href":"https:\/\/www.europesays.com\/es\/wp-json\/wp\/v2\/types\/post"}],"author":[{"embeddable":true,"href":"https:\/\/www.europesays.com\/es\/wp-json\/wp\/v2\/users\/2"}],"replies":[{"embeddable":true,"href":"https:\/\/www.europesays.com\/es\/wp-json\/wp\/v2\/comments?post=196719"}],"version-history":[{"count":0,"href":"https:\/\/www.europesays.com\/es\/wp-json\/wp\/v2\/posts\/196719\/revisions"}],"wp:featuredmedia":[{"embeddable":true,"href":"https:\/\/www.europesays.com\/es\/wp-json\/wp\/v2\/media\/196720"}],"wp:attachment":[{"href":"https:\/\/www.europesays.com\/es\/wp-json\/wp\/v2\/media?parent=196719"}],"wp:term":[{"taxonomy":"category","embeddable":true,"href":"https:\/\/www.europesays.com\/es\/wp-json\/wp\/v2\/categories?post=196719"},{"taxonomy":"post_tag","embeddable":true,"href":"https:\/\/www.europesays.com\/es\/wp-json\/wp\/v2\/tags?post=196719"}],"curies":[{"name":"wp","href":"https:\/\/api.w.org\/{rel}","templated":true}]}}