{"id":196723,"date":"2025-10-23T19:44:16","date_gmt":"2025-10-23T19:44:16","guid":{"rendered":"https:\/\/www.europesays.com\/es\/196723\/"},"modified":"2025-10-23T19:44:16","modified_gmt":"2025-10-23T19:44:16","slug":"los-periodistas-vendidos-al-poder-son-ruidosos","status":"publish","type":"post","link":"https:\/\/www.europesays.com\/es\/196723\/","title":{"rendered":"Los periodistas vendidos al poder son ruidosos"},"content":{"rendered":"<p class=\"paragraph\" id=\"paragraph_1\"><strong>David Felipe Arranz Lago<\/strong> (Valladolid, 50 a\u00f1os) es un \u201cenamorado del conocimiento y de la cultura\u201d. En especial, como cuenta en esta entrevista con EL ESPA\u00d1OL de Castilla y Le\u00f3n, de aquella que le hace \u201celevarse sobre la prosa de la vida y las vidas prosaicas\u201d.<\/p>\n<p class=\"paragraph\" id=\"paragraph_2\">El pucelano suma 30 a\u00f1os en el mundo del periodismo y los mismos como fil\u00f3logo.<strong>\u00a0Es amante de la literatura, del cine, del teatro y de viajar y conocer diferentes culturas all\u00e1 por donde va.<\/strong><\/p>\n<p><img loading=\"lazy\" decoding=\"async\" alt=\"Isa\u00edas Lafuente recoge el premio\" height=\"180\" src=\"https:\/\/www.europesays.com\/es\/wp-content\/uploads\/2025\/10\/848426275_241614042_320x180.jpg\" width=\"320\" data-lazy-status=\"processed\" data-lazy-info=\"remove loading item 1\"\/><\/p>\n<p class=\"paragraph\" id=\"paragraph_3\">La semana pasada conoc\u00edamos que David Felipe Arranz<strong>\u00a0era reconocido con la Antena de Oro 2025<\/strong> por parte de la Federaci\u00f3n de Asociaciones de Radio y Televisi\u00f3n de Espa\u00f1a por su espacio radiof\u00f3nico \u2018El Marcap\u00e1ginas\u2019 que \u00e9l mismo conduce desde el a\u00f1o 2000, ni m\u00e1s ni menos y que se emite, cada s\u00e1bado, en Radio Intereconom\u00eda.<\/p>\n<p class=\"paragraph\" id=\"paragraph_4\">Este peri\u00f3dico charla con \u00e9l para conocer m\u00e1s a fondo la historia de un amante de todo lo relacionado con la cultura que naci\u00f3 en la ciudad del Pisuerga y<strong> que ve con optimismo el futuro.<\/strong><\/p>\n<p class=\"paragraph\" id=\"paragraph_5\"><strong>P.- \u00bfQui\u00e9n es David? \u00bfC\u00f3mo se define?<\/strong><\/p>\n<p class=\"paragraph\" id=\"paragraph_6\">R.- Me defino como una persona muy inquieta intelectualmente y que siempre tiene por delante un horizonte de proyectos que va sacando poco a poco. Para m\u00ed la cultura es como respirar.<\/p>\n<p class=\"paragraph\" id=\"paragraph_7\"><strong>P.- \u00bfQu\u00e9 recuerda de Valladolid?\u00a0<\/strong><\/p>\n<p class=\"paragraph\" id=\"paragraph_8\">R.- Nac\u00ed en la Cl\u00ednica del doctor Jol\u00edn, tambi\u00e9n conocida como Sanatorio de Nuestra Se\u00f1ora de la Salud, a orillas del Pisuerga, un 22 de febrero de 1975 a las 5 de la ma\u00f1ana. He sido el primog\u00e9nito de mis padres y ellos me cuidaron much\u00edsimo y lo siguen haciendo, se preocupan por su hijo que tiene medio siglo de vida.<\/p>\n<p class=\"paragraph\" id=\"paragraph_9\"><strong>P.- Adem\u00e1s, recuerda con especial cari\u00f1o a su abuela.\u00a0<\/strong><\/p>\n<p class=\"paragraph\" id=\"paragraph_10\">R.- Mi abuela Cano fue mi madrina. Cuando era peque\u00f1o me cuid\u00f3 mucho. Su mirada era de pura bondad y generosidad. Me rompi\u00f3 el coraz\u00f3n cuando falleci\u00f3, se agarraba a m\u00ed cuando iba a verla en los \u00faltimos meses de vida. Algo se nos queda con los que se van, algo se nos desprende y ya no vuelve.<\/p>\n<p class=\"paragraph\" id=\"paragraph_11\"><strong>P.- \u00bfFue feliz su infancia en Valladolid?<\/strong><\/p>\n<p class=\"paragraph\" id=\"paragraph_12\">R.- Muy feliz. En una familia castellana, con todo lo bueno y lo malo que conlleva esa palabra. Es decir, con una felicidad infantil atenuada y atemperada por el rigor de entonces, que era el de la Espa\u00f1a de la Transici\u00f3n. Hab\u00eda que echarse la siesta en verano y te bajaban los cuarterones de las ventanas y a callar todo el mundo.<\/p>\n<p class=\"paragraph\" id=\"paragraph_13\"><strong>P.- Tocaba portarse bien por aquella \u00e9poca.\u00a0<\/strong><\/p>\n<p class=\"paragraph\" id=\"paragraph_14\">R.- En casa no se mov\u00eda ni Dios y mis hermanos y yo \u00e9ramos siempre buenos ni\u00f1os, no te quedaba otra. Pero con mucha importancia dada en la familia a la educaci\u00f3n y a la cultura. Mi padre es un lector incansable, hijo de maestros y adicto a los libros, y mi madre ha sido profesora de Formaci\u00f3n Profesional en el Instituto Profesional de la Mujer. Una educadora y transmisora del conocimiento con amor. No te digo m\u00e1s.<\/p>\n<p class=\"paragraph\" id=\"paragraph_15\"><strong>P.- \u00bfCu\u00e1ndo era peque\u00f1o, qu\u00e9 quer\u00eda ser de mayor?\u00a0<\/strong><\/p>\n<p class=\"paragraph\" id=\"paragraph_16\">R.- Quer\u00eda ser naturalista porque me gustaba El hombre y la tierra de F\u00e9lix Rodr\u00edguez de la Fuente y los cuadernos que publicaban los quioscos. Luego, de adolescente, me influy\u00f3 mucho ver lo bien que se lo pasaba mi t\u00edo Juli\u00e1n Lago haciendo periodismo, y me empez\u00f3 a gustar. Tambi\u00e9n el cine, que me atrap\u00f3 desde el primer momento y la literatura, una edici\u00f3n de Imagcolor de El Quijote de la Caja de Ahorros Popular, que me le\u00eda de cabo a rabo y pintarrajeaba.<\/p>\n<p class=\"paragraph\" id=\"paragraph_17\"><strong>P.- \u00bfCu\u00e1ndo le lleg\u00f3 lo de ser periodista?<\/strong><\/p>\n<p class=\"paragraph\" id=\"paragraph_18\">R.- Cuando acab\u00e9 el COU y aprob\u00e9 la selectividad. Miramos en la Universidad Pontificia de Salamanca una posibilidad de hacer periodismo, pero un jesuita historiador amigo de la familia, Luis Fern\u00e1ndez Mart\u00edn, hombre sabio y santo, me aconsej\u00f3 que hiciese antes Filolog\u00eda hisp\u00e1nica para empaparme de cultura y aprendiese a escribir de los cl\u00e1sicos. Y vaya si me empap\u00e9, tanto que me matricul\u00e9 despu\u00e9s de Teor\u00eda de la Literatura y Literatura Comparada.<\/p>\n<p><img decoding=\"async\" alt=\"David Felipe Arranz\" data-imgm=\"true\" height=\"180\" loading=\"lazy\"  src=\"https:\/\/www.europesays.com\/es\/wp-content\/uploads\/2025\/10\/1003743979938_259501092_1024x576.jpg\"  width=\"320\"\/><\/p>\n<p>                                                            David Felipe Arranz<\/p>\n<p>                    Fotograf\u00eda: Sara Rodr\u00edguez de Guzm\u00e1n cedida a EL ESPA\u00d1OL de Castilla y Le\u00f3n<\/p>\n<p class=\"paragraph\" id=\"paragraph_19\"><strong>P.- \u00bfD\u00f3nde estudia finalmente?<\/strong><\/p>\n<p class=\"paragraph\" id=\"paragraph_20\">R.- En la Universidad de Valladolid Filolog\u00eda Hisp\u00e1nica y Teor\u00eda de la Literatura y Literatura Comparada y despu\u00e9s en la Universidad Carlos III de Madrid estudi\u00e9 Periodismo donde imparto clases como profesor desde 2008 hasta hoy en d\u00eda.<\/p>\n<p class=\"paragraph\" id=\"paragraph_21\"><strong>P.- \u00bfD\u00f3nde comienza a ejercer?<\/strong><\/p>\n<p class=\"paragraph\" id=\"paragraph_22\">R.- Profesionalmente, en Radio C\u00edrculo. En el C\u00edrculo de Bellas Artes de Madrid, con C\u00e9sar Antonio Molina, por entonces su director, que fue la primera persona en este pa\u00eds que crey\u00f3 profesionalmente en m\u00ed cuando le llev\u00e9 el proyecto de \u2018El Marcap\u00e1ginas\u2019 en septiembre del a\u00f1o 2000.<\/p>\n<p class=\"paragraph\" id=\"paragraph_23\"><strong>P.- Lleva 25 a\u00f1os con \u201cEl Marcap\u00e1ginas\u201d. \u00bfC\u00f3mo los ha vivido?\u00a0<\/strong><\/p>\n<p class=\"paragraph\" id=\"paragraph_24\">R.- Con mucha ilusi\u00f3n. Siempre ha sido un programa que he movido por diferentes emisoras como son Radio C\u00edrculo, Radio Cervantes, Radio Inter, Gestiona Radio, Capital Radio y Radio Intereconom\u00eda desde enero del 2021. Para m\u00ed es como si fuese mi hijo. Cuido de \u00e9l y de mis invitados. Es un magac\u00edn muy especial y los escritores y dramaturgos quieren venir siempre. Es exactamente un reflejo de mi personalidad.<\/p>\n<p class=\"paragraph\" id=\"paragraph_25\"><strong>P.- \u00bfQu\u00e9 sinti\u00f3 cuando le informaron de que ganaba esa Antena de Oro?<\/strong><\/p>\n<p class=\"paragraph\" id=\"paragraph_26\">R.- Me hace especial ilusi\u00f3n porque tambi\u00e9n es un reconocimiento al periodismo cultural, que siempre juega un papel secundario en el oficio cuando pienso, al contrario, que es actor principal. Me lo entregar\u00e1n el 8 de noviembre en el Casino de Aranjuez, en una gala con cena, cortes\u00eda de la Federaci\u00f3n de Asociaciones de Radio y Televisi\u00f3n de Espa\u00f1a, impulsores de estos premios y a cuyos responsables estoy muy agradecido. Mucha felicidad.<\/p>\n<p class=\"paragraph\" id=\"paragraph_27\"><strong>P.- \u00bfQu\u00e9 supone para usted?<\/strong><\/p>\n<p class=\"paragraph\" id=\"paragraph_28\">R.- Supone un reconocimiento de mis iguales en la profesi\u00f3n a 25 a\u00f1os de lucha por la cultura en el sistema de medios. Algo que creo que podr\u00eda definirse muy bien como milagro o suceso sobrenatural, tanto lo del reconocimiento de los colegas como la larga vida del magac\u00edn.<\/p>\n<p class=\"paragraph\" id=\"paragraph_29\"><strong>P.- Todo con la base del periodismo cultural.\u00a0<\/strong><\/p>\n<p class=\"paragraph\" id=\"paragraph_30\">R.- El premio es, tambi\u00e9n, una muestra de que puede hacerse periodismo cultural para todos y que guste. Y, sobre todo, una justificaci\u00f3n de cara a mis padres, especialmente a mi madre, que nunca ha terminado de entender que haga estas cosas. Y yo entiendo que no lo entienda.<\/p>\n<p class=\"paragraph\" id=\"paragraph_31\"><strong>P.- \u00bfC\u00f3mo definir\u00eda al programa?<\/strong><\/p>\n<p class=\"paragraph\" id=\"paragraph_32\">R.- Es un programa \u00fanico en su g\u00e9nero. Tiene vida propia y ha alcanzado un estilo tan personal que, por mucho que han intentado copiarme, no lo han conseguido. Demuestra que la cultura y los programas sobre libros no tienen por qu\u00e9 aburrir a la audiencia. Tambi\u00e9n es una parte important\u00edsima de mi vida y una ventana abierta a las gentes, porque gracias a este programa he hecho amistades \u00edntimas como Aurora de Andr\u00e9s o la productora Isabel Roba.<\/p>\n<p class=\"paragraph\" id=\"paragraph_33\"><strong>P.- \u00bfC\u00f3mo cambia su vida este premio?<\/strong><\/p>\n<p class=\"paragraph\" id=\"paragraph_34\">R.- Espero que lo haga en algo y que sea el principio de m\u00e1s alegr\u00edas. Todo puede ser. Tal vez no. Vaya usted a saber, como en el amor. Todo es muy incierto y pensar en el futuro es una tonter\u00eda.<\/p>\n<p class=\"paragraph\" id=\"paragraph_35\"><strong>P.- \u00bfCu\u00e1nto tiempo lleva fuera de su ciudad?<\/strong><\/p>\n<p class=\"paragraph\" id=\"paragraph_36\">R.- Demasiado. Desde septiembre de 1998. Mi santo padre me llev\u00f3 en el Volvo a Getafe a hacer el examen de ingreso a la Facultad de Humanidades, Comunicaci\u00f3n y Documentaci\u00f3n, una prueba que no era nada f\u00e1cil, ser\u00edamos como 300 por los pasillos, y entramos cerca de 60 alumnos. Nunca voy a olvidar el madrug\u00f3n que nos dimos para salir desde Valladolid hasta Getafe y c\u00f3mo llegu\u00e9 justo cuando lo profesores empezaron a entregar los ex\u00e1menes: Obdulio Mart\u00edn Bernal, Antonio Rodr\u00edguez de las Heras, Mar\u00eda Pilar Diezhandino, Javier Gal\u00e1n\u2026<\/p>\n<p class=\"paragraph\" id=\"paragraph_37\"><strong>P.- Vaya susto.\u00a0<\/strong><\/p>\n<p class=\"paragraph\" id=\"paragraph_38\">R.- Recuerdo que nos preguntaron por los nombres de qui\u00e9nes eran los padres de la Constituci\u00f3n espa\u00f1ola, por el partido que convoc\u00f3 sus primeras primarias o el significado de barretina. Las preguntas deportivas las dej\u00e9 en blanco, pero el resto las acert\u00e9 todas. As\u00ed que soy un madrile\u00f1o de adopci\u00f3n que vive en la Gran V\u00eda, en el cogollo del meollo del bollo. Luego vengo ejerciendo desde 2008 de profesor asociado en la Universidad Carlos III de Madrid para compartir con mis alumnos todo lo que s\u00e9 hacer en la profesi\u00f3n, y ah\u00ed seguimos.<\/p>\n<p class=\"paragraph\" id=\"paragraph_39\"><strong>P.- \u00bfSe plantea volver de forma definitiva a Valladolid?<\/strong><\/p>\n<p class=\"paragraph\" id=\"paragraph_40\">R.- Vuelvo cada semana para participar en \u2018El programa de Cristina\u2019 con Cristina Camell que es maravillosa, \u00e1gil, encantadora y una profesional como pocas que conozca. Tambi\u00e9n participo, a veces, en \u2018Cuesti\u00f3n de Prioridades\u2019 con Jos\u00e9 Luis Mart\u00edn, que proviene de la prensa escrita y me recuerda al viejo estilo del buen periodismo.<\/p>\n<p class=\"paragraph\" id=\"paragraph_41\"><strong>P.- No ha contestado a mi pregunta.\u00a0<\/strong><\/p>\n<p class=\"paragraph\" id=\"paragraph_42\">R.- Tal vez me retire en Valladolid, dentro de cuarenta a\u00f1os o menos, en una casa en el mismo edificio que mis hermanos, Laura y Alfonso, que son mis c\u00f3mplices. Somos una familia muy unida. Y me ir\u00e9 a dar de comer a los patos del Campo Grande.<\/p>\n<p class=\"paragraph\" id=\"paragraph_43\"><strong>P.- \u00bfC\u00f3mo ve en la actualidad el mundo del periodismo?<\/strong><\/p>\n<p class=\"paragraph\" id=\"paragraph_44\">R.- Vendido a la polarizaci\u00f3n pol\u00edtica en su mayor\u00eda y convertido en terminales, muchos colegas de los gabinetes de prensa de los partidos. Hay mucho periodista del pesebre y poco reportero de raza verdaderamente independiente. A m\u00ed, el riesgo me mantiene muy despierto. Es un entorno cruel, frentista y hasta verbalmente violento. A m\u00ed eso no me gusta porque yo soy un republicano, pero conservador. Tengo ideas progresistas, pero vivo con calma, tolerancia y sensibilidad la pol\u00edtica. Lo que vendr\u00eda a ser la socialdemocracia que se carg\u00f3 el PSOE en los a\u00f1os setenta.<\/p>\n<p class=\"paragraph\" id=\"paragraph_45\"><strong>P.- \u00bfCree que se hacen las cosas bien en el mundo del periodismo?<\/strong><\/p>\n<p class=\"paragraph\" id=\"paragraph_46\">R.- Depende. La mayor\u00eda s\u00ed hace bien su trabajo y sus buenos reportajes, claro que s\u00ed. Los periodistas vendidos al poder son ruidosos y cansinos. Se les dan muchos altavoces, sobre todo, desde las televisiones p\u00fablicas y privadas. Est\u00e1n vendidos y sabes lo que van a decir. Bien son roj\u00edsimos o bien de la derechona.<\/p>\n<p><img decoding=\"async\" alt=\"David Felipe Arranz con Nicol\u00e1s Obreg\u00f3n, invitado en su programa.\" data-imgm=\"true\" height=\"180\" loading=\"lazy\"  src=\"https:\/\/www.europesays.com\/es\/wp-content\/uploads\/2025\/10\/1003743979941_259501134_1024x576.jpg\"  width=\"320\"\/><\/p>\n<p>                                                            David Felipe Arranz con Nicol\u00e1s Obreg\u00f3n, invitado en su programa.<\/p>\n<p>                    Fotograf\u00eda de Sara Rodr\u00edguez de Guzm\u00e1n cedida a EL ESPA\u00d1OL de Castilla y Le\u00f3n<\/p>\n<p class=\"paragraph\" id=\"paragraph_47\"><strong>P.- \u00bfQu\u00e9 falta?<\/strong><\/p>\n<p class=\"paragraph\" id=\"paragraph_48\">R.- Me hace falta una sensatez e imparcialidad de un periodista al estilo de Manuel Chaves Nogales que pasa por ser mi referente. Una figura que sea verdaderamente equilibrada, que haga un balance de todo, al estilo de \u00c1ngel Antonio Herrera, con gracejo y talento. En la Transici\u00f3n s\u00ed que cont\u00e1bamos con estas figuras en autores como Francisco Umbral, Jos\u00e9 Luis Balb\u00edn, V\u00edctor M\u00e1rquez Reviriego o mi propio t\u00edo Juli\u00e1n Lago. Pero eso, pr\u00e1cticamente, se ha acabado.<\/p>\n<p class=\"paragraph\" id=\"paragraph_49\"><strong>P.- \u00bfHay medios comprados por el poder?<\/strong><\/p>\n<p class=\"paragraph\" id=\"paragraph_50\">R.- Claro que s\u00ed y tampoco se molestan en ocultarlo. Ya no lo disimulan y, a veces, leen el argumentario que les han enviado sus \u201camos\u201d en directo. Dan mucha verg\u00fcenza.<\/p>\n<p class=\"paragraph\" id=\"paragraph_51\"><strong>P.- Tambi\u00e9n es fil\u00f3logo\u2026 \u00bfSe habla y escribe bien en Espa\u00f1a?<\/strong><\/p>\n<p class=\"paragraph\" id=\"paragraph_52\">R.- Mejor hace veinte a\u00f1os y hace cincuenta ni te cuento. Esto tiene que ver con los planes de estudio. A los ni\u00f1os ya no se les manda leer tanto. Nosotros le\u00edamos las dos partes del  sin rechistar con trece a\u00f1os y all\u00ed no pasaba nada. Ahora, los psicopedagogos dicen que se trauman y que tienen que leer cuadernos de sexualidad con muchos dibujos cuando tienen seis a\u00f1os, pero que no lean a Baroja ni a Delibes, que El camino es muy violento y triste, dicen.<\/p>\n<p class=\"paragraph\" id=\"paragraph_53\"><strong>P.- \u00bfC\u00f3mo ve el futuro?<\/strong><\/p>\n<p class=\"paragraph\" id=\"paragraph_54\">R.- Depender\u00e1 solo y \u00fanicamente de la capacidad que tengamos los espa\u00f1oles de defendernos del saqueo de la casta parasitaria.<\/p>\n<p class=\"paragraph\" id=\"paragraph_55\"><strong>P.- Objetivo y deseo mirando a ese futuro.\u00a0<\/strong><\/p>\n<p class=\"paragraph\" id=\"paragraph_56\">R.- Primero quiero una Espa\u00f1a mejor, m\u00e1s libre y, econ\u00f3micamente, m\u00e1s fuerte. No sujeta al riego de subvenciones del Estado. Que se generen y apoyen las industrias, la investigaci\u00f3n y tambi\u00e9n el I+D+i. Adem\u00e1s, que se atienda mejor al pr\u00f3jimo desde las Administraciones, porque lo de la no gesti\u00f3n de la pandemia y la dana ha sido vergonzante para nuestros pol\u00edticos que no merecen el sueldazo que les pagamos. Ha muerto demasiada gente en nombre de la ineptitud de los irresponsables p\u00fablicos.<\/p>\n","protected":false},"excerpt":{"rendered":"David Felipe Arranz Lago (Valladolid, 50 a\u00f1os) es un \u201cenamorado del conocimiento y de la cultura\u201d. En especial,&hellip;\n","protected":false},"author":2,"featured_media":196724,"comment_status":"","ping_status":"","sticky":false,"template":"","format":"standard","meta":{"footnotes":""},"categories":[170],"tags":[146,147,25,24,54555,184,185,2151,532,492,23,1607,15641],"class_list":{"0":"post-196723","1":"post","2":"type-post","3":"status-publish","4":"format-standard","5":"has-post-thumbnail","7":"category-musica","8":"tag-entertainment","9":"tag-entretenimiento","10":"tag-es","11":"tag-espana","12":"tag-filologia","13":"tag-music","14":"tag-musica","15":"tag-periodismo","16":"tag-premios","17":"tag-sociedad","18":"tag-spain","19":"tag-valladolid","20":"tag-valladolid-municipio"},"share_on_mastodon":{"url":"https:\/\/pubeurope.com\/@es\/115425199522601926","error":""},"_links":{"self":[{"href":"https:\/\/www.europesays.com\/es\/wp-json\/wp\/v2\/posts\/196723","targetHints":{"allow":["GET"]}}],"collection":[{"href":"https:\/\/www.europesays.com\/es\/wp-json\/wp\/v2\/posts"}],"about":[{"href":"https:\/\/www.europesays.com\/es\/wp-json\/wp\/v2\/types\/post"}],"author":[{"embeddable":true,"href":"https:\/\/www.europesays.com\/es\/wp-json\/wp\/v2\/users\/2"}],"replies":[{"embeddable":true,"href":"https:\/\/www.europesays.com\/es\/wp-json\/wp\/v2\/comments?post=196723"}],"version-history":[{"count":0,"href":"https:\/\/www.europesays.com\/es\/wp-json\/wp\/v2\/posts\/196723\/revisions"}],"wp:featuredmedia":[{"embeddable":true,"href":"https:\/\/www.europesays.com\/es\/wp-json\/wp\/v2\/media\/196724"}],"wp:attachment":[{"href":"https:\/\/www.europesays.com\/es\/wp-json\/wp\/v2\/media?parent=196723"}],"wp:term":[{"taxonomy":"category","embeddable":true,"href":"https:\/\/www.europesays.com\/es\/wp-json\/wp\/v2\/categories?post=196723"},{"taxonomy":"post_tag","embeddable":true,"href":"https:\/\/www.europesays.com\/es\/wp-json\/wp\/v2\/tags?post=196723"}],"curies":[{"name":"wp","href":"https:\/\/api.w.org\/{rel}","templated":true}]}}