{"id":196736,"date":"2025-10-23T19:51:12","date_gmt":"2025-10-23T19:51:12","guid":{"rendered":"https:\/\/www.europesays.com\/es\/196736\/"},"modified":"2025-10-23T19:51:12","modified_gmt":"2025-10-23T19:51:12","slug":"trump-viaja-a-asia-con-la-mira-puesta-en-cerrar-acuerdos-con-china","status":"publish","type":"post","link":"https:\/\/www.europesays.com\/es\/196736\/","title":{"rendered":"Trump viaja a Asia con la mira puesta en cerrar acuerdos con China"},"content":{"rendered":"<p>    <img src=\"https:\/\/www.europesays.com\/es\/wp-content\/uploads\/2025\/10\/2025-10-23T173A213A25Z-90217135.jpg\" width=\"1024\" height=\"682\" alt=\"\" loading=\"eager\" decoding=\"sync\" fetchpriority=\"high\"\/><\/p>\n<p>            afp_tickers        <\/p>\n<p>        Este contenido fue publicado en    <\/p>\n<p>        23 octubre 2025 &#8211; 21:13\n<\/p>\n<p>El presidente de Estados Unidos, Donald Trump, inicia el viernes una importante gira por Asia en la que el punto culminante ser\u00e1 un\u00a0encuentro con el l\u00edder chino Xi Jinping, el jueves en Corea del Sur.<\/p>\n<p>Es la primera visita a la regi\u00f3n desde que Trump regres\u00f3 a la Casa Blanca, y arrancar\u00e1 con la llegada el domingo por la ma\u00f1ana (hora local) a Malasia, invitado por la cumbre de la\u00a0Asociaci\u00f3n de Naciones del Sudeste Asi\u00e1tico (ASEAN), del 26 al 28 de octubre.\u00a0<\/p>\n<p>Trump firmar\u00e1 un acuerdo comercial con el pa\u00eds anfitri\u00f3n, adem\u00e1s de asistir a la firma de un acuerdo de paz entre Tailandia y Camboya, uno de los ocho conflictos mundiales en los que ha mediado directamente para alcanzar la paz.<\/p>\n<p>\u2013 Encuentros con Lula y Xi \u2013<\/p>\n<p>En Kuala Lumpur deber\u00eda reunirse igualmente con el presidente brasile\u00f1o Luiz In\u00e1cio Lula da Silva, seg\u00fan fuentes oficiales de ambos pa\u00edses, en medio de tensi\u00f3n diplom\u00e1tica a causa de los ataques estadounidenses en el Caribe y la pol\u00e9mica sentencia contra el ex presidente Jair Bolsonaro, criticada por Washington.<\/p>\n<p>Estados Unidos aplica actualmente aranceles de hasta el 50% sobre numerosos productos brasile\u00f1os y Lula ha pedido p\u00fablicamente que ese r\u00e9gimen punitivo se acabe.<\/p>\n<p>Trump ir\u00e1 luego a Tokio, donde se reunir\u00e1 con la nueva primera ministra conservadora, Sanae Takaichi.\u00a0<\/p>\n<p>Jap\u00f3n se ha librado de lo peor de los aranceles que Washington impuso a pa\u00edses de todo el mundo, pero Trump pretende que detenga las importaciones de energ\u00eda rusa y aumente su gasto en defensa.\u00a0<\/p>\n<p>El punto culminante del viaje deber\u00eda ser Corea del Sur, donde Trump tiene previsto llegar el 29 de octubre para la cumbre de la Asociaci\u00f3n de Cooperaci\u00f3n Econ\u00f3mica Asia-Pac\u00edfico (APEC) y reunirse con Xi, ese mismo d\u00eda.<\/p>\n<p>Ser\u00e1 el primer encuentro entre los l\u00edderes de las dos principales potencias mundiales desde el regreso del republicano al gobierno.<\/p>\n<p>Las restricciones de Pek\u00edn a las tierras raras han llevado a Trump a cambios de postura sobre su eventual encuentro con el l\u00edder chino.\u00a0<\/p>\n<p>Tras amenazar con cancelar la cita e imponer nuevos aranceles a Pek\u00edn, la cumbre acab\u00f3 concret\u00e1ndose.<\/p>\n<p>El mi\u00e9rcoles, afirm\u00f3 que esperaba llegar a un acuerdo con Xi sobre \u00abtodo\u00bb y tambi\u00e9n que el l\u00edder chino pueda ejercer una \u00abgran influencia\u00bb sobre el presidente ruso, Vladimir Putin, para poner fin a la guerra en Ucrania.\u00a0<\/p>\n<p>Los analistas advierten que no cabe esperar avances significativos.<\/p>\n<p>\u00abLa reuni\u00f3n ser\u00e1 un momento para hacer balance, m\u00e1s que un punto de inflexi\u00f3n en la relaci\u00f3n\u00bb, dijo Ryan Hass, investigador principal en el Instituto Brookings.<\/p>\n<p>\u2013 \u00bfCorea del Norte? \u2013<\/p>\n<p>Corea del Sur est\u00e1 considerando, seg\u00fan se informa, otorgar a Trump la Gran Orden de Mugunghwa, la condecoraci\u00f3n m\u00e1s alta del pa\u00eds, durante su visita.\u00a0<\/p>\n<p>Corea del Norte tambi\u00e9n estar\u00e1 en la agenda. El pa\u00eds lanz\u00f3 varios misiles bal\u00edsticos el mi\u00e9rcoles.<\/p>\n<p>Corea del Sur ha suspendido las visitas a partes de la Zona Desmilitarizada (DMZ) que separa a las dos Coreas, dijeron funcionarios el jueves, alimentando especulaciones sobre una nueva reuni\u00f3n entre Trump y el l\u00edder norcoreano Kim Jong Un.<\/p>\n<p>Trump ha dicho que espera reunirse nuevamente con Kim tras varias reuniones durante el primer mandato del presidente estadounidense, pero no ha habido confirmaci\u00f3n de los informes de que la Casa Blanca estuviera considerando una nueva reuni\u00f3n en esta ocasi\u00f3n.<\/p>\n<p>burs-dk\/jz\/mar<\/p>\n","protected":false},"excerpt":{"rendered":"afp_tickers Este contenido fue publicado en 23 octubre 2025 &#8211; 21:13 El presidente de Estados Unidos, Donald Trump,&hellip;\n","protected":false},"author":2,"featured_media":196737,"comment_status":"","ping_status":"","sticky":false,"template":"","format":"standard","meta":{"footnotes":""},"categories":[42],"tags":[17,18,83,13,14,11,61,62,63,86,64,19,20,9,10,15,16,88,90,12,21,22,65,66,67],"class_list":{"0":"post-196736","1":"post","2":"type-post","3":"status-publish","4":"format-standard","5":"has-post-thumbnail","7":"category-internacional","8":"tag-breaking-news","9":"tag-breakingnews","10":"tag-diplomacy","11":"tag-featured-news","12":"tag-featurednews","13":"tag-headlines","14":"tag-internacional","15":"tag-international","16":"tag-international-news","17":"tag-international-relations","18":"tag-internationalnews","19":"tag-latest-news","20":"tag-latestnews","21":"tag-news","22":"tag-noticias","23":"tag-noticias-destacadas","24":"tag-noticiasdestacadas","25":"tag-politics","26":"tag-ticker","27":"tag-titulares","28":"tag-ultimas-noticias","29":"tag-ultimasnoticias","30":"tag-world","31":"tag-world-news","32":"tag-worldnews"},"share_on_mastodon":{"url":"https:\/\/pubeurope.com\/@es\/115425226726892435","error":""},"_links":{"self":[{"href":"https:\/\/www.europesays.com\/es\/wp-json\/wp\/v2\/posts\/196736","targetHints":{"allow":["GET"]}}],"collection":[{"href":"https:\/\/www.europesays.com\/es\/wp-json\/wp\/v2\/posts"}],"about":[{"href":"https:\/\/www.europesays.com\/es\/wp-json\/wp\/v2\/types\/post"}],"author":[{"embeddable":true,"href":"https:\/\/www.europesays.com\/es\/wp-json\/wp\/v2\/users\/2"}],"replies":[{"embeddable":true,"href":"https:\/\/www.europesays.com\/es\/wp-json\/wp\/v2\/comments?post=196736"}],"version-history":[{"count":0,"href":"https:\/\/www.europesays.com\/es\/wp-json\/wp\/v2\/posts\/196736\/revisions"}],"wp:featuredmedia":[{"embeddable":true,"href":"https:\/\/www.europesays.com\/es\/wp-json\/wp\/v2\/media\/196737"}],"wp:attachment":[{"href":"https:\/\/www.europesays.com\/es\/wp-json\/wp\/v2\/media?parent=196736"}],"wp:term":[{"taxonomy":"category","embeddable":true,"href":"https:\/\/www.europesays.com\/es\/wp-json\/wp\/v2\/categories?post=196736"},{"taxonomy":"post_tag","embeddable":true,"href":"https:\/\/www.europesays.com\/es\/wp-json\/wp\/v2\/tags?post=196736"}],"curies":[{"name":"wp","href":"https:\/\/api.w.org\/{rel}","templated":true}]}}