{"id":196738,"date":"2025-10-23T19:52:09","date_gmt":"2025-10-23T19:52:09","guid":{"rendered":"https:\/\/www.europesays.com\/es\/196738\/"},"modified":"2025-10-23T19:52:09","modified_gmt":"2025-10-23T19:52:09","slug":"el-fuerte-temporal-de-viento-deja-varios-heridos-escuelas-evacuadas-y-un-banista-ahogado-en-cataluna-noticias-de-cataluna","status":"publish","type":"post","link":"https:\/\/www.europesays.com\/es\/196738\/","title":{"rendered":"El fuerte temporal de viento deja varios heridos, escuelas evacuadas y un ba\u00f1ista ahogado en Catalu\u00f1a | Noticias de Catalu\u00f1a"},"content":{"rendered":"<p class=\"\">Los f<a href=\"https:\/\/elpais.com\/noticias\/temporales\/\" target=\"_self\" rel=\"nofollow noopener\" title=\"https:\/\/elpais.com\/noticias\/temporales\/\">uertes vientos que este jueves azotan <\/a>buena parte de Catalu\u00f1a, con r\u00e1fagas m\u00e1ximas de m\u00e1s de 80 kil\u00f3metros por hora y acompa\u00f1ados de fuerte oleaje, <a href=\"https:\/\/elpais.com\/economia\/2025-10-14\/adif-mantiene-hasta-las-17-horas-los-cortes-de-tren-del-corredor-mediterraneo-en-castellon-y-tarragona.html\" target=\"_self\" rel=\"nofollow noopener\" title=\"https:\/\/elpais.com\/economia\/2025-10-14\/adif-mantiene-hasta-las-17-horas-los-cortes-de-tren-del-corredor-mediterraneo-en-castellon-y-tarragona.html\">han dejado a once personas heridas y un ba\u00f1ista ahogado<\/a>, adem\u00e1s de provocar la evacuaci\u00f3n de dos escuelas en Anglesola y T\u00e1rrega (Lleida).<\/p>\n<p class=\"\"><a href=\"https:\/\/elpais.com\/espana\/catalunya\/2025-10-13\/el-sur-de-cataluna-hace-balance-de-danos-por-alice-inundaciones-masivas-miles-de-coches-atrapados-y-escuelas-suspendidas.html\" target=\"_self\" rel=\"nofollow noopener\" title=\"https:\/\/elpais.com\/espana\/catalunya\/2025-10-13\/el-sur-de-cataluna-hace-balance-de-danos-por-alice-inundaciones-masivas-miles-de-coches-atrapados-y-escuelas-suspendidas.html\">Desde la madrugada de este jueves, el vendaval ha provocado un millar de llamadas al tel\u00e9fono 112 de emergencias<\/a>, lo que ha movilizado a los Bomberos de la Generalitat para intervenir en 649 incidencias, el grueso de ellas en el norte del \u00e1rea de metropolitana, por \u00e1rboles ca\u00eddos, mobiliario urbano arrastrado o elementos descolgados de fachadas de edificios.<\/p>\n<p class=\"\"><b>Cortes de tren y apagones <\/b><\/p>\n<p class=\"\">Por las incidencias causadas por el viento, el Sistema de Emergencias M\u00e9dicas (SEM) ha atendido, hasta las 17:00 horas, a un total de 26 personas afectadas, once de las cuales han sido trasladadas a distintos centros sanitarios con heridas de diversa consideraci\u00f3n, ocho de ellas de car\u00e1cter menos grave.<\/p>\n<p class=\"\">Aunque no ha causado ning\u00fan herido, el fuerte viento ha provocado da\u00f1os en la estructura de dos escuelas de los municipios leridanos de Anglesola y T\u00e0rrega, lo que ha obligado a evacuar a los alumnos de ambos centros educativos.<\/p>\n<p class=\"\">En Anglesola, la cubierta de un pabell\u00f3n cercano se ha desprendido y ha ido a parar al techo de la escuela de Santa Creu, mientras el colegio Vedruna de T\u00e0rrega se ha desalojado por precauci\u00f3n cuando han empezado a caerse elementos de la cubierta de un nave cercana.<\/p>\n<p class=\"\">El vendaval ha afectado tambi\u00e9n a la red de cercan\u00edas: la R12 se ha tenido que cortar entre Manresa y Calaf por la ca\u00edda de un \u00e1rbol en la catenaria, lo que ha dejado atrapado un tren que ha tenido que ser remolcado hasta la estaci\u00f3n, mientras un toldo de pl\u00e1stico de grandes dimensiones arrastrado a la v\u00eda ha interrumpido el servicio de la R-1 entre El Clot y Sant Adri\u00e0 de Bes\u00f2s.<\/p>\n<p class=\"\">El tendido el\u00e9ctrico no ha quedado a salvo del temporal. Las fuertes ventadas han causado una aver\u00eda que ha dejado sin luz a 3.640 abonados de las poblaciones barcelonesas de Sant Vicen\u00e7 dels Horts y Vallirana.<\/p>\n<p class=\"\">La red viaria catalana tambi\u00e9n ha soportado los estragos del viento, con cortes puntuales en la C-16, en Vacarisses; en la B-23, en Esplugues de Llobregat; en l\u2019AP-7, en Barber\u00e0 del Vall\u00e8s, y en la N-420, en Pradell de la Teixeta.<\/p>\n<p class=\"\"><b>Un ba\u00f1ista ahogado en Tarragona<\/b><\/p>\n<p class=\"\">El vendaval ha ido acompa\u00f1ado de mala mar en buena parte del litoral catal\u00e1n. En Tarragona, de hecho, ha muerto un hombre y una mujer ha tenido que ser rescatada cuando se ba\u00f1aban en la Cala de la Roca Plana, entre un fuerte oleaje.<\/p>\n<p class=\"\">El viento, de componente oeste, ha soplado al m\u00e1ximo de intensidad a primeras horas de la tarde, cuando se han registrado r\u00e1fagas de hasta 83,5 kil\u00f3metros por hora en La Panadella (Barcelona), 84,6 en Montserrat y 75,2 en el parque natural de El Garraf, seg\u00fan datos del Servicio Meteorol\u00f3gico de Catalu\u00f1a.<\/p>\n<p class=\"\">Protecci\u00f3n Civil mantiene la alerta del plan de emergencias Ventcat que activ\u00f3 ante la previsi\u00f3n del vendaval, aunque las previsiones meteorol\u00f3gicas apuntan a que el viento va a ir perdiendo intensidad con la ca\u00edda de la tarde. <\/p>\n<p class=\"\">En Barcelona, se han cerrado los parques y jardines de la ciudad para prevenir incidentes por las ca\u00eddas de \u00e1rboles y mobiliario urbano, mientras el Ayuntamiento activaba en fase de alerta su plan de emergencias.<\/p>\n","protected":false},"excerpt":{"rendered":"Los fuertes vientos que este jueves azotan buena parte de Catalu\u00f1a, con r\u00e1fagas m\u00e1ximas de m\u00e1s de 80&hellip;\n","protected":false},"author":2,"featured_media":196739,"comment_status":"","ping_status":"","sticky":false,"template":"","format":"standard","meta":{"footnotes":""},"categories":[8],"tags":[26105,210,4343,17,18,1980,25,24,13,14,11,11225,19,20,9,10,15,16,3318,23,21985,12,21,22,6641],"class_list":{"0":"post-196738","1":"post","2":"type-post","3":"status-publish","4":"format-standard","5":"has-post-thumbnail","7":"category-espana","8":"tag-ahogamientos","9":"tag-barcelona","10":"tag-bomberos","11":"tag-breaking-news","12":"tag-breakingnews","13":"tag-cataluna","14":"tag-es","15":"tag-espana","16":"tag-featured-news","17":"tag-featurednews","18":"tag-headlines","19":"tag-heridos","20":"tag-latest-news","21":"tag-latestnews","22":"tag-news","23":"tag-noticias","24":"tag-noticias-destacadas","25":"tag-noticiasdestacadas","26":"tag-renfe","27":"tag-spain","28":"tag-temporales","29":"tag-titulares","30":"tag-ultimas-noticias","31":"tag-ultimasnoticias","32":"tag-viento"},"share_on_mastodon":{"url":"https:\/\/pubeurope.com\/@es\/115425230531412529","error":""},"_links":{"self":[{"href":"https:\/\/www.europesays.com\/es\/wp-json\/wp\/v2\/posts\/196738","targetHints":{"allow":["GET"]}}],"collection":[{"href":"https:\/\/www.europesays.com\/es\/wp-json\/wp\/v2\/posts"}],"about":[{"href":"https:\/\/www.europesays.com\/es\/wp-json\/wp\/v2\/types\/post"}],"author":[{"embeddable":true,"href":"https:\/\/www.europesays.com\/es\/wp-json\/wp\/v2\/users\/2"}],"replies":[{"embeddable":true,"href":"https:\/\/www.europesays.com\/es\/wp-json\/wp\/v2\/comments?post=196738"}],"version-history":[{"count":0,"href":"https:\/\/www.europesays.com\/es\/wp-json\/wp\/v2\/posts\/196738\/revisions"}],"wp:featuredmedia":[{"embeddable":true,"href":"https:\/\/www.europesays.com\/es\/wp-json\/wp\/v2\/media\/196739"}],"wp:attachment":[{"href":"https:\/\/www.europesays.com\/es\/wp-json\/wp\/v2\/media?parent=196738"}],"wp:term":[{"taxonomy":"category","embeddable":true,"href":"https:\/\/www.europesays.com\/es\/wp-json\/wp\/v2\/categories?post=196738"},{"taxonomy":"post_tag","embeddable":true,"href":"https:\/\/www.europesays.com\/es\/wp-json\/wp\/v2\/tags?post=196738"}],"curies":[{"name":"wp","href":"https:\/\/api.w.org\/{rel}","templated":true}]}}