{"id":196762,"date":"2025-10-23T20:05:11","date_gmt":"2025-10-23T20:05:11","guid":{"rendered":"https:\/\/www.europesays.com\/es\/196762\/"},"modified":"2025-10-23T20:05:11","modified_gmt":"2025-10-23T20:05:11","slug":"presentaron-un-libro-en-la-uba-que-estudia-los-desafios-estructurales-de-la-economia-argentina","status":"publish","type":"post","link":"https:\/\/www.europesays.com\/es\/196762\/","title":{"rendered":"Presentaron un libro en la UBA que estudia los desaf\u00edos estructurales de la econom\u00eda argentina"},"content":{"rendered":"<p><img alt=\"Andr\u00e9s L\u00f3pez\u00a0y\u00a0Diego Petrecolla, los autores\" class=\"global-image\" decoding=\"async\" fetchpriority=\"high\" height=\"1080\" loading=\"eager\" src=\"https:\/\/www.europesays.com\/es\/wp-content\/uploads\/2025\/10\/M544WFKNCFCOFOH7BSPPCAYNVY.jpg\" width=\"1920\"\/>Andr\u00e9s L\u00f3pez\u00a0y\u00a0Diego Petrecolla, los autores de \u00abPensando el desarrollo econ\u00f3mico argentino\u00bb, este jueves durante la presentaci\u00f3n de libro <\/p>\n<p class=\"paragraph\">La <b>Facultad de Ciencias Econ\u00f3micas de la UBA<\/b> se convirti\u00f3 en sede del lanzamiento de una obra que, seg\u00fan sus autores, busca interpelar a los debates sobre el rumbo futuro del pa\u00eds. El nuevo libro, titulado <b>\u201cPensando el desarrollo econ\u00f3mico argentino\u201d<\/b>, re\u00fane investigaciones realizadas por el <b>Instituto Interdisciplinario de Econom\u00eda Pol\u00edtica (IIEP UBA-Conicet)<\/b> y promueve el an\u00e1lisis de cuestiones de pol\u00edtica fiscal, social, inserci\u00f3n internacional, energ\u00eda, miner\u00eda y medio ambiente.<\/p>\n<p class=\"paragraph\">El evento tuvo lugar este jueves a cargo de sus autores, <b>Andr\u00e9s L\u00f3pez<\/b> y <b>Diego Petrecolla. <\/b>La propuesta apunta a trascender la coyuntura pol\u00edtica y econ\u00f3mica del pa\u00eds, con foco en la calidad acad\u00e9mica de los diagn\u00f3sticos y el objetivo de incidir en el debate p\u00fablico.<\/p>\n<p class=\"paragraph\">El propio <b>L\u00f3pez<\/b> explic\u00f3 el sentido del libro durante la jornada: \u201cEstos son momentos dif\u00edciles para la universidad p\u00fablica, y es necesario dar el debate y mostrar que producimos conocimiento acad\u00e9micamente riguroso y socialmente relevante. El libro nos permite abordar diez temas claves para el desarrollo en base a papers de la pol\u00edtica social y fiscal, energ\u00eda, miner\u00eda, agricultura, comercio, medio ambiente y otros, en un contexto donde en Argentina no se discute una agenda de largo plazo\u201d.<\/p>\n<p class=\"paragraph\">A lo largo de sus cap\u00edtulos, la nueva obra identifica limitaciones hist\u00f3ricas del crecimiento argentino y examina <b>la inestabilidad estructural, el bajo crecimiento y el desaf\u00edo de la productividad<\/b>, temas que los especialistas consideran centrales en el desarrollo nacional. Los textos elaborados por integrantes del <b>IIEP<\/b> abordan el papel de la <b>pol\u00edtica fiscal<\/b>, <b>el sistema tributario<\/b> y el <b>gasto social<\/b> en el contexto nacional actual.<\/p>\n<p><img alt=\"La portada del libro de\" class=\"global-image\" decoding=\"async\" fetchpriority=\"low\" height=\"2880\" loading=\"lazy\" src=\"https:\/\/www.europesays.com\/es\/wp-content\/uploads\/2025\/10\/TS6Q4A5Q45C7TMF4YD3O343A3I.jpg\" width=\"1920\"\/>La portada del libro de Andr\u00e9s L\u00f3pez y Diego Petrecolla<\/p>\n<p class=\"paragraph\">En tanto,<b> Petrecolla<\/b> subray\u00f3 la relaci\u00f3n entre la academia y el mundo pol\u00edtico: \u201cEl mundo acad\u00e9mico no est\u00e1 alejado del mundo pol\u00edtico, ya que varios de los que colaboraron con sus textos participaron de la pol\u00edtica p\u00fablica, ya sea como funcionarios o como asesores. Y el libro muestra eso, a pesar de que los autores quiz\u00e1s no compartamos algunas ideas\u201d.<\/p>\n<p class=\"paragraph\">En la nueva publicaci\u00f3n, los colaboradores del <b>IIEP<\/b> abren el panorama e incorporan un enfoque que trasciende el corto plazo habitual. Temas como <b>la inserci\u00f3n internacional de Argentina, la defensa de la competencia y la agenda ambiental<\/b> forman parte de los ejes de an\u00e1lisis, seg\u00fan plante\u00f3 el equipo que coordin\u00f3 el libro. En las p\u00e1ginas tambi\u00e9n hay espacio para la <b>bioeconom\u00eda, la agricultura 4.0<\/b> y la <b>econom\u00eda espacial<\/b>, conceptos que los investigadores consideran estrat\u00e9gicos a futuro.<\/p>\n<p class=\"paragraph\">El libro toma como punto de partida la idea de que la <b>estabilizaci\u00f3n macroecon\u00f3mica<\/b> resulta una condici\u00f3n necesaria para la Argentina, pero no suficiente para garantizar un desarrollo <b>sostenible e inclusivo<\/b>. Bajo ese encuadre, la obra se propone abrir debates rigurosos sobre la productividad, la inclusi\u00f3n social y la sostenibilidad ambiental, asuntos que han generado consenso como obst\u00e1culos estructurales del pa\u00eds.<\/p>\n<p><img alt=\"La nueva obra identifica limitaciones\" class=\"global-image\" decoding=\"async\" fetchpriority=\"low\" height=\"1080\" loading=\"lazy\" src=\"https:\/\/www.europesays.com\/es\/wp-content\/uploads\/2025\/10\/M2XG6FNXJNGV5OZN54VHFK5FVU.jpg\" width=\"1920\"\/>La nueva obra identifica limitaciones hist\u00f3ricas del crecimiento argentino y examina\u00a0la inestabilidad estructural, el bajo crecimiento y el desaf\u00edo de la productividad<\/p>\n<p class=\"paragraph\">En su presentaci\u00f3n, <b>L\u00f3pez<\/b> insisti\u00f3 en la importancia de que la universidad p\u00fablica promueva la discusi\u00f3n de largo plazo. Asegur\u00f3 que la <b>Facultad de Ciencias Econ\u00f3micas<\/b> ofrece un espacio id\u00f3neo para el desarrollo de ideas y propuestas por su rol en la formaci\u00f3n de profesionales y la producci\u00f3n de investigaci\u00f3n aplicada.<\/p>\n<p class=\"paragraph\">Por su parte, <b>Petrecolla<\/b> remarc\u00f3 que el <b>libro<\/b> refleja la experiencia de quienes, adem\u00e1s de ser acad\u00e9micos, participaron en la gesti\u00f3n p\u00fablica o asesoraron a diferentes administraciones. \u201cEl mundo acad\u00e9mico no est\u00e1 alejado del mundo pol\u00edtico, ya que varios de los que colaboraron con sus textos participaron de la pol\u00edtica p\u00fablica, ya sea como funcionarios o como asesores. Y el libro muestra eso, a pesar de que los autores quiz\u00e1s no compartamos algunas ideas\u201d, sostuvo ante los asistentes.<\/p>\n<p class=\"paragraph\">El alcance de los trabajos reunidos recorre tem\u00e1ticas como el dise\u00f1o del sistema tributario nacional, el papel de la pol\u00edtica social, el desarrollo de los sectores de energ\u00eda y miner\u00eda, el impacto de la bioeconom\u00eda, estrategias de inserci\u00f3n internacional y mecanismos de defensa de la competencia, adem\u00e1s de perspectivas vinculadas a la econom\u00eda espacial y la agenda ambiental.<\/p>\n<p class=\"paragraph\">En cuanto al enfoque, la obra utiliza un lenguaje claro y accesible con la intenci\u00f3n de \u201ctender puentes de di\u00e1logo entre la investigaci\u00f3n acad\u00e9mica y el dise\u00f1o de pol\u00edticas p\u00fablicas, y fomentar el debate y el di\u00e1logo entre los distintos actores sociales, paso imprescindible para lograr consensos en torno a los desaf\u00edos del presente y del futuro\u201d, explic\u00f3 el equipo del IIEP.<\/p>\n<p class=\"paragraph\">La propuesta incluye diagn\u00f3sticos con metodolog\u00eda cient\u00edfica sobre las principales dificultades hist\u00f3ricas y estructurales de la econom\u00eda argentina. Cada cap\u00edtulo se apoya en investigaciones y evidencia recopilada por el Instituto Interdisciplinario de Econom\u00eda Pol\u00edtica, con la participaci\u00f3n de especialistas que, seg\u00fan los compiladores, han colaborado tanto desde el rol acad\u00e9mico como desde experiencias directas en la gesti\u00f3n p\u00fablica y la asesor\u00eda de organismos estatales.<\/p>\n<p class=\"paragraph\">Los coordinadores enfatizaron que el libro no busca ofrecer recetas \u00fanicas ni unanimidad de enfoques, sino contribuir a la discusi\u00f3n colectiva sobre los horizontes posibles de desarrollo para la Argentina, desde una perspectiva basada en el an\u00e1lisis multidisciplinario y el respaldo emp\u00edrico.<\/p>\n<p class=\"paragraph\">En el evento de lanzamiento, los autores convocaron a continuar el debate en el \u00e1mbito acad\u00e9mico y en el espacio p\u00fablico, sosteniendo que la formaci\u00f3n de consensos requiere diagn\u00f3sticos ampliamente fundamentados y la generaci\u00f3n de puentes entre distintos sectores sociales, pol\u00edticos y productivos.<\/p>\n","protected":false},"excerpt":{"rendered":"Andr\u00e9s L\u00f3pez\u00a0y\u00a0Diego Petrecolla, los autores de \u00abPensando el desarrollo econ\u00f3mico argentino\u00bb, este jueves durante la presentaci\u00f3n de libro&hellip;\n","protected":false},"author":2,"featured_media":196763,"comment_status":"","ping_status":"","sticky":false,"template":"","format":"standard","meta":{"footnotes":""},"categories":[172],"tags":[224,146,147,25,24,225,23],"class_list":{"0":"post-196762","1":"post","2":"type-post","3":"status-publish","4":"format-standard","5":"has-post-thumbnail","7":"category-libros","8":"tag-books","9":"tag-entertainment","10":"tag-entretenimiento","11":"tag-es","12":"tag-espana","13":"tag-libros","14":"tag-spain"},"share_on_mastodon":{"url":"https:\/\/pubeurope.com\/@es\/115425281777688243","error":""},"_links":{"self":[{"href":"https:\/\/www.europesays.com\/es\/wp-json\/wp\/v2\/posts\/196762","targetHints":{"allow":["GET"]}}],"collection":[{"href":"https:\/\/www.europesays.com\/es\/wp-json\/wp\/v2\/posts"}],"about":[{"href":"https:\/\/www.europesays.com\/es\/wp-json\/wp\/v2\/types\/post"}],"author":[{"embeddable":true,"href":"https:\/\/www.europesays.com\/es\/wp-json\/wp\/v2\/users\/2"}],"replies":[{"embeddable":true,"href":"https:\/\/www.europesays.com\/es\/wp-json\/wp\/v2\/comments?post=196762"}],"version-history":[{"count":0,"href":"https:\/\/www.europesays.com\/es\/wp-json\/wp\/v2\/posts\/196762\/revisions"}],"wp:featuredmedia":[{"embeddable":true,"href":"https:\/\/www.europesays.com\/es\/wp-json\/wp\/v2\/media\/196763"}],"wp:attachment":[{"href":"https:\/\/www.europesays.com\/es\/wp-json\/wp\/v2\/media?parent=196762"}],"wp:term":[{"taxonomy":"category","embeddable":true,"href":"https:\/\/www.europesays.com\/es\/wp-json\/wp\/v2\/categories?post=196762"},{"taxonomy":"post_tag","embeddable":true,"href":"https:\/\/www.europesays.com\/es\/wp-json\/wp\/v2\/tags?post=196762"}],"curies":[{"name":"wp","href":"https:\/\/api.w.org\/{rel}","templated":true}]}}