{"id":196784,"date":"2025-10-23T20:17:16","date_gmt":"2025-10-23T20:17:16","guid":{"rendered":"https:\/\/www.europesays.com\/es\/196784\/"},"modified":"2025-10-23T20:17:16","modified_gmt":"2025-10-23T20:17:16","slug":"ciudad-real-ya-espera-al-barca","status":"publish","type":"post","link":"https:\/\/www.europesays.com\/es\/196784\/","title":{"rendered":"Ciudad Real ya espera al Bar\u00e7a"},"content":{"rendered":"<p>Este fin de semana Ciudad Real va a vivir una aut\u00e9ntica fiesta gracias al <a target=\"_blank\" rel=\"noopener noreferrer nofollow\" href=\"https:\/\/www.instagram.com\/balonmano_caserio\/\">Balonmano Caser\u00edo<\/a>. Durante toda la semana anterior, cuando se pusieron a la venta las entradas anticipadas, algo en la ciudad se ha reactivado. El amarillo ha te\u00f1ido las calles y el tema de conversaci\u00f3n en los corrillos lo ha monopolizado un partido que ser\u00e1 hist\u00f3rico para la ciudad. <\/p>\n<p>Hac\u00eda muchos a\u00f1os que se esperaba con entusiasmo la vuelta de este tipo de enfrentamientos en la m\u00e1xima categor\u00eda nacional del balonmano y ahora, se est\u00e1 pudiendo saborear de esa forma especial que se produce en las primeras veces. <\/p>\n<p>De alguna forma, la ciudad se ha tenido que pellizcar para darse cuenta que lo que est\u00e1 ocurriendo no es un sue\u00f1o, sino que es el fruto del trabajo y la ilusi\u00f3n de una entidad que ha ido creciendo a\u00f1o tras a\u00f1o para devolver al Quijote Arena aquellos partidos que calaron hondo en el ADN de una poblaci\u00f3n que nunca olvid\u00f3 que esto fue la capital europea de este deporte. <\/p>\n<p>Con el ascenso a Asobal del Balonmano Caser\u00edo se aseguraba que este a\u00f1o volver\u00edan a pasear por estas calles algunos de los mejores clubes y jugadores del mundo y si hay un equipo que encarne esa vitola es precisamente el FC Barcelona. <\/p>\n<p><img decoding=\"async\" fetchpriority=\"high\" width=\"1095\" height=\"730\" src=\"https:\/\/www.europesays.com\/es\/wp-content\/uploads\/2025\/10\/Partido-BM-Caserio-Barca-Foto-Foto-J.-Jurado-5-1095x730.jpg\" alt=\"Partido BM Caser\u00edo - Bar\u00e7a \/  J. Jurado\"  \/><\/p>\n<p>Partido BM Caser\u00edo \u2013 Bar\u00e7a B la pasada temporada\/  J. Jurado<\/p>\n<p>Es el encuentro contra los catalanes uno de los que m\u00e1s ilusi\u00f3n hac\u00eda y se ha notado en la avalancha que se ha producido en las taquillas con peticiones de numerosos puntos de toda Espa\u00f1a -incluso fuera de ella- que colgar\u00e1n el no hay billetes, para vivir una aut\u00e9ntica fiesta. <\/p>\n<p>Ya los \u00faltimos a\u00f1os se disfrut\u00f3 en Plata de las visitas del Bar\u00e7a B, un pre\u00e1mbulo que cobrar\u00e1 sentido este domingo cuando suene la bocina y se vea a los de Santi Urdiales plantar cara al campeon\u00edsimo; de t\u00fa a t\u00fa, sin complejos, con mucho que ganar y poco que lamentar si llega una derrota. <\/p>\n<p>M\u00e1s de 5.400 entradas retiradas para ver al Bar\u00e7a<\/p>\n<p>Hasta este jueves, <strong><a target=\"_blank\" rel=\"noopener noreferrer nofollow\" href=\"https:\/\/www.lanzadigital.com\/deportes\/balonmano\/division-de-honor-masculina-balonmano\/el-balonmano-caserio-abre-este-martes-la-venta-de-entradas-para-el-partido-frente-al-barca\/\">ya se han retirado m\u00e1s de 5.400 entradas<\/a><\/strong>, seg\u00fan las cifras ofrecidas por el propio Balonmano Caser\u00edo. Estiman desde la entidad que el domingo se puedan superar los 5.500 espectadores, \u00absi asisten al menos el 90% de los socios infantiles\u00bb.<\/p>\n<p>Tal ha sido la expectaci\u00f3n generada que estos d\u00edas en las oficinas del club se han recibido numerosas llamadas y correos electr\u00f3nicos para ser parte de esta jornada que ser\u00e1 hist\u00f3rica. \u00abHa habido peticiones incluso desde fuera de Espa\u00f1a. Hay una familia francesa que viene expresamente para que sus hijos vean el Quijote Arena lleno y vivan un partido que ser\u00e1 hist\u00f3rico. Van y vuelven\u00bb, destacan con los ojos abiertos, con esa ilusi\u00f3n que se produce cuando se gestan las cosas incre\u00edbles. <\/p>\n<p>El equipo cul\u00e9 llegar\u00e1 en tren a la capital provincial este viernes a media tarde (19:17 horas seg\u00fan horario RENFE), para hacer noche en un hotel cercano al pabell\u00f3n ciudadreale\u00f1o, donde el domingo a las 12:30 se ver\u00e1 las caras con el BM Caser\u00edo. <\/p>\n<p>\t\t\t\t<script async src=\"\/\/www.instagram.com\/embed.js\"><\/script><\/p>\n","protected":false},"excerpt":{"rendered":"Este fin de semana Ciudad Real va a vivir una aut\u00e9ntica fiesta gracias al Balonmano Caser\u00edo. Durante toda&hellip;\n","protected":false},"author":2,"featured_media":196785,"comment_status":"","ping_status":"","sticky":false,"template":"","format":"standard","meta":{"footnotes":""},"categories":[278],"tags":[376,168,25,24,375,23,167],"class_list":{"0":"post-196784","1":"post","2":"type-post","3":"status-publish","4":"format-standard","5":"has-post-thumbnail","7":"category-balonmano","8":"tag-balonmano","9":"tag-deportes","10":"tag-es","11":"tag-espana","12":"tag-handball","13":"tag-spain","14":"tag-sports"},"share_on_mastodon":{"url":"https:\/\/pubeurope.com\/@es\/115425328839675082","error":""},"_links":{"self":[{"href":"https:\/\/www.europesays.com\/es\/wp-json\/wp\/v2\/posts\/196784","targetHints":{"allow":["GET"]}}],"collection":[{"href":"https:\/\/www.europesays.com\/es\/wp-json\/wp\/v2\/posts"}],"about":[{"href":"https:\/\/www.europesays.com\/es\/wp-json\/wp\/v2\/types\/post"}],"author":[{"embeddable":true,"href":"https:\/\/www.europesays.com\/es\/wp-json\/wp\/v2\/users\/2"}],"replies":[{"embeddable":true,"href":"https:\/\/www.europesays.com\/es\/wp-json\/wp\/v2\/comments?post=196784"}],"version-history":[{"count":0,"href":"https:\/\/www.europesays.com\/es\/wp-json\/wp\/v2\/posts\/196784\/revisions"}],"wp:featuredmedia":[{"embeddable":true,"href":"https:\/\/www.europesays.com\/es\/wp-json\/wp\/v2\/media\/196785"}],"wp:attachment":[{"href":"https:\/\/www.europesays.com\/es\/wp-json\/wp\/v2\/media?parent=196784"}],"wp:term":[{"taxonomy":"category","embeddable":true,"href":"https:\/\/www.europesays.com\/es\/wp-json\/wp\/v2\/categories?post=196784"},{"taxonomy":"post_tag","embeddable":true,"href":"https:\/\/www.europesays.com\/es\/wp-json\/wp\/v2\/tags?post=196784"}],"curies":[{"name":"wp","href":"https:\/\/api.w.org\/{rel}","templated":true}]}}