{"id":196788,"date":"2025-10-23T20:23:08","date_gmt":"2025-10-23T20:23:08","guid":{"rendered":"https:\/\/www.europesays.com\/es\/196788\/"},"modified":"2025-10-23T20:23:08","modified_gmt":"2025-10-23T20:23:08","slug":"unai-iribar-renueva-hasta-2027-con-kern-pharma","status":"publish","type":"post","link":"https:\/\/www.europesays.com\/es\/196788\/","title":{"rendered":"Unai Iribar renueva hasta 2027 con Kern Pharma"},"content":{"rendered":"<p class=\"v-mdl-ath__p v-mdl-ath__p--2\">\nLuca Corsi\n<\/p>\n<p class=\"v-mdl-ath__p v-mdl-ath__p--3\">\nSan Sebasti\u00e1n\n<\/p>\n<p class=\"v-mdl-ath__p v-mdl-ath__p--6\">\nJueves, 23 de octubre 2025, 17:03<\/p>\n<p class=\"v-p\">Movimiento en los equipos vascos de categor\u00eda Pro-Team, que buscan reforzar sus plantillas con renovaciones o incorporaciones. Unai Iribar (Ibarra, 26 a\u00f1os) ha alcanzado  &#8230; un acuerdo de renovaci\u00f3n con Kern Pharma para continuar dos temporadas m\u00e1s en sus filas, hasta 2027. Tras dar el salto a profesional de la mano de Euskaltel-Euskadi en agosto de 2021, Iribar recal\u00f3 en el conjunto navarro en 2024 con un contrato de dos a\u00f1os que llegaba a su fin. En los compases finales del presente curso, en septiembre, termin\u00f3 s\u00e9ptimo en el Giro della Romagna.<\/p>\n<p class=\"v-p\">Euskaltel, por su parte, ha alcanzado un acuerdo con Unai Aznar (Cortes, 23 a\u00f1os) para incorporarle a su plantilla, procedente del Kern Pharma. Firma para 2026. Su hermano Hugo sigue en el conjunto dirigido por Juanjo Oroz.<\/p>\n<p class=\"v-p\">Caja Rural, por otro lado, vuelve a depositar su confianza en Julen Arriola-Bengoa (Erentxun, 24 a\u00f1os). Garantiza su concurso para el pr\u00f3ximo a\u00f1o con la prolongaci\u00f3n del contrato. Ser\u00e1 el cuarto en el seno de la formaci\u00f3n navarra.<\/p>\n<p class=\"v-crt__t\"> L\u00edmite de sesiones alcanzadas<\/p>\n<p class=\"v-crt__p\">El acceso al contenido Premium est\u00e1 abierto por cortes\u00eda del establecimiento donde te encuentras, pero ahora mismo hay demasiados usuarios conectados a las vez.<\/p>\n<p class=\"v-crt__p\">Por favor, int\u00e9ntalo pasados unos minutos.<\/p>\n<p>\nVolver a intentar\n<\/p>\n<p class=\"v-crt__t\">Sesi\u00f3n cerrada<\/p>\n<p class=\"v-crt__p\">Al iniciar sesi\u00f3n desde un dispositivo distinto, por seguridad, se cerr\u00f3 la \u00faltima sesi\u00f3n en este.<\/p>\n<p class=\"v-crt__p\">Para continuar disfrutando de su suscripci\u00f3n digital, inicie sesi\u00f3n en este dispositivo.<\/p>\n<p>\nEste contenido es exclusivo para suscriptores\n<\/p>\n<p class=\"text\">\u00bfTienes una suscripci\u00f3n? <a href=\"https:\/\/secure.diariovasco.com\/identidad\/inicio#vca=suscribete&amp;vso=diariovasco&amp;vmc=on&amp;vli=cdn-ce-link-login\" class=\"login\" data-voc-vtm-id=\"comienzoSuscripcionON\" data-voc-vtm-info=\"cdn-ce-link-login\" rel=\"nofollow noopener\" target=\"_blank\">Inicia sesi\u00f3n<\/a><\/p>\n<p>Reporta un error<\/p>\n","protected":false},"excerpt":{"rendered":"Luca Corsi San Sebasti\u00e1n Jueves, 23 de octubre 2025, 17:03 Movimiento en los equipos vascos de categor\u00eda Pro-Team,&hellip;\n","protected":false},"author":2,"featured_media":196789,"comment_status":"","ping_status":"","sticky":false,"template":"","format":"standard","meta":{"footnotes":""},"categories":[273],"tags":[15609,313,312,168,25,24,33060,5803,5804,6656,23,167,15267],"class_list":{"0":"post-196788","1":"post","2":"type-post","3":"status-publish","4":"format-standard","5":"has-post-thumbnail","7":"category-ciclismo","8":"tag-15609","9":"tag-ciclismo","10":"tag-cycling","11":"tag-deportes","12":"tag-es","13":"tag-espana","14":"tag-iribar","15":"tag-kern","16":"tag-pharma","17":"tag-renueva","18":"tag-spain","19":"tag-sports","20":"tag-unai"},"share_on_mastodon":{"url":"https:\/\/pubeurope.com\/@es\/115425352375549009","error":""},"_links":{"self":[{"href":"https:\/\/www.europesays.com\/es\/wp-json\/wp\/v2\/posts\/196788","targetHints":{"allow":["GET"]}}],"collection":[{"href":"https:\/\/www.europesays.com\/es\/wp-json\/wp\/v2\/posts"}],"about":[{"href":"https:\/\/www.europesays.com\/es\/wp-json\/wp\/v2\/types\/post"}],"author":[{"embeddable":true,"href":"https:\/\/www.europesays.com\/es\/wp-json\/wp\/v2\/users\/2"}],"replies":[{"embeddable":true,"href":"https:\/\/www.europesays.com\/es\/wp-json\/wp\/v2\/comments?post=196788"}],"version-history":[{"count":0,"href":"https:\/\/www.europesays.com\/es\/wp-json\/wp\/v2\/posts\/196788\/revisions"}],"wp:featuredmedia":[{"embeddable":true,"href":"https:\/\/www.europesays.com\/es\/wp-json\/wp\/v2\/media\/196789"}],"wp:attachment":[{"href":"https:\/\/www.europesays.com\/es\/wp-json\/wp\/v2\/media?parent=196788"}],"wp:term":[{"taxonomy":"category","embeddable":true,"href":"https:\/\/www.europesays.com\/es\/wp-json\/wp\/v2\/categories?post=196788"},{"taxonomy":"post_tag","embeddable":true,"href":"https:\/\/www.europesays.com\/es\/wp-json\/wp\/v2\/tags?post=196788"}],"curies":[{"name":"wp","href":"https:\/\/api.w.org\/{rel}","templated":true}]}}