{"id":196790,"date":"2025-10-23T20:24:11","date_gmt":"2025-10-23T20:24:11","guid":{"rendered":"https:\/\/www.europesays.com\/es\/196790\/"},"modified":"2025-10-23T20:24:11","modified_gmt":"2025-10-23T20:24:11","slug":"checo-perez-predice-triunfo-de-verstappen-en-la-f1-2025","status":"publish","type":"post","link":"https:\/\/www.europesays.com\/es\/196790\/","title":{"rendered":"&#8216;Checo&#8217; P\u00e9rez predice triunfo de Verstappen en la F1 2025"},"content":{"rendered":"<p>M\u00e9xico (EFE).- El piloto mexicano Sergio \u2018Checo\u2019 P\u00e9rez, subcampe\u00f3n mundial del 2023, afirm\u00f3 este jueves que la consistencia que caracteriza al neerland\u00e9s Max Verstappen, de Red Bull, lo llevar\u00e1 a ganar el campeonato de la F\u00f3rmula Uno del 2025.<\/p>\n<p>\u00abCreo que por la consistencia que siempre ha mostrado, Max tiene muy buenas posibilidades de ganar el campeonato, sin duda es el piloto que m\u00e1s se lo merece\u00bb, se\u00f1al\u00f3 \u2018Checo\u2019 sobre Verstappen, quien marcha en tercer lugar en el campeonato de pilotos en esta temporada de F1.<\/p>\n<p>P\u00e9rez, quien dej\u00f3 a la escuder\u00eda Red Bull al final del 2024, habl\u00f3 en un evento previo a la d\u00e9cima edici\u00f3n del Gran Premio de M\u00e9xico de F\u00f3rmula 1 que se correr\u00e1 este fin de semana en el Aut\u00f3dromo Hermanos Rodr\u00edguez.<\/p>\n<p>El considerado mejor piloto mexicano de la historia reconoci\u00f3 que extra\u00f1ar\u00e1 estar en la pista, pero le consuela que el pr\u00f3ximo a\u00f1o volver\u00e1 como uno de los pilotos de la nueva escuder\u00eda Cadillac para correr su decimoquinta temporada en este serial.<\/p>\n<p>\u00abVa a ser diferente porque no voy a correr, pero ser\u00e1 incre\u00edble ver este d\u00e9cimo a\u00f1o fuera de la pista. Va a ser una bonita carrera, es raro estar aqu\u00ed y no correr, pero lo ver\u00e9 desde casa. S\u00f3lo ser\u00e1 este a\u00f1o, el que viene voy a estar de vuelta\u00bb, afirm\u00f3.<\/p>\n<p><img data-recalc-dims=\"1\" fetchpriority=\"high\" decoding=\"async\" width=\"900\" height=\"600\" src=\"https:\/\/www.europesays.com\/es\/wp-content\/uploads\/2025\/10\/MEX995-MEXICO-MOTOR-RACING-FORMULA-ONE.webp\" alt=\"\" class=\"wp-image-2240641\" style=\"width:980px;height:auto\"  \/>Fotograf\u00eda de archivo del piloto del equipo Cadillac de F\u00f3rmula 1, Sergio P\u00e9rez, durante una rueda de prensa en Ciudad de M\u00e9xico, M\u00e9xico. EFE\/Jos\u00e9 M\u00e9ndez<\/p>\n<p>Entusiasmo por su \u00faltima etapa<\/p>\n<p>P\u00e9rez, quien acumula 39 podios a lo largo de su carrera, se mostr\u00f3 entusiasmado por la que dijo ser\u00e1 su \u00faltima aventura con Cadillac en la F1.<\/p>\n<p>\u00abQuiero disfrutar mi regreso en esta \u00faltima etapa de mi carrera, estoy muy entusiasmado; ya tenemos todo listo, incluso el color del casco que voy a utilizar; va a ser negro\u00bb, detall\u00f3.<\/p>\n<p>El piloto destac\u00f3 el apoyo que ha tenido por parte de su nueva escuder\u00eda, a diferencia de lo que vivi\u00f3 en sus \u00faltimos a\u00f1os en Red Bull con Christian Horner, exdirector de equipo de esa escuder\u00eda.<\/p>\n<p>\u00abSiempre es bueno tener un equipo que te escucha y te valora, es lo que todo piloto desea tener. Ahora estoy metido en mucho trabajo con el simulador, vamos a tener unas pruebas en noviembre ya con mec\u00e1nicos e ingenieros para el arranque en enero\u00bb, explic\u00f3.<\/p>\n<p>P\u00e9rez estuvo con Red Bull entre 2021 y 2024, escuder\u00eda con la que termin\u00f3 en el cuarto lugar en el campeonato de pilotos en su primer a\u00f1o; acab\u00f3 tercero en 2022, fue subcampe\u00f3n en 2023 y culmin\u00f3 octavo el a\u00f1o pasado.<\/p>\n","protected":false},"excerpt":{"rendered":"M\u00e9xico (EFE).- El piloto mexicano Sergio \u2018Checo\u2019 P\u00e9rez, subcampe\u00f3n mundial del 2023, afirm\u00f3 este jueves que la consistencia&hellip;\n","protected":false},"author":2,"featured_media":196791,"comment_status":"","ping_status":"","sticky":false,"template":"","format":"standard","meta":{"footnotes":""},"categories":[270],"tags":[1763,168,25,24,306,271,272,1906,23,167],"class_list":{"0":"post-196790","1":"post","2":"type-post","3":"status-publish","4":"format-standard","5":"has-post-thumbnail","7":"category-formula-1","8":"tag-automovilismo","9":"tag-deportes","10":"tag-es","11":"tag-espana","12":"tag-f1","13":"tag-formula-1","14":"tag-formula1","15":"tag-mexico","16":"tag-spain","17":"tag-sports"},"share_on_mastodon":{"url":"https:\/\/pubeurope.com\/@es\/115425356691625115","error":""},"_links":{"self":[{"href":"https:\/\/www.europesays.com\/es\/wp-json\/wp\/v2\/posts\/196790","targetHints":{"allow":["GET"]}}],"collection":[{"href":"https:\/\/www.europesays.com\/es\/wp-json\/wp\/v2\/posts"}],"about":[{"href":"https:\/\/www.europesays.com\/es\/wp-json\/wp\/v2\/types\/post"}],"author":[{"embeddable":true,"href":"https:\/\/www.europesays.com\/es\/wp-json\/wp\/v2\/users\/2"}],"replies":[{"embeddable":true,"href":"https:\/\/www.europesays.com\/es\/wp-json\/wp\/v2\/comments?post=196790"}],"version-history":[{"count":0,"href":"https:\/\/www.europesays.com\/es\/wp-json\/wp\/v2\/posts\/196790\/revisions"}],"wp:featuredmedia":[{"embeddable":true,"href":"https:\/\/www.europesays.com\/es\/wp-json\/wp\/v2\/media\/196791"}],"wp:attachment":[{"href":"https:\/\/www.europesays.com\/es\/wp-json\/wp\/v2\/media?parent=196790"}],"wp:term":[{"taxonomy":"category","embeddable":true,"href":"https:\/\/www.europesays.com\/es\/wp-json\/wp\/v2\/categories?post=196790"},{"taxonomy":"post_tag","embeddable":true,"href":"https:\/\/www.europesays.com\/es\/wp-json\/wp\/v2\/tags?post=196790"}],"curies":[{"name":"wp","href":"https:\/\/api.w.org\/{rel}","templated":true}]}}