{"id":196796,"date":"2025-10-23T20:27:17","date_gmt":"2025-10-23T20:27:17","guid":{"rendered":"https:\/\/www.europesays.com\/es\/196796\/"},"modified":"2025-10-23T20:27:17","modified_gmt":"2025-10-23T20:27:17","slug":"leonor-concierto-previo","status":"publish","type":"post","link":"https:\/\/www.europesays.com\/es\/196796\/","title":{"rendered":"Leonor concierto previo"},"content":{"rendered":"<p id=\"eFU4TAPCA5\" data-wc=\"100\">Ma\u00f1ana tendr\u00e1 lugar uno de los actos m\u00e1s destacados en el calendario de la Familia Real espa\u00f1ola,<strong>\u00a0la entrega de los Premios Princesa de Asturias<\/strong>, y los Reyes se encuentran ya en Oviedo junto a sus hijas. Esta noche han acudido al tradicional evento que se celebra siempre el d\u00eda antes en el Auditorio Palacio de Congresos Pr\u00edncipe Felipe, el<a class=\"hm-link ho-link\" href=\"https:\/\/www.hola.com\/moda\/20251023862531\/reina-letizia-look-concierto-premios-princesa-de-asturias-oviedo-recopilacion\/\" rel=\"noopener nofollow\" target=\"_blank\" data-mrf-recirculation=\"article-body-link\">\u00a0XXXIII Concierto Premios Princesa de Asturias<\/a>. Como era de esperar, la absoluta protagonista ha sido la princesa Leonor, quien ha brillado con un impecable y elegant\u00edsimo conjunto que reafirma su evoluci\u00f3n de estilo hacia una imagen m\u00e1s madura y profesional.<\/p>\n<p> <img src=\"https:\/\/www.europesays.com\/es\/wp-content\/uploads\/2025\/10\/e8c16c613f13-u593551014.jpg\"   width=\"1080\" height=\"1800\" loading=\"lazy\" decoding=\"async\" alt=\"Media Image\" fetchpriority=\"auto\" class=\"image ho-image\"\/>\u00a9 GTRES<\/p>\n<p> <img src=\"https:\/\/www.europesays.com\/es\/wp-content\/uploads\/2025\/10\/b44ad668dcef-gettyimages-2242832985.jpg\"   width=\"682\" height=\"1024\" loading=\"lazy\" decoding=\"async\" alt=\"Media Image\" fetchpriority=\"auto\" class=\"image ho-image\"\/>\u00a9 Getty Images<\/p>\n<p> <img src=\"https:\/\/www.europesays.com\/es\/wp-content\/uploads\/2025\/10\/2e851eca7ba7-europapress7050466familiarealreyfelipeivreinaletiziaprincesaleonorinf.jpg\"   width=\"753\" height=\"1024\" loading=\"lazy\" decoding=\"async\" alt=\"&#10;Ra\u00c3\u00bal Terrel \/ Europa Press&#10;FAMILIA REAL;PREMIOS;GENTE&#10;23\/10\/2025\" fetchpriority=\"auto\" class=\"image ho-image\"\/>\u00a9 Europa Press<\/p>\n<p id=\"ecnHe2DohkA\" data-wc=\"131\">En la mayor\u00eda de sus \u00faltimas apariciones p\u00fablicas en eventos de este estilo, la heredera al trono ha apostado por tonos neutros y sobrios como el blanco, el negro o el azul marino, el cual parece ser su preferido, al igual que el de su madre. Hace unos d\u00edas, <a class=\"hm-link ho-link\" href=\"https:\/\/www.hola.com\/moda\/20251009858872\/reina-letizia-por-que-viste-rojo-look-vestido-experta-analisis-estilo\/\" rel=\"noopener nofollow\" target=\"_blank\" data-mrf-recirculation=\"article-body-link\">Mar\u00eda Moreta, asesora de imagen y experta en colorimetr\u00eda<\/a>, nos explicaba que este es un color que irradia<strong>\u00a0serenidad, confianza y profesionalidad<\/strong>, elegancia y versatilidad: \u00abfunciona tanto para looks de d\u00eda como de noche, y que se asocia con la profesionalidad y la seriedad. Por tanto, es una elecci\u00f3n, desde mi punto de vista, perfecta para una mujer que quiere transmitir confianza, cercan\u00eda y saber estar. Adem\u00e1s, es un poco m\u00e1s juvenil y favorecedor que el negro, que dar\u00eda una profundidad excesiva\u00bb.<\/p>\n<p> <img src=\"https:\/\/www.europesays.com\/es\/wp-content\/uploads\/2025\/10\/1761251232_909_e7fc94e37513-dlu593551030.jpg\"   width=\"1024\" height=\"682\" loading=\"lazy\" decoding=\"async\" alt=\"LOS REYES, ACOMPA\u00d1ADOS POR SUS HIJAS, PRESIDEN EL TRADICIONAL CONCIERTO EN OVIEDO COMO INICIO DE LOS PREMIOS PRINCESA DE ASTURIAS\" fetchpriority=\"auto\" class=\"image ho-image\"\/>\u00a9 GTRES<\/p>\n<p> <img src=\"https:\/\/www.europesays.com\/es\/wp-content\/uploads\/2025\/10\/bede688e7550-dlu593551015.jpg\"   width=\"1024\" height=\"682\" loading=\"lazy\" decoding=\"async\" alt=\"Reina Letizia\" fetchpriority=\"auto\" class=\"image ho-image\"\/>\u00a9 GTRES<\/p>\n<p id=\"e7JVNgDoBh0\" data-wc=\"94\">En este caso, ha optado por un sencillo y atemporal pantal\u00f3n ancho que ha combinado con <strong>una chaqueta que marca la diferencia<\/strong>, una pieza estructurada con detalles bordados brillantes. Se trata, adem\u00e1s, de un dise\u00f1o con historia, puesto que esconde un bonito gui\u00f1o a Giorgio Armani, fallecido el pasado 4 de septiembre. Un mes m\u00e1s tarde, el 7 de octubre,<a class=\"hm-link ho-link\" href=\"https:\/\/www.hola.com\/moda\/20251007860080\/reina-letizia-look-bruselas-reyes-belgica-vestido-flores-armani\/\" rel=\"noopener nofollow\" target=\"_blank\" data-mrf-recirculation=\"article-body-link\">\u00a0la reina Letizia estren\u00f3 en Bruselas un look del dise\u00f1ador italiano\u00a0<\/a>a modo de homenaje, y ahora repite la estrategia su hija mayor: su nueva chaqueta es un modelo de la firma Emporio Armani.<\/p>\n<p> <img src=\"https:\/\/www.europesays.com\/es\/wp-content\/uploads\/2025\/10\/bf4e351476aa-gettyimages-2242835221.jpg\"   width=\"682\" height=\"1024\" loading=\"lazy\" decoding=\"async\" alt=\"Media Image\" fetchpriority=\"auto\" class=\"image ho-image\"\/>\u00a9 Getty Images<\/p>\n<p> <img src=\"https:\/\/www.europesays.com\/es\/wp-content\/uploads\/2025\/10\/ef05ec884a93-dlu593551002.jpg\"   width=\"1024\" height=\"682\" loading=\"lazy\" decoding=\"async\" alt=\"Media Image\" fetchpriority=\"auto\" class=\"image ho-image\"\/>\u00a9 GTRES<\/p>\n<p id=\"ejKOkscqw9c\" data-wc=\"74\">Se trata de una pieza de cuello a la caja, cierre de cremallera, manga larga con aberturas y bolsillos frontales <strong>confeccionada en un tejido de tweed\u00a0de l\u00farex\u00a0decorado con peque\u00f1as lentejuelas\u00a0<\/strong>que aportan sutiles destellos. Se encuentra disponible a trav\u00e9s de la tienda online de la firma por 610 euros. Ha completado el estilismo con un bolso de mano a tono de Massimo Dutti y salones de tac\u00f3n bajo en el mismo color.<\/p>\n<p> <img src=\"https:\/\/www.europesays.com\/es\/wp-content\/uploads\/2025\/10\/52a30daabc96-gettyimages-2242835202.jpg\"   width=\"682\" height=\"1024\" loading=\"lazy\" decoding=\"async\" alt=\"Media Image\" fetchpriority=\"auto\" class=\"image ho-image\"\/>\u00a9 Getty Images<\/p>\n<p id=\"e8I_5ylfDKK\" data-wc=\"54\">Ha lucido su larga melena rubia en un semirrecogido ondulado que dejaba mechones sueltos enmarcando el rostro, un peinado muy t\u00edpico de su hermana, y ha optado, como es habitual en ella, por un maquillaje natural y luminoso, marcando la mirada con m\u00e1scara de pesta\u00f1as y realzando la piel con un jugoso colorete rosado.<\/p>\n<p> <img src=\"https:\/\/www.europesays.com\/es\/wp-content\/uploads\/2025\/10\/a892d9e7feb5-dlu593551001.jpg\"   width=\"682\" height=\"1024\" loading=\"lazy\" decoding=\"async\" alt=\"Media Image\" fetchpriority=\"auto\" class=\"image ho-image\"\/>\u00a9 GTRES<br \/>\nUnos pendientes con gran valor sentimental<\/p>\n<p id=\"eLol9QFO6XUH\" data-wc=\"50\">En cuanto a las joyas, han destacado unos pendientes que, adem\u00e1s de ser espectaculares, cuentan con un gran valor sentimental para la Princesa. Son unos<strong>\u00a0aros en oro blanco y diamantes\u00a0<\/strong>que cuentan con una gran aguamarina colgante y desmontable en forma de l\u00e1grima, de la que hoy ha prescindido.\u00a0<\/p>\n<p> <img src=\"https:\/\/www.europesays.com\/es\/wp-content\/uploads\/2025\/10\/44a9af8029ac-europapress7050428familiarealreyfelipeivreinaletiziaprincesaleonorinf.jpg\"   width=\"1024\" height=\"727\" loading=\"lazy\" decoding=\"async\" alt=\"Reina Letizia\" fetchpriority=\"auto\" class=\"image ho-image\"\/>\u00a9 Europa Press<\/p>\n<p data-wc=\"68\" id=\"eBGw9shYB3\">La historia que guardan estas fabulosas piezas, con las que la Princesa ha intensificado y resaltado sus ojos azules, se remonta precisamente a la llegada al mundo de la primog\u00e9nita de los Reyes, <strong>ya que se las regal\u00f3 el rey Felipe VI a la reina Letizia cuando naci\u00f3 Leonor<\/strong>. Adem\u00e1s, tanto la Reina como la Princesa las llevaron en sus respectivos debuts en los Premios Princesa de Asturias.<\/p>\n","protected":false},"excerpt":{"rendered":"Ma\u00f1ana tendr\u00e1 lugar uno de los actos m\u00e1s destacados en el calendario de la Familia Real espa\u00f1ola,\u00a0la entrega&hellip;\n","protected":false},"author":2,"featured_media":196797,"comment_status":"","ping_status":"","sticky":false,"template":"","format":"standard","meta":{"footnotes":""},"categories":[174],"tags":[1024,255,146,147,25,24,256,1023,34665,811,1027,23],"class_list":{"0":"post-196796","1":"post","2":"type-post","3":"status-publish","4":"format-standard","5":"has-post-thumbnail","7":"category-famosos","8":"tag-actualidad-moda","9":"tag-celebrities","10":"tag-entertainment","11":"tag-entretenimiento","12":"tag-es","13":"tag-espana","14":"tag-famosos","15":"tag-moda","16":"tag-premios-princesa-de-asturias","17":"tag-princesa-leonor","18":"tag-realeza","19":"tag-spain"},"share_on_mastodon":{"url":"https:\/\/pubeurope.com\/@es\/115425368562108785","error":""},"_links":{"self":[{"href":"https:\/\/www.europesays.com\/es\/wp-json\/wp\/v2\/posts\/196796","targetHints":{"allow":["GET"]}}],"collection":[{"href":"https:\/\/www.europesays.com\/es\/wp-json\/wp\/v2\/posts"}],"about":[{"href":"https:\/\/www.europesays.com\/es\/wp-json\/wp\/v2\/types\/post"}],"author":[{"embeddable":true,"href":"https:\/\/www.europesays.com\/es\/wp-json\/wp\/v2\/users\/2"}],"replies":[{"embeddable":true,"href":"https:\/\/www.europesays.com\/es\/wp-json\/wp\/v2\/comments?post=196796"}],"version-history":[{"count":0,"href":"https:\/\/www.europesays.com\/es\/wp-json\/wp\/v2\/posts\/196796\/revisions"}],"wp:featuredmedia":[{"embeddable":true,"href":"https:\/\/www.europesays.com\/es\/wp-json\/wp\/v2\/media\/196797"}],"wp:attachment":[{"href":"https:\/\/www.europesays.com\/es\/wp-json\/wp\/v2\/media?parent=196796"}],"wp:term":[{"taxonomy":"category","embeddable":true,"href":"https:\/\/www.europesays.com\/es\/wp-json\/wp\/v2\/categories?post=196796"},{"taxonomy":"post_tag","embeddable":true,"href":"https:\/\/www.europesays.com\/es\/wp-json\/wp\/v2\/tags?post=196796"}],"curies":[{"name":"wp","href":"https:\/\/api.w.org\/{rel}","templated":true}]}}