{"id":196820,"date":"2025-10-23T20:41:11","date_gmt":"2025-10-23T20:41:11","guid":{"rendered":"https:\/\/www.europesays.com\/es\/196820\/"},"modified":"2025-10-23T20:41:11","modified_gmt":"2025-10-23T20:41:11","slug":"granollers-y-torrelavega-duelo-por-la-zona-alta","status":"publish","type":"post","link":"https:\/\/www.europesays.com\/es\/196820\/","title":{"rendered":"Granollers y Torrelavega, duelo por la zona alta"},"content":{"rendered":"<p data-start=\"225\" data-end=\"1151\">La <strong data-start=\"307\" data-end=\"338\">Divisi\u00f3n de Honor Masculina<\/strong> encara una s\u00e9ptima jornada cargada de emoci\u00f3n, en la que varios equipos buscan afianzarse en la zona noble mientras otros pelean por escapar del descenso. Partidos como el enfrentamiento entre el <strong data-start=\"535\" data-end=\"550\">Fraikin Granollers<\/strong> y el <strong data-start=\"556\" data-end=\"589\">Batcho Torrelavega<\/strong> prometen intensidad, igualdad y buen balonmano.<\/p>\n<p data-start=\"225\" data-end=\"1151\">El <strong data-start=\"228\" data-end=\"243\">REBI Cuenca<\/strong> ser\u00e1 el encargado de dar el pistoletazo de salida a la <strong data-start=\"299\" data-end=\"343\">Jornada 7 de Divisi\u00f3n de Honor Masculina<\/strong> al recibir al <strong data-start=\"358\" data-end=\"391\">Recoletas Atl\u00e9tico Valladolid<\/strong> el pr\u00f3ximo viernes 24 de octubre a las 19:00 h. El conjunto que actuar\u00e1 como visitante ocupa la s\u00e9ptima posici\u00f3n y llega tras una victoria por dos tantos ante los \u00faltimos en la clasificaci\u00f3n, el <strong data-start=\"587\" data-end=\"610\">Horneo EON Alicante<\/strong>. <strong data-start=\"612\" data-end=\"632\">Gustavo Da Silva<\/strong> se alza como l\u00edder indiscutible en el ataque vallisoletano, aunque en la \u00faltima jornada no anotara, siendo as\u00ed <strong data-start=\"744\" data-end=\"761\">Jorge Serrano<\/strong> y <strong data-start=\"764\" data-end=\"781\">Pablo Herrero<\/strong> los que tiraron del carro ante los alicantinos. En cambio, el <strong data-start=\"844\" data-end=\"854\">Cuenca<\/strong>, en la d\u00e9cima posici\u00f3n, no tuvo tanta suerte la jornada anterior; no obstante, le plantaron cara a los vigentes subcampeones de la competici\u00f3n copera, ya que perdieron por la m\u00ednima, gracias, en parte, a la gran actuaci\u00f3n de <strong data-start=\"1080\" data-end=\"1095\">Manuel Lima<\/strong>, con seis tantos, y <strong data-start=\"1116\" data-end=\"1136\">Federico Pizarro<\/strong>, con cuatro.<\/p>\n<p data-start=\"1153\" data-end=\"1971\">El <strong data-start=\"1156\" data-end=\"1171\">Bada Huesca<\/strong> visitar\u00e1 C\u00f3rdoba para jugar ante el <strong data-start=\"1208\" data-end=\"1246\">Cajasol \u00c1ngel Xim\u00e9nez Puente Genil<\/strong> el viernes 24 de octubre a las 20:30 h. Los aragoneses necesitan estos dos puntos para alejarse de la zona de descenso, pues en la decimotercera posici\u00f3n todo puede pasar. Un empate ante el <strong data-start=\"1437\" data-end=\"1460\">Caser\u00edo Ciudad Real<\/strong> les dio el punto que necesitaban para salir de la zona de descenso, pero ahora toca alejarse. <strong data-start=\"1555\" data-end=\"1571\">Rafael Paulo<\/strong> y <strong data-start=\"1574\" data-end=\"1591\">Frank Cordies<\/strong> ser\u00e1n los encargados de liderar el conjunto oscense para plantar cara a un equipo como es el <strong data-start=\"1685\" data-end=\"1701\">Puente Genil<\/strong>. Desde el octavo puesto en la clasificaci\u00f3n, el <strong data-start=\"1750\" data-end=\"1766\">Puente Genil<\/strong> no dejar\u00e1 pisarse por los de Huesca, ya que los pupilos de <strong data-start=\"1826\" data-end=\"1845\">Francisco Busto<\/strong>, entre ellos <strong data-start=\"1859\" data-end=\"1875\">Mario Dorado<\/strong>, buscar\u00e1n la victoria en casa para mantenerse en la media tabla y dar guerra a los de arriba.<\/p>\n<p data-start=\"1973\" data-end=\"2716\">El encargado de abrir el d\u00eda del s\u00e1bado ser\u00e1 el <strong data-start=\"2021\" data-end=\"2053\">Tubos Aranda Villa de Aranda<\/strong>, con cuatro puntos, que recibir\u00e1 al <strong data-start=\"2090\" data-end=\"2113\">Horneo EON Alicante<\/strong>, con dos puntos y \u00faltimo en la clasificaci\u00f3n. Los de la provincia de Burgos cuentan con <strong data-start=\"2202\" data-end=\"2217\">David L\u00f3pez<\/strong>, con 22 tantos en lo que va de temporada; su participaci\u00f3n, de la mano de <strong data-start=\"2292\" data-end=\"2312\">Jakub Sladkowski<\/strong>, fue relevante pero no suficiente como para llevarse los dos puntos ante el <strong data-start=\"2389\" data-end=\"2400\">Logro\u00f1o<\/strong>, puesto que un electr\u00f3nico de 42-30 los dej\u00f3 sin puntuar la pasada jornada. Los \u00faltimos en la clasificaci\u00f3n solo han ganado un partido, el de la segunda jornada ante el <strong data-start=\"2570\" data-end=\"2585\">Guadalajara<\/strong>. El \u00faltimo partido, que jugaron ante el <strong data-start=\"2626\" data-end=\"2640\">Valladolid<\/strong>, tampoco consiguieron la victoria, pero plantaron cara a un rival fuerte.<\/p>\n<p data-start=\"2718\" data-end=\"3591\">Segundo contra pen\u00faltimo en la clasificaci\u00f3n ser\u00e1 el segundo partido del s\u00e1bado a las 19:30 h. El <strong data-start=\"2816\" data-end=\"2828\">Artaleku<\/strong> se prepara para que el <strong data-start=\"2852\" data-end=\"2875\">IRUDEK Bidasoa Ir\u00fan<\/strong> demuestre su posici\u00f3n de segundo ante el <strong data-start=\"2917\" data-end=\"2943\">Sanicentro Guadalajara<\/strong>. Aunque los vascos cuentan con la desventaja de que el pasado martes jugaron un intenso e importante partido de <strong data-start=\"3056\" data-end=\"3079\">EHF European League<\/strong> ante el <strong data-start=\"3088\" data-end=\"3101\">Flensburg<\/strong>, un partido que por la m\u00ednima los de Ir\u00fan no consiguieron ganar. No obstante, los pupilos de <strong data-start=\"3195\" data-end=\"3209\">\u00c1lex Mozas<\/strong>, entre los que est\u00e1n los hermanos <strong data-start=\"3244\" data-end=\"3255\">Salinas<\/strong> y <strong data-start=\"3258\" data-end=\"3277\">Xavier Gonz\u00e1lez<\/strong>, lo dar\u00e1n todo para conseguir los dos puntos que dejar\u00edan al <strong data-start=\"3339\" data-end=\"3348\">Bar\u00e7a<\/strong> intranquilo. Por el bando del <strong data-start=\"3379\" data-end=\"3394\">Guadalajara<\/strong>, llegan con una derrota por tres tantos ante el <strong data-start=\"3443\" data-end=\"3457\">Granollers<\/strong>, uno de los favoritos de la temporada; <strong data-start=\"3497\" data-end=\"3516\">Haitz Gorostidi<\/strong> y <strong data-start=\"3519\" data-end=\"3536\">Mart\u00edn Ganuza<\/strong> fueron esenciales para plantar cara a los catalanes.<\/p>\n<p data-start=\"3593\" data-end=\"4239\">Para terminar los partidos del s\u00e1bado, el <strong data-start=\"3635\" data-end=\"3657\">Viveros Herol Nava<\/strong> viaja a Le\u00f3n para verse las caras con el <strong data-start=\"3699\" data-end=\"3721\">ABANCA Ademar Le\u00f3n<\/strong>. Los que jugar\u00e1n de locales, que adem\u00e1s son cuartos en la clasificaci\u00f3n con un punto menos que los l\u00edderes, llegan con un intenso partido de <strong data-start=\"3863\" data-end=\"3886\">EHF European League<\/strong> empatado en el \u00faltimo segundo ante el <strong data-start=\"3925\" data-end=\"3936\">RK Nexe<\/strong>, por lo que el cansancio puede jugarles una mala pasada al conjunto liderado por <strong data-start=\"4018\" data-end=\"4040\">Gonzalo P\u00e9rez Arce<\/strong> y <strong data-start=\"4043\" data-end=\"4063\">Javier Mi\u00f1ambres<\/strong>. El <strong data-start=\"4068\" data-end=\"4076\">Nava<\/strong>, en cambio, en posici\u00f3n de promoci\u00f3n por el descenso, luchar\u00e1 con todas sus fuerzas por salir de esa zona, en un partido que apunta a ser complicado para ellos.<\/p>\n<p data-start=\"4241\" data-end=\"4837\">El <strong data-start=\"4244\" data-end=\"4261\">Quijote Arena<\/strong> acoger\u00e1 el partido del domingo a las 12:30 h entre el <strong data-start=\"4316\" data-end=\"4339\">Caser\u00edo Ciudad Real<\/strong> y el <strong data-start=\"4345\" data-end=\"4354\">Bar\u00e7a<\/strong>. Los azulgranas, con el partido del jueves de <strong data-start=\"4401\" data-end=\"4421\">Champions League<\/strong> a las espaldas, llevan un pleno de victorias en la competici\u00f3n liguera y una plantilla m\u00e1s que competitiva; <strong data-start=\"4530\" data-end=\"4545\">Adri\u00e1n Sola<\/strong> e <strong data-start=\"4548\" data-end=\"4564\">Ian Barrufet<\/strong> son los m\u00e1ximos goleadores del conjunto, teniendo en cuenta, adem\u00e1s, su joven edad. Por el bando manchego, son <strong data-start=\"4676\" data-end=\"4693\">Alonso Moreno<\/strong> y <strong data-start=\"4696\" data-end=\"4714\">Omar Abdelaziz<\/strong> los que lideran la lista de anotadores del equipo y los que consiguieron el empate ante el <strong data-start=\"4806\" data-end=\"4816\">Huesca<\/strong> la pasada jornada.<\/p>\n<p data-start=\"4839\" data-end=\"5369\">A las 17:30 h del domingo, el <strong data-start=\"4869\" data-end=\"4897\">Frigor\u00edficos del Morrazo<\/strong> acoger\u00e1 el encuentro contra el <strong data-start=\"4929\" data-end=\"4960\">Dicorpebal Logro\u00f1o La Rioja<\/strong>. Los gallegos cuentan con <strong data-start=\"4987\" data-end=\"5006\">Nicol\u00f2 D\u2019Antino<\/strong> y <strong data-start=\"5009\" data-end=\"5028\">Arnau Fern\u00e1ndez<\/strong>, dos de los autores de los goles del pasado encuentro ante el <strong data-start=\"5091\" data-end=\"5106\">Torrelavega<\/strong>, encuentro que los de Cangas se llevaron con los dos puntos. Por el bando contrario, el <strong data-start=\"5195\" data-end=\"5206\">Logro\u00f1o<\/strong>, en sexta posici\u00f3n, se impuso a los de <strong data-start=\"5246\" data-end=\"5265\">Aranda de Duero<\/strong>, gracias, en parte, a los jugadores <strong data-start=\"5302\" data-end=\"5319\">David Cadarso<\/strong>, <strong data-start=\"5321\" data-end=\"5338\">Andrej Pergel<\/strong> y los hermanos <strong data-start=\"5354\" data-end=\"5366\">Mart\u00ednez<\/strong>.<\/p>\n<p data-start=\"5371\" data-end=\"6054\">Para terminar la jornada, el <strong data-start=\"5400\" data-end=\"5422\">BATCHO Torrelavega<\/strong> viajar\u00e1 al Vall\u00e9s para batirse al <strong data-start=\"5457\" data-end=\"5479\">Fraikin Granollers<\/strong>. Los c\u00e1ntabros, quintos en la clasificaci\u00f3n y a un punto de los locales, no consiguieron puntuar la semana pasada ante el <strong data-start=\"5602\" data-end=\"5630\">Frigor\u00edficos del Morrazo<\/strong>, pero cuentan con una gran plantilla como, por ejemplo, <strong data-start=\"5687\" data-end=\"5703\">Javier Mu\u00f1oz<\/strong>, <strong data-start=\"5705\" data-end=\"5725\">Isidoro Mart\u00ednez<\/strong> y <strong data-start=\"5728\" data-end=\"5746\">Andr\u00e9s Gabriel<\/strong>, tres jugadores que buscar\u00e1n desbancar al <strong data-start=\"5789\" data-end=\"5803\">Granollers<\/strong> de <strong data-start=\"5807\" data-end=\"5821\">Marcos Fis<\/strong> y <strong data-start=\"5824\" data-end=\"5840\">Sergi Franco<\/strong>. Los catalanes, aunque con unas tablas en el pasado partido de <strong data-start=\"5904\" data-end=\"5927\">EHF European League<\/strong> ante el <strong data-start=\"5936\" data-end=\"5949\">Baia Mare<\/strong>, llegan cansados pero con hambre de que nadie les desbanque de ese segundo puesto junto a los l\u00edderes.<\/p>\n<p><img fetchpriority=\"high\" decoding=\"async\" class=\"aligncenter wp-image-124679 size-full\" title=\"Parrilla Post ASOBAL2526 1080X1350\" src=\"https:\/\/www.europesays.com\/es\/wp-content\/uploads\/2025\/10\/Parrilla_Post_ASOBAL2526_1080X1350-8.webp.webp\" alt=\"Parrilla Post ASOBAL2526 1080X1350\" width=\"1080\" height=\"1350\"  \/><\/p>\n<p>Fotograf\u00eda: BATCHO Torrelavega<\/p>\n","protected":false},"excerpt":{"rendered":"La Divisi\u00f3n de Honor Masculina encara una s\u00e9ptima jornada cargada de emoci\u00f3n, en la que varios equipos buscan&hellip;\n","protected":false},"author":2,"featured_media":196821,"comment_status":"","ping_status":"","sticky":false,"template":"","format":"standard","meta":{"footnotes":""},"categories":[278],"tags":[376,168,25,24,375,23,167],"class_list":{"0":"post-196820","1":"post","2":"type-post","3":"status-publish","4":"format-standard","5":"has-post-thumbnail","7":"category-balonmano","8":"tag-balonmano","9":"tag-deportes","10":"tag-es","11":"tag-espana","12":"tag-handball","13":"tag-spain","14":"tag-sports"},"share_on_mastodon":{"url":"https:\/\/pubeurope.com\/@es\/115425423135771309","error":""},"_links":{"self":[{"href":"https:\/\/www.europesays.com\/es\/wp-json\/wp\/v2\/posts\/196820","targetHints":{"allow":["GET"]}}],"collection":[{"href":"https:\/\/www.europesays.com\/es\/wp-json\/wp\/v2\/posts"}],"about":[{"href":"https:\/\/www.europesays.com\/es\/wp-json\/wp\/v2\/types\/post"}],"author":[{"embeddable":true,"href":"https:\/\/www.europesays.com\/es\/wp-json\/wp\/v2\/users\/2"}],"replies":[{"embeddable":true,"href":"https:\/\/www.europesays.com\/es\/wp-json\/wp\/v2\/comments?post=196820"}],"version-history":[{"count":0,"href":"https:\/\/www.europesays.com\/es\/wp-json\/wp\/v2\/posts\/196820\/revisions"}],"wp:featuredmedia":[{"embeddable":true,"href":"https:\/\/www.europesays.com\/es\/wp-json\/wp\/v2\/media\/196821"}],"wp:attachment":[{"href":"https:\/\/www.europesays.com\/es\/wp-json\/wp\/v2\/media?parent=196820"}],"wp:term":[{"taxonomy":"category","embeddable":true,"href":"https:\/\/www.europesays.com\/es\/wp-json\/wp\/v2\/categories?post=196820"},{"taxonomy":"post_tag","embeddable":true,"href":"https:\/\/www.europesays.com\/es\/wp-json\/wp\/v2\/tags?post=196820"}],"curies":[{"name":"wp","href":"https:\/\/api.w.org\/{rel}","templated":true}]}}