{"id":196905,"date":"2025-10-23T21:35:14","date_gmt":"2025-10-23T21:35:14","guid":{"rendered":"https:\/\/www.europesays.com\/es\/196905\/"},"modified":"2025-10-23T21:35:14","modified_gmt":"2025-10-23T21:35:14","slug":"el-dispositivo-de-seguridad-del-celta-niza-provoca-trafico-lento-en-determinados-puntos-de-vigo","status":"publish","type":"post","link":"https:\/\/www.europesays.com\/es\/196905\/","title":{"rendered":"El dispositivo de seguridad del Celta &#8211; Niza provoca tr\u00e1fico lento en determinados puntos de Vigo"},"content":{"rendered":"<p>Es la parte m\u00e1s negativa del f\u00fatbol. La violencia, desgraciadamente, se normaliza por parte de clubes e instituciones como la UEFA. <strong>Vigo sufre esa barra libre que tienen los grupos ultras de algunos equipos. Estos d\u00edas est\u00e1 sufriendo con los radicales del Niza<\/strong>, que ya registraron los primeros incidentes en la ciudad ol\u00edvica anoche y en la tarde de este jueves son los principales causantes del tr\u00e1fico lento que se est\u00e1 viviendo en zonas como la Avenida de Beiramar en direcci\u00f3n Bouzas, donde un carril estaba cortado para facilitar que hasta cinco furgones de la Polic\u00eda Nacional escoltaran a este grupo de aficionados radicales del conjunto franc\u00e9s.<\/p>\n<p>Pasadas las 18:30 horas el dispositivo de la Polic\u00eda Nacional escoltaba a este numeroso grupo de radicales del Niza. Hay que recordar que el encuentro entre el Celta y el equipo franc\u00e9s que se disputa a partir de las 21:00 horas en Bala\u00eddos ha sido declarado de alto riesgo por la Comisi\u00f3n de Antiviolencia. Esta medida supone que haya refuerzo policial y unas mayores restricciones para evitar la concentraci\u00f3n de hinchas en los aleda\u00f1os de Bala\u00eddos. <strong>Conductores que sufrieron esta tarde la congesti\u00f3n de tr\u00e1fico en Beiramar relataban a Metropolitano.gal la deplorable actitud de estos hinchas radicales<\/strong>, que mientras caminaban escoltados iban arrojando al suelo botellas de cerveza.<\/p>\n<p><strong>Los ultras del Niza son peligrosos<\/strong>. En 2021 acudieron al estadio del club franc\u00e9s para intentar agredir a jugadores de su equipo. En 2022 se vivi\u00f3 otro incidente. Sucedi\u00f3 en un encuentro de la Conference League ante el <strong>Colonia<\/strong>, que tuvo que ser aplazado por el lanzamiento de bengalas de este grupo de radicales. Por otro lado, en un encuentro ante la <strong>Roma<\/strong> de la Europa League, la polic\u00eda gala lleg\u00f3 a arrestar a m\u00e1s de cien aficionados del equipo italiano que en Niza iban a enfrentarse a los ultras franceses.<\/p>\n<blockquote class=\"instagram-media\" data-instgrm-captioned=\"\" data-instgrm-permalink=\"https:\/\/www.instagram.com\/reel\/DQKPoGSDEze\/?utm_source=ig_embed&amp;utm_campaign=loading\" data-instgrm-version=\"14\" style=\" background:#FFF; border:0; border-radius:3px; box-shadow:0 0 1px 0 rgba(0,0,0,0.5),0 1px 10px 0 rgba(0,0,0,0.15); margin: 1px; max-width:540px; min-width:326px; padding:0; width:99.375%; width:-webkit-calc(100% - 2px); width:calc(100% - 2px);\">\n<\/blockquote>\n<p>                    <script async src=\"\/\/www.instagram.com\/embed.js\"><\/script><\/p>\n","protected":false},"excerpt":{"rendered":"Es la parte m\u00e1s negativa del f\u00fatbol. La violencia, desgraciadamente, se normaliza por parte de clubes e instituciones&hellip;\n","protected":false},"author":2,"featured_media":196906,"comment_status":"","ping_status":"","sticky":false,"template":"","format":"standard","meta":{"footnotes":""},"categories":[268],"tags":[1727,168,25,24,280,282,281,23,167,1274],"class_list":{"0":"post-196905","1":"post","2":"type-post","3":"status-publish","4":"format-standard","5":"has-post-thumbnail","7":"category-futbol","8":"tag-celta-de-vigo","9":"tag-deportes","10":"tag-es","11":"tag-espana","12":"tag-football","13":"tag-futbol","14":"tag-soccer","15":"tag-spain","16":"tag-sports","17":"tag-vigo"},"share_on_mastodon":{"url":"https:\/\/pubeurope.com\/@es\/115425635541887426","error":""},"_links":{"self":[{"href":"https:\/\/www.europesays.com\/es\/wp-json\/wp\/v2\/posts\/196905","targetHints":{"allow":["GET"]}}],"collection":[{"href":"https:\/\/www.europesays.com\/es\/wp-json\/wp\/v2\/posts"}],"about":[{"href":"https:\/\/www.europesays.com\/es\/wp-json\/wp\/v2\/types\/post"}],"author":[{"embeddable":true,"href":"https:\/\/www.europesays.com\/es\/wp-json\/wp\/v2\/users\/2"}],"replies":[{"embeddable":true,"href":"https:\/\/www.europesays.com\/es\/wp-json\/wp\/v2\/comments?post=196905"}],"version-history":[{"count":0,"href":"https:\/\/www.europesays.com\/es\/wp-json\/wp\/v2\/posts\/196905\/revisions"}],"wp:featuredmedia":[{"embeddable":true,"href":"https:\/\/www.europesays.com\/es\/wp-json\/wp\/v2\/media\/196906"}],"wp:attachment":[{"href":"https:\/\/www.europesays.com\/es\/wp-json\/wp\/v2\/media?parent=196905"}],"wp:term":[{"taxonomy":"category","embeddable":true,"href":"https:\/\/www.europesays.com\/es\/wp-json\/wp\/v2\/categories?post=196905"},{"taxonomy":"post_tag","embeddable":true,"href":"https:\/\/www.europesays.com\/es\/wp-json\/wp\/v2\/tags?post=196905"}],"curies":[{"name":"wp","href":"https:\/\/api.w.org\/{rel}","templated":true}]}}