{"id":196939,"date":"2025-10-23T22:01:10","date_gmt":"2025-10-23T22:01:10","guid":{"rendered":"https:\/\/www.europesays.com\/es\/196939\/"},"modified":"2025-10-23T22:01:10","modified_gmt":"2025-10-23T22:01:10","slug":"cuando-la-fotografia-rural-de-virxilio-vieitez-conquisto-francia-y-fascino-a-cartier-bresson","status":"publish","type":"post","link":"https:\/\/www.europesays.com\/es\/196939\/","title":{"rendered":"Cuando la fotograf\u00eda rural de Virxilio Vieitez conquist\u00f3 Francia y fascin\u00f3 a Cartier-Bresson"},"content":{"rendered":"<p class=\"article-text\">\n        El franc\u00e9s Christian Caujolle, uno de los nombres determinantes de la fotograf\u00eda social contempor\u00e1nea, conoc\u00eda Galicia. Hab\u00eda llegado al pa\u00eds gracias a sus colegas gallegos Manuel Send\u00f3n y Xos\u00e9 Lu\u00eds Su\u00e1rez Canal, que lo invitaron a conferenciar en la Fotobienal de Vigo de 1990. Apenas nueve a\u00f1os m\u00e1s tarde, Caujolle se convirti\u00f3 en una de las piezas clave para la internacionalizaci\u00f3n de la obra de Virxilio Vi\u00e9itez, fot\u00f3grafo profesional de pueblo y autor en los 60 de algunos de los retratos m\u00e1s intensos de la historia de la fotograf\u00eda espa\u00f1ola. A trav\u00e9s de Caujolle, <a href=\"https:\/\/www.lemonde.fr\/disparitions\/article\/2025\/10\/20\/christian-caujolle-passeur-majeur-de-la-photographie-en-france-est-mort_6648290_3382.html\" data-mrf-recirculation=\"links-noticia\" class=\"link\" target=\"_blank\" rel=\"nofollow noopener\">que muri\u00f3 este 20 de octubre a los 72 a\u00f1os<\/a>, Vi\u00e9itez alcanz\u00f3 planas en Le Monde o Lib\u00e9ration y sus placas entraron en algunas de las colecciones m\u00e1s prestigiosas del mundo.\n    <\/p>\n<p class=\"article-text\">\n        La historia arranca de la iniciativa de Send\u00f3n y Su\u00e1rez Canal. Fot\u00f3grafos, docentes e investigadores, en 1998 rescataron las im\u00e1genes de Vi\u00e9itez, las recontextualizaron y ofrecieron una nueva mirada sobre ellas. Aquellas instant\u00e1neas frontales, a veces hier\u00e1ticas y otras veces m\u00e1s distendidas, capturadas a inicios de los a\u00f1os 60 en Terra de Montes -donde hab\u00eda nacido en 1930-, y en las que aparec\u00edan familias, mujeres y hombres campesinos, trabajadores y ni\u00f1os, migrantes retornados de Am\u00e9rica, velatorios y bautizos, nunca en estudio, se convirtieron en iconos. \u201cVirxilio no retrata personajes t\u00edpicos, retrata gentes con dignidad\u201d, escrib\u00eda Send\u00f3n en 2013.\n    <\/p>\n","protected":false},"excerpt":{"rendered":"El franc\u00e9s Christian Caujolle, uno de los nombres determinantes de la fotograf\u00eda social contempor\u00e1nea, conoc\u00eda Galicia. Hab\u00eda llegado&hellip;\n","protected":false},"author":2,"featured_media":196940,"comment_status":"","ping_status":"","sticky":false,"template":"","format":"standard","meta":{"footnotes":""},"categories":[173],"tags":[517,1705,229,233,231,230,232,234,146,147,25,24,816,7386,7318,10,1925,7387,1146,23],"class_list":{"0":"post-196939","1":"post","2":"type-post","3":"status-publish","4":"format-standard","5":"has-post-thumbnail","7":"category-arte-y-diseno","8":"tag-actualidad","9":"tag-analisis","10":"tag-arte","11":"tag-arte-y-diseno","12":"tag-arts","13":"tag-arts-and-design","14":"tag-design","15":"tag-diseno","16":"tag-entertainment","17":"tag-entretenimiento","18":"tag-es","19":"tag-espana","20":"tag-galicia","21":"tag-la-coruna","22":"tag-lugo","23":"tag-noticias","24":"tag-opinion","25":"tag-orense","26":"tag-pontevedra","27":"tag-spain"},"share_on_mastodon":{"url":"https:\/\/pubeurope.com\/@es\/115425737669638866","error":""},"_links":{"self":[{"href":"https:\/\/www.europesays.com\/es\/wp-json\/wp\/v2\/posts\/196939","targetHints":{"allow":["GET"]}}],"collection":[{"href":"https:\/\/www.europesays.com\/es\/wp-json\/wp\/v2\/posts"}],"about":[{"href":"https:\/\/www.europesays.com\/es\/wp-json\/wp\/v2\/types\/post"}],"author":[{"embeddable":true,"href":"https:\/\/www.europesays.com\/es\/wp-json\/wp\/v2\/users\/2"}],"replies":[{"embeddable":true,"href":"https:\/\/www.europesays.com\/es\/wp-json\/wp\/v2\/comments?post=196939"}],"version-history":[{"count":0,"href":"https:\/\/www.europesays.com\/es\/wp-json\/wp\/v2\/posts\/196939\/revisions"}],"wp:featuredmedia":[{"embeddable":true,"href":"https:\/\/www.europesays.com\/es\/wp-json\/wp\/v2\/media\/196940"}],"wp:attachment":[{"href":"https:\/\/www.europesays.com\/es\/wp-json\/wp\/v2\/media?parent=196939"}],"wp:term":[{"taxonomy":"category","embeddable":true,"href":"https:\/\/www.europesays.com\/es\/wp-json\/wp\/v2\/categories?post=196939"},{"taxonomy":"post_tag","embeddable":true,"href":"https:\/\/www.europesays.com\/es\/wp-json\/wp\/v2\/tags?post=196939"}],"curies":[{"name":"wp","href":"https:\/\/api.w.org\/{rel}","templated":true}]}}