{"id":196943,"date":"2025-10-23T22:03:10","date_gmt":"2025-10-23T22:03:10","guid":{"rendered":"https:\/\/www.europesays.com\/es\/196943\/"},"modified":"2025-10-23T22:03:10","modified_gmt":"2025-10-23T22:03:10","slug":"la-respuesta-de-jorge-javier-vazquez-a-las-criticas-a-supervivientes-all-stars-por-jessica-bueno","status":"publish","type":"post","link":"https:\/\/www.europesays.com\/es\/196943\/","title":{"rendered":"La respuesta de Jorge Javier V\u00e1zquez a las cr\u00edticas a Supervivientes All Stars por Jessica Bueno"},"content":{"rendered":"<p data-journey-content=\"true\" data-node-id=\"3\" class=\"css-6wxqfj emevuu60\">&#8216;<strong data-node-id=\"3.1\"><a href=\"https:\/\/www.diezminutos.es\/supervivientes-television\/\" target=\"_blank\" data-vars-ga-outbound-link=\"https:\/\/www.diezminutos.es\/supervivientes-television\/\" data-vars-ga-ux-element=\"Hyperlink\" data-vars-ga-call-to-action=\"Supervivientes All Stars\" data-node-id=\"3.1.0\" data-mrf-link=\"https:\/\/www.diezminutos.es\/supervivientes-television\/\" class=\"body-link css-177bzfx emevuu60\" rel=\"nofollow noopener\">Supervivientes All Stars<\/a><\/strong>&#8216; ha vuelto a desempolvar la mesa de las tentaciones. Y Laura Madrue\u00f1o ha vuelto a sacar la maquinilla de afeitar haciendo, una vez m\u00e1s, <strong data-node-id=\"3.3\">que las cr\u00edticas estallen en redes.<\/strong> Sobre todo por Jessica Bueno. Los concursantes llevan ya y mes y medio de convivencia en Honduras, y a pesar de que <a href=\"https:\/\/www.diezminutos.es\/teleprograma\/programas-tv\/a69109000\/jessica-bueno-deseo-amor-nuevo-pareja-boda\/\" target=\"_blank\" data-vars-ga-outbound-link=\"https:\/\/www.diezminutos.es\/teleprograma\/programas-tv\/a69109000\/jessica-bueno-deseo-amor-nuevo-pareja-boda\/\" data-vars-ga-ux-element=\"Hyperlink\" data-vars-ga-call-to-action=\"tambi\u00e9n ha habido momentos bonitos y divertidos\" data-node-id=\"3.5\" data-mrf-link=\"https:\/\/www.diezminutos.es\/teleprograma\/programas-tv\/a69109000\/jessica-bueno-deseo-amor-nuevo-pareja-boda\/\" class=\"body-link css-177bzfx emevuu60\" rel=\"nofollow noopener\">tambi\u00e9n ha habido momentos bonitos y divertidos<\/a>, cada vez se les est\u00e1 haciendo m\u00e1s cuesta arriba, ya no solo por el <strong data-node-id=\"3.7\">hambre <\/strong>o las<strong data-node-id=\"3.9\"> inclemencias del tiempo<\/strong>, sino por el hecho de estar<strong data-node-id=\"3.11\"> incomunicados con sus seres queridos, algunos de ellos con hijos peque\u00f1<\/strong><strong data-node-id=\"3.12\">os<\/strong> de los que no saben nada desde hace casi 50 d\u00edas. <\/p>\n<p>Las cejas de Torres y el enfado de su novia<\/p>\n<p data-journey-content=\"true\" data-node-id=\"7\" class=\"css-6wxqfj emevuu60\">Antes de conocer la decisi\u00f3n de Jessica Bueno, era Torres el que se enfrentaba al dilema. Su reto: raparse la barba al completo y las cejas por un plato de chuches y dos de migas. <strong data-node-id=\"7.1\">\u00ab\u00a1No se me va a notar la expresi\u00f3n!\u00bb, <\/strong>se preocupaba el propio Rub\u00e9n Torres que no ve\u00eda nada claro aceptar. <\/p>\n<p><img draggable=\"true\" alt=\"torres afeitado supervivientes all stars\" title=\"torres afeitado supervivientes all stars\" loading=\"lazy\" width=\"2500\" height=\"1408\" decoding=\"async\" data-nimg=\"1\" style=\"color:transparent;width:100%;height:auto;\"   src=\"https:\/\/www.europesays.com\/es\/wp-content\/uploads\/2025\/10\/torres-afeitado-68fa9a8459b12.jpg\" class=\"css-0 e1g79fud0\"\/><\/p>\n<p>Telecinco<\/p>\n<p data-journey-content=\"true\" data-node-id=\"10\" class=\"css-6wxqfj emevuu60\"><strong data-node-id=\"10.0\">\u00abAmor, espero que me sigas queriendo\u00bb,<\/strong> dec\u00eda Torres mientras que aceptaba el reto. Y \u00e9l no lo sab\u00eda pero su novia, Laura, se retorc\u00eda en el sof\u00e1 pidiendo a su novio que no lo hiciera. Pero s\u00ed lo aceptaba. No solo para \u00e9l sino tambi\u00e9n para sus compa\u00f1eros: \u00abDame un plato m\u00e1s y as\u00ed lo puedo compartir con mis compa\u00f1eros\u00bb. Finalmente, Torres aceptaba 1 plato de chuches y 3 platos de migas.  <br data-node-id=\"10.2\"\/><\/p>\n<p data-journey-content=\"true\" data-node-id=\"14\" class=\"css-6wxqfj emevuu60\">\u00abTu novia est\u00e1 encantada de la vida\u00bb, bromeaba Jorge Javier. Laura, mientras, se enfadaba en el plat\u00f3 por la decisi\u00f3n de su novio y del programa. \u00ab<strong data-node-id=\"14.1\">Le dir\u00eda de todo. No lo tendr\u00eda que haber hecho.<\/strong> Luego las cejas crecen raras. Me da igual que est\u00e9 pasando hambre, \u00bftres platos por unas cejas? No. Cuando tenga las cejas tiesas, ya vendr\u00e9\u00bb, sentenciaba.<\/p>\n<p><img draggable=\"true\" alt=\"laura supervivientes all stars\" title=\"laura supervivientes all stars\" loading=\"lazy\" width=\"2500\" height=\"1406\" decoding=\"async\" data-nimg=\"1\" style=\"color:transparent;width:100%;height:auto;\"   src=\"https:\/\/www.europesays.com\/es\/wp-content\/uploads\/2025\/10\/laura-sv-all-stars-68fa9e1e08458.jpg\" class=\"css-0 e1g79fud0\"\/><\/p>\n<p>Telecinco<\/p>\n<p>Jorge Javier V\u00e1zquez responde a las cr\u00edticas a Supervivientes<\/p>\n<p data-journey-content=\"true\" data-node-id=\"18\" class=\"css-6wxqfj emevuu60\">Despu\u00e9s le tocaba el turno a Jessica Bueno. Tras cortarse 25 cent\u00edmetros de pelo, la ex de Kiko Rivera se debat\u00eda sobre si raparse entera para hacer una videollamada con sus hijos, en la que tambi\u00e9n estar\u00eda su madre presente, o no. Un dilema que para la audiencia era \u00abmuy injusto\u00bb. <strong data-node-id=\"18.1\">\u00abLas penitencias no son equitativas entre hombres y mujeres\u00bb,<\/strong> han llegado a decir.<br data-node-id=\"18.3\"\/><\/p>\n<p data-journey-content=\"true\" data-node-id=\"20\" class=\"css-6wxqfj emevuu60\">Ante esto, Jorge Javier V\u00e1zquez contestaba: <strong data-node-id=\"20.1\">\u00ab<\/strong>Me parece injusto que a las chicas les pidamos que se rapen y <strong data-node-id=\"20.3\">a \u00e9l solo la barba, el pelo, las cejas y el bigote\u00bb<\/strong>, dec\u00eda Jorge Javier V\u00e1zquez reivindicando las cr\u00edticas que hab\u00eda recibido el programa<a href=\"https:\/\/www.diezminutos.es\/teleprograma\/programas-tv\/a69116754\/criticas-supervivientes-all-stars-jessica-bueno-hijos-corte-pelo\/\" target=\"_blank\" data-vars-ga-outbound-link=\"https:\/\/www.diezminutos.es\/teleprograma\/programas-tv\/a69116754\/criticas-supervivientes-all-stars-jessica-bueno-hijos-corte-pelo\/\" data-vars-ga-ux-element=\"Hyperlink\" data-vars-ga-call-to-action=\" despu\u00e9s del dilema a Jessica Bueno\" data-node-id=\"20.5\" class=\"body-link css-177bzfx emevuu60\" rel=\"nofollow noopener\"> despu\u00e9s del dilema a Jessica Bueno<\/a>. Acto seguido, ped\u00eda que Jessica tambi\u00e9n se rapara las cejas. Un dilema que finalmente se quedaba en el aire.<\/p>\n<p data-journey-content=\"true\" data-node-id=\"22\" class=\"css-6wxqfj emevuu60\">Tras ello, el presentador volv\u00eda a recordar el tema preguntando a Alejandro Albal\u00e1: \u00ab\u00bfA ti te parece que <strong data-node-id=\"22.1\">la vida es injusta? No, es un juego, \u00bfverdad?\u00bb,<\/strong> la cuestionaba entre risas.<\/p>\n<p><img src=\"https:\/\/www.europesays.com\/es\/wp-content\/uploads\/2025\/10\/1761256990_152_323095e3-d675-4360-ad79-c3a735f161a1_1681830139.file\" alt=\"Headshot of Aroa D\u00edaz\" title=\"Headshot of Aroa D\u00edaz\" width=\"100%\" height=\"100%\" decoding=\"async\" loading=\"lazy\" class=\"css-o0wq4v ev8dhu53\"\/><\/p>\n<p>Aroa D\u00edaz es experta en realities, televisi\u00f3n y actualidad en general. No hay momento del d\u00eda en el que no tenga encendida la televisi\u00f3n conociendo los \u00faltimos desvelos de los famosos, disfrutando de los realities como Supervivientes o de los concursos m\u00e1s rocambolescos. Las \u00faltimas novedades de los famosos del coraz\u00f3n son su perdici\u00f3n y la actualidad de las Casas Reales, su gran pasi\u00f3n. \u00a0\u00a0<\/p>\n<p>En sus ratos libres disfruta de las pel\u00edculas y series de moda, y bucea por los cat\u00e1logos de las plataformas de podcast buscando nuevas entrevistas y charlas de famosos.<\/p>\n<p>Adem\u00e1s, no ha parado de formarse en todos los aspectos convirti\u00e9ndose en una periodista 360: locuci\u00f3n, doblaje, grabaci\u00f3n de v\u00eddeo, periodismo m\u00f3vil, producci\u00f3n de podcast y SEO. Actualmente est\u00e1 form\u00e1ndose en el M\u00e1ster universitario de Periodismo y Comunicaci\u00f3n Digital: Datos y Nuevas Narrativas de la UOC.<\/p>\n<p>Graduada en periodismo por la Universidad Rey Juan Carlos, no ha parado de trabajar desde que obtuvo su t\u00edtulo all\u00e1 por el 2013. Despu\u00e9s de un breve impass en Palma de Mallorca, volvi\u00f3 a Legan\u00e9s donde arranc\u00f3 su experiencia con Legan\u00e9s Activo. En este tiempo he pasado por las redacciones de varios medios recayendo finalmente en Hearst Espa\u00f1a (Telenovela, Qu\u00e9 me dices y Diez Minutos). Tambi\u00e9n tiene experiencia en diferentes radios. \u00a0<\/p>\n","protected":false},"excerpt":{"rendered":"&#8216;Supervivientes All Stars&#8216; ha vuelto a desempolvar la mesa de las tentaciones. Y Laura Madrue\u00f1o ha vuelto a&hellip;\n","protected":false},"author":2,"featured_media":196944,"comment_status":"","ping_status":"","sticky":false,"template":"","format":"standard","meta":{"footnotes":""},"categories":[171],"tags":[253,146,147,25,24,23,214],"class_list":{"0":"post-196943","1":"post","2":"type-post","3":"status-publish","4":"format-standard","5":"has-post-thumbnail","7":"category-tv","8":"tag-discover","9":"tag-entertainment","10":"tag-entretenimiento","11":"tag-es","12":"tag-espana","13":"tag-spain","14":"tag-tv"},"share_on_mastodon":{"url":"https:\/\/pubeurope.com\/@es\/115425745805153304","error":""},"_links":{"self":[{"href":"https:\/\/www.europesays.com\/es\/wp-json\/wp\/v2\/posts\/196943","targetHints":{"allow":["GET"]}}],"collection":[{"href":"https:\/\/www.europesays.com\/es\/wp-json\/wp\/v2\/posts"}],"about":[{"href":"https:\/\/www.europesays.com\/es\/wp-json\/wp\/v2\/types\/post"}],"author":[{"embeddable":true,"href":"https:\/\/www.europesays.com\/es\/wp-json\/wp\/v2\/users\/2"}],"replies":[{"embeddable":true,"href":"https:\/\/www.europesays.com\/es\/wp-json\/wp\/v2\/comments?post=196943"}],"version-history":[{"count":0,"href":"https:\/\/www.europesays.com\/es\/wp-json\/wp\/v2\/posts\/196943\/revisions"}],"wp:featuredmedia":[{"embeddable":true,"href":"https:\/\/www.europesays.com\/es\/wp-json\/wp\/v2\/media\/196944"}],"wp:attachment":[{"href":"https:\/\/www.europesays.com\/es\/wp-json\/wp\/v2\/media?parent=196943"}],"wp:term":[{"taxonomy":"category","embeddable":true,"href":"https:\/\/www.europesays.com\/es\/wp-json\/wp\/v2\/categories?post=196943"},{"taxonomy":"post_tag","embeddable":true,"href":"https:\/\/www.europesays.com\/es\/wp-json\/wp\/v2\/tags?post=196943"}],"curies":[{"name":"wp","href":"https:\/\/api.w.org\/{rel}","templated":true}]}}