{"id":196945,"date":"2025-10-23T22:04:11","date_gmt":"2025-10-23T22:04:11","guid":{"rendered":"https:\/\/www.europesays.com\/es\/196945\/"},"modified":"2025-10-23T22:04:11","modified_gmt":"2025-10-23T22:04:11","slug":"ya-hemos-visto-springsteen-deliver-me-from-nowhere-y-es-uno-de-los-biopic-mas-emotivos-de-los-ultimos-anos-vandal","status":"publish","type":"post","link":"https:\/\/www.europesays.com\/es\/196945\/","title":{"rendered":"Ya hemos visto &#039;Springsteen: Deliver Me From Nowhere&#039; y es uno de los biopic m\u00e1s emotivos de los \u00faltimos a\u00f1os &#8211; Vandal"},"content":{"rendered":"<ol>\n<li><a href=\"https:\/\/news.google.com\/rss\/articles\/CBMi6AFBVV95cUxQZEhHRlRBSnZnQ2J3dHh5VFJ5WU1URDUzaWhoZDc0SFdZSkk1clRKbk5xb0JYdUItRlNSOFlrUlBlZEhRR1ByUjFqMFZtSDVlaGJzWkx1TDFsNFBCemxUQ1NtTlJkb3NFVjQ3QTBjaHY4ODBWbDhnanpwdVlhZ2h6S0pvMkhnel9TaGxpNEEyT0h0ai1wQVZRSlhCNkdnSDQ5Zm14VHZPYnQya0gtaDE5YzJLdlU1NTdkenpTeWRSdGl1Zkg1d0RKNXdoSjJNclJLSWhpYmVJLThRM2p3RzJTSEhaa0sxTGpn0gHuAUFVX3lxTE9EWkNCSGJpS3RpV21GLWpHZ1N0VWFJOTBBRDNuM0dmZ2dsLWx4RkpKV3daSnV0UEhqZEtHVEhwOUwxeXBZUm1yYnNXTlF4ZXFjeHBVV2I3dkRuWm5HaGJ2M3gwa2Q3ZlROanVQejA4SjhfaGlfUEp2Z1hsNGZRNjU0TXRmLUtrWGVpWF9GU1BiSDhPdjluWmJJdlp3NVRrVDdmR293R0xJajhzVVhCY1Y3a2FwcGFFNHRldnoyQTdlRlN6S1M5ckF5RW90b0RnakRRRnphdXh0ZzloXy1ib0JXakVPdzQ5TEhKNWZidHc?oc=5\" target=\"_blank\" rel=\"nofollow noopener\">Ya hemos visto &#8216;Springsteen: Deliver Me From Nowhere&#8217; y es uno de los biopic m\u00e1s emotivos de los \u00faltimos a\u00f1os<\/a>&nbsp;&nbsp;Vandal<\/li>\n<li><a href=\"https:\/\/news.google.com\/rss\/articles\/CBMivgFBVV95cUxOX0R5cmU3ZGdEd2FYQVNyMGRtaFpWQUdlUWxvSFlrc2xpSlgwQXNzUG8xYTRqeENySVJFQVp3bHZPelI4WE85aVhpTkNyTkdobW5CTHJ0eW9xZ082cWpxODNwbmUycnoyb3FfVGxEYTFJMkZaOUNGazE5TWxNVUlJaDdRNnp4cG9jWl9iSkc0WTM3XzBYYUgtTU9rNl9HTTFfdnBaOWo4Z0ZKM0tOTDBrRXA1T19RYUhINldZQnlB?oc=5\" target=\"_blank\" rel=\"nofollow noopener\">&#8216;Bruce Springsteen: Deliver Me From Nowhere&#8217;: los demonios y los clich\u00e9s de un hombre bueno<\/a>&nbsp;&nbsp;RTVE.es<\/li>\n<li><a href=\"https:\/\/news.google.com\/rss\/articles\/CBMimAFBVV95cUxQb1B3THFSTHZaSlczTmNPUW9EVTZDR3A3cmFieGJWQVl3NXk4bXQ3cC1kSWJNVDlTWW1kN1pCSUhZeXRISTJaLVdxN1dvVDZpU1FkclNZLXFMVU1SODhnNXVoX3ZhdzY1ZWthZkZLaG94VktFTzczYWNoVF9icUpDb3hjdERxc2diN0xxUW82bmh6dHU1ZlpodQ?oc=5\" target=\"_blank\" rel=\"nofollow noopener\">Jeremy Allen White demostr\u00f3 su val\u00eda en esta delirante serie de humor negro mucho antes de ser Bruce Springsteen<\/a>&nbsp;&nbsp;20Minutos<\/li>\n<li><a href=\"https:\/\/news.google.com\/rss\/articles\/CBMia0FVX3lxTE1pRm1hb2c1azdrRmdFaEw5eFlxSFVUSFl6b0NrUHBfQUYzXzNMSkZlUmlLNXF0XzRNTWpta3hYczQzeG9MY0hUNlJHTi10TERqaUE2YVB4cmpNcG1nYUoxd0I3LXM1SWRjaXV30gFwQVVfeXFMUDQwLWtOamtZb0dPZjVfMHdpcW5leExINU5tbkpVWlE3ODVLOFFTcm90S2M5WGs3dlppYmZ5b2hJa3hrUWpsSmxjQjZUMjc3SGVlZm5YaUFtNjlIN2V0R3RPLUp1WnJlUGZzVnlGSWVjMw?oc=5\" target=\"_blank\" rel=\"nofollow noopener\">\u00abLo ve\u00eda y pensaba: &#8216;Soy un fraude. Esto no es real. T\u00fa s\u00ed lo eres\u00bb: Jeremy Allen White, contra la presi\u00f3n de ser Bruce Springsteen<\/a>&nbsp;&nbsp;SensaCine<\/li>\n<li><a href=\"https:\/\/news.google.com\/rss\/articles\/CBMirwFBVV95cUxNbEplVFJzMXdSUXk4cmpvaFFBeEgxTG1iTEZvZ0JCalY0U3JnTlVRQ2dOb1B1WmxJY0xhSlctMzJYeHJjLXVCVW83T2RjNXE3M2VxeHRCdlFrMTE2aHZrOU9ab1A4N3BnbnJ0bllzWnNDWTV1RjZCT3VFbFlZODJNYk5MRDl6UEJoTkNsdVQ1TkMtMmRqaVJFc1Y3MlNnYU1pMm1fb0ZTR1k1M0t2RDhB?oc=5\" target=\"_blank\" rel=\"nofollow noopener\">Cr\u00edtica de &#8216;Springsteen: Deliver Me From Nowhere&#8217; (**): Cuando &#8216;The Boss&#8217; se hundi\u00f3 en las aguas oscuras de Nebraska<\/a>&nbsp;&nbsp;ABC<\/li>\n<\/ol>\n","protected":false},"excerpt":{"rendered":"Ya hemos visto &#8216;Springsteen: Deliver Me From Nowhere&#8217; y es uno de los biopic m\u00e1s emotivos de los&hellip;\n","protected":false},"author":2,"featured_media":196946,"comment_status":"","ping_status":"","sticky":false,"template":"","format":"standard","meta":{"footnotes":""},"categories":[170],"tags":[146,147,25,24,2065,184,185,23],"class_list":{"0":"post-196945","1":"post","2":"type-post","3":"status-publish","4":"format-standard","5":"has-post-thumbnail","7":"category-musica","8":"tag-entertainment","9":"tag-entretenimiento","10":"tag-es","11":"tag-espana","12":"tag-faltan-tags","13":"tag-music","14":"tag-musica","15":"tag-spain"},"share_on_mastodon":{"url":"https:\/\/pubeurope.com\/@es\/115425749557225047","error":""},"_links":{"self":[{"href":"https:\/\/www.europesays.com\/es\/wp-json\/wp\/v2\/posts\/196945","targetHints":{"allow":["GET"]}}],"collection":[{"href":"https:\/\/www.europesays.com\/es\/wp-json\/wp\/v2\/posts"}],"about":[{"href":"https:\/\/www.europesays.com\/es\/wp-json\/wp\/v2\/types\/post"}],"author":[{"embeddable":true,"href":"https:\/\/www.europesays.com\/es\/wp-json\/wp\/v2\/users\/2"}],"replies":[{"embeddable":true,"href":"https:\/\/www.europesays.com\/es\/wp-json\/wp\/v2\/comments?post=196945"}],"version-history":[{"count":0,"href":"https:\/\/www.europesays.com\/es\/wp-json\/wp\/v2\/posts\/196945\/revisions"}],"wp:featuredmedia":[{"embeddable":true,"href":"https:\/\/www.europesays.com\/es\/wp-json\/wp\/v2\/media\/196946"}],"wp:attachment":[{"href":"https:\/\/www.europesays.com\/es\/wp-json\/wp\/v2\/media?parent=196945"}],"wp:term":[{"taxonomy":"category","embeddable":true,"href":"https:\/\/www.europesays.com\/es\/wp-json\/wp\/v2\/categories?post=196945"},{"taxonomy":"post_tag","embeddable":true,"href":"https:\/\/www.europesays.com\/es\/wp-json\/wp\/v2\/tags?post=196945"}],"curies":[{"name":"wp","href":"https:\/\/api.w.org\/{rel}","templated":true}]}}