{"id":196954,"date":"2025-10-23T22:13:10","date_gmt":"2025-10-23T22:13:10","guid":{"rendered":"https:\/\/www.europesays.com\/es\/196954\/"},"modified":"2025-10-23T22:13:10","modified_gmt":"2025-10-23T22:13:10","slug":"otra-mujer-denuncia-que-las-imagenes-y-el-informe-tras-una-mamografia-en-sevilla-han-cambiado-ya-no-hay-marcas-y-su-documento-no-esta-firmado-por-ningun-medico-radio-sevilla","status":"publish","type":"post","link":"https:\/\/www.europesays.com\/es\/196954\/","title":{"rendered":"Otra mujer denuncia que las im\u00e1genes y el informe tras una mamograf\u00eda en Sevilla han cambiado: ya no hay marcas y su documento no est\u00e1 firmado por ning\u00fan m\u00e9dico | Radio Sevilla"},"content":{"rendered":"<p class=\"loc\">Sevilla <\/p>\n<p>Se llama Manuela Delgado, tiene 64 a\u00f1os, es una mujer de Aznalc\u00f3llar, en Sevilla, y ella tambi\u00e9n ha visto como la informaci\u00f3n que aparece en click Salud de la Junta sobre su mamograf\u00eda ha cambiado. La semana pasada ve\u00eda que su lesi\u00f3n en la mama izquierda estaba se\u00f1alada con un c\u00edrculo rojo y una cruz. En el informe, firmado por dos radi\u00f3logos, se le\u00eda que ten\u00eda un n\u00f3dulo posiblemente benigno categor\u00eda 3, lo que equivale a un bir-rads 3, y que necesitaba nueva prueba radiol\u00f3gica.<\/p>\n<p>Esta ma\u00f1ana Manuela ha vuelto a entrar en la plataforma despu\u00e9s de escuchar las noticias sobre la posible modificaci\u00f3n de los historiales m\u00e9dicos y se ha quedado helada. En ninguna de sus im\u00e1genes hab\u00eda ya ning\u00fan c\u00edrculo rojo ni ninguna cruz. En el informe no est\u00e1 la firma de ning\u00fan m\u00e9dico y no se hac\u00eda referencia a ning\u00fan n\u00f3dulo. Simplemente se dice que se recomienda ampliar el estudio en el hospital y que ser\u00e1 citada en la unidad de radio diagn\u00f3stico. <\/p>\n<p>Manuela dice que no dispone de la informaci\u00f3n que encontr\u00f3 la semana pasada en click salud, no tuvo la precauci\u00f3n de hacer una captura de pantalla porque nunca pens\u00f3 que nadie fuera a cambiar lo que vio y ley\u00f3 en su historial en click salud. <\/p>\n<p>El SAS reitera que todas las pruebas diagn\u00f3sticas quedan siempre conservadas en la historia cl\u00ednica de la paciente, garantizando su trazabilidad y seguridad.<\/p>\n","protected":false},"excerpt":{"rendered":"Sevilla Se llama Manuela Delgado, tiene 64 a\u00f1os, es una mujer de Aznalc\u00f3llar, en Sevilla, y ella tambi\u00e9n&hellip;\n","protected":false},"author":2,"featured_media":196955,"comment_status":"","ping_status":"","sticky":false,"template":"","format":"standard","meta":{"footnotes":""},"categories":[5],"tags":[17,18,54583,54584,1066,6287,54585,6288,25,24,13,14,11,165,26325,19,20,9,10,15,16,15950,54586,23,34386,34387,54587,12,21,22],"class_list":{"0":"post-196954","1":"post","2":"type-post","3":"status-publish","4":"format-standard","5":"has-post-thumbnail","7":"category-titulares","8":"tag-breaking-news","9":"tag-breakingnews","10":"tag-breast-cancer-mammary-carcinoma","11":"tag-breast-cancer-screening","12":"tag-cancer","13":"tag-diagnosis","14":"tag-diagnostics","15":"tag-diseases","16":"tag-es","17":"tag-espana","18":"tag-featured-news","19":"tag-featurednews","20":"tag-headlines","21":"tag-health","22":"tag-investigation","23":"tag-latest-news","24":"tag-latestnews","25":"tag-news","26":"tag-noticias","27":"tag-noticias-destacadas","28":"tag-noticiasdestacadas","29":"tag-pharmaceutical","30":"tag-precaution","31":"tag-spain","32":"tag-symbol-image","33":"tag-symbol-photo","34":"tag-symbolic","35":"tag-titulares","36":"tag-ultimas-noticias","37":"tag-ultimasnoticias"},"share_on_mastodon":{"url":"","error":"Validation failed: Text character limit of 500 exceeded"},"_links":{"self":[{"href":"https:\/\/www.europesays.com\/es\/wp-json\/wp\/v2\/posts\/196954","targetHints":{"allow":["GET"]}}],"collection":[{"href":"https:\/\/www.europesays.com\/es\/wp-json\/wp\/v2\/posts"}],"about":[{"href":"https:\/\/www.europesays.com\/es\/wp-json\/wp\/v2\/types\/post"}],"author":[{"embeddable":true,"href":"https:\/\/www.europesays.com\/es\/wp-json\/wp\/v2\/users\/2"}],"replies":[{"embeddable":true,"href":"https:\/\/www.europesays.com\/es\/wp-json\/wp\/v2\/comments?post=196954"}],"version-history":[{"count":0,"href":"https:\/\/www.europesays.com\/es\/wp-json\/wp\/v2\/posts\/196954\/revisions"}],"wp:featuredmedia":[{"embeddable":true,"href":"https:\/\/www.europesays.com\/es\/wp-json\/wp\/v2\/media\/196955"}],"wp:attachment":[{"href":"https:\/\/www.europesays.com\/es\/wp-json\/wp\/v2\/media?parent=196954"}],"wp:term":[{"taxonomy":"category","embeddable":true,"href":"https:\/\/www.europesays.com\/es\/wp-json\/wp\/v2\/categories?post=196954"},{"taxonomy":"post_tag","embeddable":true,"href":"https:\/\/www.europesays.com\/es\/wp-json\/wp\/v2\/tags?post=196954"}],"curies":[{"name":"wp","href":"https:\/\/api.w.org\/{rel}","templated":true}]}}