{"id":196956,"date":"2025-10-23T22:14:10","date_gmt":"2025-10-23T22:14:10","guid":{"rendered":"https:\/\/www.europesays.com\/es\/196956\/"},"modified":"2025-10-23T22:14:10","modified_gmt":"2025-10-23T22:14:10","slug":"nuevo-tortazo-del-veszprem-en-la-champions-esta-vez-en-su-casa","status":"publish","type":"post","link":"https:\/\/www.europesays.com\/es\/196956\/","title":{"rendered":"\u00a1Nuevo tortazo del Veszprem en la Champions, esta vez en su casa!"},"content":{"rendered":"<p data-gtm-element-container=\"modulo-texto-link\" class=\"paragraph\">Tras perder en las pistas del <strong>Aalborg<\/strong> (32-28) y el <strong>Sporting <\/strong>(33-32), el <strong>One Veszprem <\/strong>ha sufrido otro tortazo en la <strong>Champions<\/strong>, esta vez en su casa contra el<strong> F\u00fcchse Berl\u00edn<\/strong> (31-32), vigente subcampe\u00f3n del torneo europeo y l\u00edder del grupo A con pleno de seis victorias y 12 puntos. El equipo h\u00fangaro baja a la 5\u00aa posici\u00f3n con seis puntos.<\/p>\n<p data-gtm-element-container=\"modulo-texto-link\" class=\"paragraph\">La aparici\u00f3n inicial de <strong>Mikael Appelgren<\/strong>, titular en lugar de <strong>Rodrigo Corrales<\/strong>, dio al Veszprem la primera ventaja con goles de <strong>Martinovic<\/strong>, <strong>Cindric<\/strong> y<strong> Hesham<\/strong> (3-1 en el 4&#8242;), pero el F\u00fcchse fue ajustando mejor su defensa y enseguida nivel\u00f3 el marcador con <strong>Aitor Ari\u00f1o <\/strong>colaborando a la causa (4-4). Tras toda su vida en el Bar\u00e7a, el extremo catal\u00e1n, autor de cinco goles sin fallo, hizo uno de sus mejores partidos con su nueva camiseta.<\/p>\n<p data-gtm-element-container=\"modulo-texto-link\" class=\"paragraph\">Tras el 7-7 de Cindric (11&#8242;), <strong>Dejan Milosavljev<\/strong> entr\u00f3 en escena y, al ritmo de sus paradas, el F\u00fcchse firm\u00f3 un parcial de 1-5 para irse cuatro arriba: 8-12 en el 18&#8242; con <strong>Nils Lichtlein<\/strong> y <strong>Hakun West Av Teigum<\/strong> ya con tres dianas cada uno.<\/p>\n<p data-gtm-element-container=\"modulo-texto-link\" class=\"paragraph\">Se\u00f1al de su solidez y confianza como equipo, el F\u00fcchse supo gestionar muy bien esa ventaja el resto del choque.<strong> Milosavljev<\/strong> agigant\u00f3 su figura y el Veszprem tuvo suerte de que <strong>Appelgren<\/strong> volvi\u00f3 a enchufarse en su porter\u00eda para evitar males mayores: 12-16 al descanso.<\/p>\n<p>    Lee tambi\u00e9n<\/p>\n<p data-gtm-element-container=\"modulo-texto-link\" class=\"paragraph\">Al filo del descanso, <strong>Max Darj<\/strong> vio su tercera exclusi\u00f3n y, por tanto, qued\u00f3 fuera del partido, pero el F\u00fcchse supo lidiar con la falta de uno de sus centrales defensivos y estir\u00f3 hasta los siete goles su m\u00e1xima renta: 14-21 en el 36&#8242;.<\/p>\n<p data-gtm-element-container=\"modulo-texto-link\" class=\"paragraph\">Ese marcador aboc\u00f3 ya al Veszprem hacia una remontada \u00e9pica, pero Milosavljev abort\u00f3 cualquier intento al demostrar un d\u00eda m\u00e1s que es uno de los mejores porteros del mundo al parar 16 balones con un acierto del 34%. Appelgren tambi\u00e9n destac\u00f3 en la meta local con 14 paradas (31%).<\/p>\n<p data-gtm-element-container=\"modulo-texto-link\" class=\"paragraph\">El F\u00fcchse se movi\u00f3 siempre con holgura en el juego y el marcador (20-26 en el 44&#8242; con dos goles seguidos de Ari\u00f1o) y confirm\u00f3 su papel de favorito del grupo A hasta la victoria final, aunque estuvo a punto de echar por la borda todo el trabajo en los \u00faltimos cinco minutos.<\/p>\n<p data-gtm-element-container=\"modulo-texto-link\" class=\"paragraph\"><strong>Mathias Gidsel <\/strong>(seis goles y cuatro asistencias) puso el 26-31 en el 55&#8242;, pero el Veszprem logr\u00f3 entonces un parcial de 4-0 con tres tantos de<strong> Remili<\/strong> (30-31) y el F\u00fcchse no certific\u00f3 su triunfo hasta el 30-32 de <strong>Av Teigum<\/strong> en los \u00faltimos segundos. Ya sin opciones de empate, <strong>Elisson<\/strong> estableci\u00f3 el 31-32 definitivo.<\/p>\n","protected":false},"excerpt":{"rendered":"Tras perder en las pistas del Aalborg (32-28) y el Sporting (33-32), el One Veszprem ha sufrido otro&hellip;\n","protected":false},"author":2,"featured_media":196957,"comment_status":"","ping_status":"","sticky":false,"template":"","format":"standard","meta":{"footnotes":""},"categories":[278],"tags":[376,168,25,24,375,23,167],"class_list":{"0":"post-196956","1":"post","2":"type-post","3":"status-publish","4":"format-standard","5":"has-post-thumbnail","7":"category-balonmano","8":"tag-balonmano","9":"tag-deportes","10":"tag-es","11":"tag-espana","12":"tag-handball","13":"tag-spain","14":"tag-sports"},"share_on_mastodon":{"url":"https:\/\/pubeurope.com\/@es\/115425788886436694","error":""},"_links":{"self":[{"href":"https:\/\/www.europesays.com\/es\/wp-json\/wp\/v2\/posts\/196956","targetHints":{"allow":["GET"]}}],"collection":[{"href":"https:\/\/www.europesays.com\/es\/wp-json\/wp\/v2\/posts"}],"about":[{"href":"https:\/\/www.europesays.com\/es\/wp-json\/wp\/v2\/types\/post"}],"author":[{"embeddable":true,"href":"https:\/\/www.europesays.com\/es\/wp-json\/wp\/v2\/users\/2"}],"replies":[{"embeddable":true,"href":"https:\/\/www.europesays.com\/es\/wp-json\/wp\/v2\/comments?post=196956"}],"version-history":[{"count":0,"href":"https:\/\/www.europesays.com\/es\/wp-json\/wp\/v2\/posts\/196956\/revisions"}],"wp:featuredmedia":[{"embeddable":true,"href":"https:\/\/www.europesays.com\/es\/wp-json\/wp\/v2\/media\/196957"}],"wp:attachment":[{"href":"https:\/\/www.europesays.com\/es\/wp-json\/wp\/v2\/media?parent=196956"}],"wp:term":[{"taxonomy":"category","embeddable":true,"href":"https:\/\/www.europesays.com\/es\/wp-json\/wp\/v2\/categories?post=196956"},{"taxonomy":"post_tag","embeddable":true,"href":"https:\/\/www.europesays.com\/es\/wp-json\/wp\/v2\/tags?post=196956"}],"curies":[{"name":"wp","href":"https:\/\/api.w.org\/{rel}","templated":true}]}}