{"id":196962,"date":"2025-10-23T22:19:11","date_gmt":"2025-10-23T22:19:11","guid":{"rendered":"https:\/\/www.europesays.com\/es\/196962\/"},"modified":"2025-10-23T22:19:11","modified_gmt":"2025-10-23T22:19:11","slug":"rusia-deja-en-libertad-al-ciclista-frances-detenido-cuando-intentaba-batir-un-record-mundial-esciclismo","status":"publish","type":"post","link":"https:\/\/www.europesays.com\/es\/196962\/","title":{"rendered":"Rusia deja en libertad al ciclista franc\u00e9s detenido cuando intentaba batir un r\u00e9cord mundial &#8211; Esciclismo"},"content":{"rendered":"<ol>\n<li><a href=\"https:\/\/news.google.com\/rss\/articles\/CBMiakFVX3lxTE04elFyY01VSWJNYzQ2ektpQWlvbUxyS2QyaDZ5VWloSUxTMmZGMlM5RF9pSnZod0w4T3VnQzk2b0szbjFRTHBaOEtRb2VjeWVDak1GOWdwOTBTdUFRMXNSR2JZa1EtNWMzWXc?oc=5\" target=\"_blank\" rel=\"nofollow noopener\">Rusia deja en libertad al ciclista franc\u00e9s detenido cuando intentaba batir un r\u00e9cord mundial<\/a>&nbsp;&nbsp;Esciclismo<\/li>\n<li><a href=\"https:\/\/news.google.com\/rss\/articles\/CBMi1AFBVV95cUxNNTFtTUlXb1A2QkJmTzQ1M2k4ZGdpb3RkMmdBNXpvRzZnNDVacFJaU3IwUlZGbkJaeHd5VDNwMW4yek9ES05BYUJieklXNkQxajBFWVg3SG9PNXlHMTdLMVp3SUtNS2ZWZDNBNGROX29NaWZ3VkdIT0dMZjM0ZXZQdVJRal9uRmFjYTF6c2VtMlh6NlcyelZXWHRKOXZkN2p0dzF4eDV2VGEzS0JZWWJDR1BWa3hJQzBvQW52VDJqVGpSaUJEbWlEYWhqVG5zMllaaHUycg?oc=5\" target=\"_blank\" rel=\"nofollow noopener\">Un tribunal de Rusia ordena la liberaci\u00f3n de un ciclista franc\u00e9s detenido en septiembre<\/a>&nbsp;&nbsp;Europa Press<\/li>\n<li><a href=\"https:\/\/news.google.com\/rss\/articles\/CBMimgFBVV95cUxPSGpFVkhQZHc2UDAxQ1lNU01uT19hVTNkdnAxRl9nM0lQcURWOE9RdnJLaHJjaHhTNmtic3pCMVdJQUdHVlMxdGRNQTNxQkFETERnWERXOVZWNEVBZTd3dzBXbHA2SVFWbUpaQW50V2tnTGtnTzB3Z1pma2dLbllnQVVDbHVxTWVWTHpmMWZZWWZoeXdJZ1VZZ0xR0gGfAUFVX3lxTE9QODBMTlY1eFNyUjhFdkhtZDViMjc1YW9lOGNmMGVoamRvR0hGeTVmR3JnN1ZUM2x6SHVnLTR4cy1maktnc0xwaFBpMmp1eWZVVmRxd29UT3h0NXF5OGtLZGR0LXgtWHJhb242bmdoN0J5UVEtWWdLbE9nUk85X2JUX0pkZTJzbEJCT0ZnZzNwQmlrM0tKMDdiUDhfMlZwWQ?oc=5\" target=\"_blank\" rel=\"nofollow noopener\">Rusia libera a un ciclista franc\u00e9s al que detuvo cuando cruz\u00f3 su frontera para intentar batir un r\u00e9cord mundial<\/a>&nbsp;&nbsp;Diario de Sevilla<\/li>\n<li><a href=\"https:\/\/news.google.com\/rss\/articles\/CBMi_AFBVV95cUxPbEpRMXl4U1NmNHhHakF6dUp4eld3M0FERVhHcm1hMV9mdXo3NkdNTlltbGxMMWU2YU1yeFItRVJ2eks3SE54cEVMd2lFS3k0aUo3NUo4eW9xN3R4NjFxWlVjWGNaNVh0cE5WT0czNXBSVGE3NE9lMW9Yemtpal80NkZFS1lraHJYZTdIaGdYM3psQnJKMXpYMFA2VV8xdVpKMXM5clBwT0NjMUNLazlQOGJ1UHNvUl9KVm1ieXZFMHdYeE85cG1WZkN6aDV4dk12UjgxVEJlaUF2aU1aR0gyUzJRYkFEWTdRSUlSc2xrMmhOZUhtdTBSNkdiaDbSAZACQVVfeXFMTzB1dWJDX3p1N1NMdGxjR0E0MV9ScHhuYmxsaTRYVm5SekUzZjlUWVpFcFBxd01xZ1o5Vmk3alZyZkhiUUdFM25GTjZRajZzVU50NFdGemM4aGdoWlRTMXZEZk12Rmp3cHliUjZCY1ZQX2JyZ0FKVlh3UlZIbkJNRF95VWViOEdpMWxQVkM4LVdmUExRY3FTdkFGQ0lrWFg0Vk9SVDV1YXd5OTJPeVNFUDl1V0gzcnNvRldqRGxlTzhYMklqaXItcEFjQVNyNE1NNGFUMXY4R1B1OUUwSGlRUVEzV2RvUzh6ay1TU29KTEFpYjVfTG1KUkd0eFg1bmliTTJvbU9mVmYzZ2FLLTVXdGU?oc=5\" target=\"_blank\" rel=\"nofollow noopener\">Un tribunal ruso libera al ciclista franc\u00e9s encarcelado en septiembre por cruzar ilegalmente la frontera del<\/a>&nbsp;&nbsp;La Raz\u00f3n<\/li>\n<li><a href=\"https:\/\/news.google.com\/rss\/articles\/CBMi3wFBVV95cUxNRWZlNDByT0NPYV8yUmhmVjV5Y0E1Q3BGMDEzblhaVkNoejZnWGNrV3BzNTFvZlpGN0hFN2RyQ0lubG81ZkRidlBmUFdoREY4R0s4VFFyN2JPd3hCLXFfcERPMkdCQjNwdUIwVWpsNnJzajdJUUE1STFaaUlKaDlYVG5kRXFzamRSd2hUaWtZUkVwblFkWk5PNDNqYldFaGwydU9HbUY3ZGc1bmRNWmRZX2stenBPVGRjRlRMMG5wblpaenh4VDdwNVdKbnZ5MmNmYWc4UmNVRjJvVjg1U2ZN?oc=5\" target=\"_blank\" rel=\"nofollow noopener\">Rusia: c\u00f3mo la terrible experiencia de un ciclista franc\u00e9s pone de relieve las normas para utilizar el visado electr\u00f3nico<\/a>&nbsp;&nbsp;VisasNews<\/li>\n<\/ol>\n","protected":false},"excerpt":{"rendered":"Rusia deja en libertad al ciclista franc\u00e9s detenido cuando intentaba batir un r\u00e9cord mundial&nbsp;&nbsp;Esciclismo Un tribunal de Rusia&hellip;\n","protected":false},"author":2,"featured_media":121464,"comment_status":"","ping_status":"","sticky":false,"template":"","format":"standard","meta":{"footnotes":""},"categories":[273],"tags":[313,1757,312,8600,168,25,24,8868,1820,887,5085,2954,40015,10747,1614,54590,54589,23,167,9596,16743],"class_list":{"0":"post-196962","1":"post","2":"type-post","3":"status-publish","4":"format-standard","5":"has-post-thumbnail","7":"category-ciclismo","8":"tag-ciclismo","9":"tag-ciclista","10":"tag-cycling","11":"tag-dejo","12":"tag-deportes","13":"tag-es","14":"tag-espana","15":"tag-extremo","16":"tag-frances","17":"tag-jueves","18":"tag-libertad","19":"tag-oriente","20":"tag-primorie","21":"tag-quien","22":"tag-rusia","23":"tag-sehili","24":"tag-sofiane","25":"tag-spain","26":"tag-sports","27":"tag-tribunal","28":"tag-un"},"share_on_mastodon":{"url":"https:\/\/pubeurope.com\/@es\/115425808433319863","error":""},"_links":{"self":[{"href":"https:\/\/www.europesays.com\/es\/wp-json\/wp\/v2\/posts\/196962","targetHints":{"allow":["GET"]}}],"collection":[{"href":"https:\/\/www.europesays.com\/es\/wp-json\/wp\/v2\/posts"}],"about":[{"href":"https:\/\/www.europesays.com\/es\/wp-json\/wp\/v2\/types\/post"}],"author":[{"embeddable":true,"href":"https:\/\/www.europesays.com\/es\/wp-json\/wp\/v2\/users\/2"}],"replies":[{"embeddable":true,"href":"https:\/\/www.europesays.com\/es\/wp-json\/wp\/v2\/comments?post=196962"}],"version-history":[{"count":0,"href":"https:\/\/www.europesays.com\/es\/wp-json\/wp\/v2\/posts\/196962\/revisions"}],"wp:featuredmedia":[{"embeddable":true,"href":"https:\/\/www.europesays.com\/es\/wp-json\/wp\/v2\/media\/121464"}],"wp:attachment":[{"href":"https:\/\/www.europesays.com\/es\/wp-json\/wp\/v2\/media?parent=196962"}],"wp:term":[{"taxonomy":"category","embeddable":true,"href":"https:\/\/www.europesays.com\/es\/wp-json\/wp\/v2\/categories?post=196962"},{"taxonomy":"post_tag","embeddable":true,"href":"https:\/\/www.europesays.com\/es\/wp-json\/wp\/v2\/tags?post=196962"}],"curies":[{"name":"wp","href":"https:\/\/api.w.org\/{rel}","templated":true}]}}