{"id":196983,"date":"2025-10-23T22:31:09","date_gmt":"2025-10-23T22:31:09","guid":{"rendered":"https:\/\/www.europesays.com\/es\/196983\/"},"modified":"2025-10-23T22:31:09","modified_gmt":"2025-10-23T22:31:09","slug":"la-revuelta-can-yaman-revela-el-metodo-con-el-que-ha-aprendido-espanol-en-un-ano-no-te-entendia","status":"publish","type":"post","link":"https:\/\/www.europesays.com\/es\/196983\/","title":{"rendered":"La revuelta: Can Yaman revela el m\u00e9todo con el que ha aprendido espa\u00f1ol en un a\u00f1o: \u00abNo te entend\u00eda\u00bb"},"content":{"rendered":"<p style=\"\">Incluso anunciando los invitados con antelaci\u00f3n,<strong> &#8216;La Revuelta&#8217;<\/strong> se las apa\u00f1a para seguir manteniendo el factor sorpresa en cada programa. Tras <a href=\"https:\/\/www.abc.es\/play\/television\/noticias\/gabriel-rufian-habla-primera-vez-sobre-encuentro-20251021114223-nt.html\" target=\"_self\" data-voc-vtm-id=\"in-text-traffic\" title=\"la visita de Javi\u00e1n de &#039;Operaci\u00f3n Triunfo 1&#039; y Gabriel Rufi\u00e1n\" data-mrf-link=\"www.abc.es\" rel=\"nofollow noopener\">la visita de Javi\u00e1n de &#8216;Operaci\u00f3n Triunfo 1&#8217; y Gabriel Rufi\u00e1n<\/a> el pasado lunes,<strong> David Broncano<\/strong> adelantaba qui\u00e9n pasar\u00eda  &#8230; por el &#8216;show&#8217; de<strong> Televisi\u00f3n Espa\u00f1ola<\/strong> a lo largo de la semana. O m\u00e1s bien, lo hac\u00eda a medias. Una de las visitas comentadas no hab\u00eda sido anunciada a los espectadores. El martes,<a href=\"https:\/\/www.abc.es\/gente\/mari-chambao-reaparece-revuelta-revela-operada-segundo-20251022120810-nt.html\" target=\"_self\" data-voc-vtm-id=\"in-text-traffic\" title=\" la Mari de Chambao reaparec\u00eda en el escenario del Teatro Pr\u00edncipe Gran V\u00eda, \" data-mrf-link=\"www.abc.es\" rel=\"nofollow noopener\"> la Mari de Chambao reaparec\u00eda en el escenario del Teatro Pr\u00edncipe Gran V\u00eda, <\/a>de la mano de <strong>Pantomima Full, <\/strong>despu\u00e9s de ser operada por segunda vez de c\u00e1ncer de mama. <\/p>\n<p class=\"voc-p\" style=\"\">Tambi\u00e9n se guardaba el presentador el men\u00fa con el que cerrar\u00eda la semana este jueves 23 de octubre. Broncano solo dejaba caer que visitar\u00eda el programa \u00abuna actriz espa\u00f1ola de mucho \u00e9xito y  una estrella internacional\u00bb. La int\u00e9rprete patria era <strong>B\u00e1rbara Lennie<\/strong>, que acudi\u00f3 a presentar <a href=\"https:\/\/www.abc.es\/play\/cine\/noticias\/barbara-lennie-antonio-torre-sumergen-perlas-san-20250921014005-nt.html\" target=\"_self\" data-voc-vtm-id=\"in-text-traffic\" title=\"la nueva pel\u00edcula de Alberto Rodr\u00edguez, &#039;Los tigres&#039;\" data-mrf-link=\"www.abc.es\" rel=\"nofollow noopener\">la nueva pel\u00edcula de Alberto Rodr\u00edguez, &#8216;Los tigres&#8217;<\/a>. <\/p>\n<blockquote class=\"twitter-tweet\" data-width=\"550\">\n<p lang=\"es\" dir=\"ltr\">\ud83c\uddea\ud83c\uddf8 El incre\u00edble nivel de espa\u00f1ol de Can Yaman. <\/p>\n<p>Pens\u00e1bamos que igual tocaba entrevista en ingl\u00e9s y el t\u00edo sabe todas las palabrotas y \u00abmojar el churro\u00bb. Podr\u00edamos haber hecho toda la entrevista leyendo ese cuaderno, qu\u00e9 gracioso <a href=\"https:\/\/twitter.com\/hashtag\/Larevuelta?src=hash&amp;ref_src=twsrc%5Etfw\" rel=\"nofollow noopener\" target=\"_blank\">#Larevuelta<\/a> <a href=\"https:\/\/t.co\/pPeIjVDQnN\" rel=\"nofollow\">pic.twitter.com\/pPeIjVDQnN<\/a><\/p>\n<p>\u2014 La Revuelta (@LaRevuelta_TVE) <a href=\"https:\/\/twitter.com\/LaRevuelta_TVE\/status\/1981454076836794464?ref_src=twsrc%5Etfw\" rel=\"nofollow noopener\" target=\"_blank\">October 23, 2025<\/a><\/p><\/blockquote>\n<p class=\"voc-p\" style=\"\">\u00a0El secreto del otro invitado, sin embargo, se filtr\u00f3 irremediablemente antes de la emisi\u00f3n. El actor turco <strong>Can Yaman<\/strong>, f<a href=\"https:\/\/www.abc.es\/play\/series\/noticias\/can-yaman-estrella-telenovelas-turquia-trabajamos-horas-20241030160639-nt.html\" target=\"_self\" data-voc-vtm-id=\"in-text-traffic\" title=\"en\u00f3meno de masas en Espa\u00f1a por series como &#039;Erkenci Ku\u015f&#039;,\" data-mrf-link=\"www.abc.es\" rel=\"nofollow noopener\">en\u00f3meno de masas en Espa\u00f1a por series como &#8216;Erkenci Ku\u015f&#8217;,<\/a> se encuentra en Madrid para rodar su primera serie nacional. Una ficci\u00f3n que grabar\u00e1 en los pr\u00f3ximos meses completamente en espa\u00f1ol, idioma que el int\u00e9rprete ha aprendido para el proyecto en tan solo un a\u00f1o y cuyos avances demostr\u00f3 con creces durante su entrevista en &#8216;<strong>La Revuelta&#8217;<\/strong>.<\/p>\n<p class=\"voc-p\" style=\"\">\u00c9l mismo le solicit\u00f3 al anfitri\u00f3n que toda la conversaci\u00f3n transcurriera en espa\u00f1ol, nada de ingl\u00e9s. \u00abEs un desaf\u00edo para mi\u00bb. Aunque el actor result\u00f3 ser un alumno muy aplicado. \u00abMi vocabulario es muy amplio\u00bb, presum\u00eda con humor mientras Broncano le echaba un vistazo a un cuaderno de palabrotas, refranes y expresiones que llevaba el invitado. <\/p>\n<p>\nDe abogado a actor por casualidad\n<\/p>\n<p class=\"voc-p\" style=\"\">Otro m\u00e9todo de estudio del castellano que revel\u00f3<strong> Can Yaman<\/strong> fue usando Instagram. Se elimin\u00f3 su cuenta, pero se cre\u00f3 otra privada en la que principalmente segu\u00eda perfiles espa\u00f1oles. Entre ellos, el de<strong> \u2018La Revuelta<\/strong>\u2019. \u00abEra un desaf\u00edo\u2026 Me ven\u00eda abajo porque no te entend\u00eda. Preguntaba a mi profesora, \u2018\u00bfqu\u00e9 dice ese t\u00edo?\u2019 No entend\u00eda. As\u00ed que eres mi \u00eddolo\u00bb, vacil\u00f3 al c\u00f3mico.<\/p>\n<p class=\"voc-p\" style=\"\">Pero no bromeaba al comentar que segu\u00eda al programa de<strong> La 1<\/strong> en redes sociales, pues con el regalo que le entreg\u00f3 al jienense se comprob\u00f3 que conoc\u00eda su pasi\u00f3n por el alpinismo y la escalada. Se trataba de \u2018<strong>Recuerdos de monta\u00f1as lejanas\u2019<\/strong>, obra del escritor turco<a href=\"https:\/\/www.abc.es\/cultura\/libros\/abci-orhan-pamuklos-buenos-novelistas-profetas-ingenuos-201804040135_noticia.html\" target=\"_self\" data-voc-vtm-id=\"in-text-traffic\" title=\" Orhan Pamuk, premio Nobel de Literatura en 2008\" data-mrf-link=\"www.abc.es\" rel=\"nofollow noopener\"> Orhan Pamuk, premio Nobel de Literatura en 2008<\/a>. En la dedicatoria, una invitaci\u00f3n a practicar escalada juntos.<\/p>\n<blockquote class=\"twitter-tweet\" data-width=\"550\">\n<p lang=\"es\" dir=\"ltr\">\ud83d\udc54 Can Yaman so\u00f1aba con ser abogado internacional, pero el destino decidi\u00f3 que todos so\u00f1\u00e1ramos con \u00e9l. <\/p>\n<p>Imagina que vas a juicio y se planta Can Yaman como tu abogado. Virgen santa, qu\u00e9 bicho.  <a href=\"https:\/\/twitter.com\/hashtag\/larevuelta?src=hash&amp;ref_src=twsrc%5Etfw\" rel=\"nofollow noopener\" target=\"_blank\">#larevuelta<\/a> <a href=\"https:\/\/t.co\/ogB6jme4Js\" rel=\"nofollow\">pic.twitter.com\/ogB6jme4Js<\/a><\/p>\n<p>\u2014 La Revuelta (@LaRevuelta_TVE) <a href=\"https:\/\/twitter.com\/LaRevuelta_TVE\/status\/1981456341941326317?ref_src=twsrc%5Etfw\" rel=\"nofollow noopener\" target=\"_blank\">October 23, 2025<\/a><\/p><\/blockquote>\n<p class=\"voc-p\" style=\"\">Adem\u00e1s, el invitado relat\u00f3 c\u00f3mo termin\u00f3 siendo actor gracias a la casualidad. Yaman se gradu\u00f3 en Derecho en 2012 y lleg\u00f3 a ejercer en un bufete. \u00abConoc\u00ed a mis agentes en unas vacaciones, en un hotel en el sur de Turqu\u00eda\u00bb, rememor\u00f3. Lo animaron a probar suerte en la interpretaci\u00f3n, si bien \u00abal principio era un hobby y despu\u00e9s se hizo serio\u00bb.<\/p>\n<p class=\"voc-p\" style=\"\">Tras saltar a la fama en su pa\u00eds, ha podido trabajar en varios pa\u00edses gracias a conocer cuatro idiomas. Por lo pronto no se conoce gran cosa del proyecto espa\u00f1ol que rodar\u00e1 este oto\u00f1o, salvo que encarna a un personaje llamado <strong>Kaplan<\/strong>, \u00abun agente del servicio secreto, as\u00ed que tengo que hacer mucho deporte\u00bb. <\/p>\n<p class=\"voc-p\" style=\"\">Despu\u00e9s de responder a las \u2018preguntas cl\u00e1sicas\u2019, la estrella turca promet\u00eda volver a menudo al programa. Tanto es as\u00ed que no quer\u00eda marcharse. \u00abMe ha sabido a poco, \u00bfpuedo quedarme?\u00bb.<\/p>\n<p><script async src=\"https:\/\/platform.twitter.com\/widgets.js\" charset=\"utf-8\"><\/script><\/p>\n","protected":false},"excerpt":{"rendered":"Incluso anunciando los invitados con antelaci\u00f3n, &#8216;La Revuelta&#8217; se las apa\u00f1a para seguir manteniendo el factor sorpresa en&hellip;\n","protected":false},"author":2,"featured_media":196984,"comment_status":"","ping_status":"","sticky":false,"template":"","format":"standard","meta":{"footnotes":""},"categories":[91],"tags":[30536,146,147,25,24,23,54594],"class_list":{"0":"post-196983","1":"post","2":"type-post","3":"status-publish","4":"format-standard","5":"has-post-thumbnail","7":"category-entretenimiento","8":"tag-can","9":"tag-entertainment","10":"tag-entretenimiento","11":"tag-es","12":"tag-espana","13":"tag-spain","14":"tag-yaman"},"share_on_mastodon":{"url":"https:\/\/pubeurope.com\/@es\/115425855697934664","error":""},"_links":{"self":[{"href":"https:\/\/www.europesays.com\/es\/wp-json\/wp\/v2\/posts\/196983","targetHints":{"allow":["GET"]}}],"collection":[{"href":"https:\/\/www.europesays.com\/es\/wp-json\/wp\/v2\/posts"}],"about":[{"href":"https:\/\/www.europesays.com\/es\/wp-json\/wp\/v2\/types\/post"}],"author":[{"embeddable":true,"href":"https:\/\/www.europesays.com\/es\/wp-json\/wp\/v2\/users\/2"}],"replies":[{"embeddable":true,"href":"https:\/\/www.europesays.com\/es\/wp-json\/wp\/v2\/comments?post=196983"}],"version-history":[{"count":0,"href":"https:\/\/www.europesays.com\/es\/wp-json\/wp\/v2\/posts\/196983\/revisions"}],"wp:featuredmedia":[{"embeddable":true,"href":"https:\/\/www.europesays.com\/es\/wp-json\/wp\/v2\/media\/196984"}],"wp:attachment":[{"href":"https:\/\/www.europesays.com\/es\/wp-json\/wp\/v2\/media?parent=196983"}],"wp:term":[{"taxonomy":"category","embeddable":true,"href":"https:\/\/www.europesays.com\/es\/wp-json\/wp\/v2\/categories?post=196983"},{"taxonomy":"post_tag","embeddable":true,"href":"https:\/\/www.europesays.com\/es\/wp-json\/wp\/v2\/tags?post=196983"}],"curies":[{"name":"wp","href":"https:\/\/api.w.org\/{rel}","templated":true}]}}