{"id":196991,"date":"2025-10-23T22:36:21","date_gmt":"2025-10-23T22:36:21","guid":{"rendered":"https:\/\/www.europesays.com\/es\/196991\/"},"modified":"2025-10-23T22:36:21","modified_gmt":"2025-10-23T22:36:21","slug":"la-otan-despliega-dos-cazas-espanoles-despues-de-que-rusia-haya-violado-el-espacio-aereo-de-lituania-con-dos-aviones","status":"publish","type":"post","link":"https:\/\/www.europesays.com\/es\/196991\/","title":{"rendered":"La OTAN despliega dos cazas espa\u00f1oles despu\u00e9s de que Rusia haya violado el espacio a\u00e9reo de Lituania con dos aviones"},"content":{"rendered":"<p class=\"paragraph\" id=\"paragraph_1\">Nueva provocaci\u00f3n de Mosc\u00fa en territorio OTAN. <strong>Dos aviones militares rusos <\/strong>violaron este jueves el <strong>espacio a\u00e9reo de Lituania<\/strong> durante unos 18 segundos\u00a0procedentes de la regi\u00f3n de Kaliningrado, unos hechos que han <strong>obligado a desplegar dos cazas espa\u00f1oles<\/strong> de la misi\u00f3n de vigilancia a\u00e9rea de la OTAN.<\/p>\n<p class=\"paragraph\" id=\"paragraph_2\">Las Fuerzas Armadas lituanas han detallado que sobre las seis de la tarde hora local, los radares han detectado una<strong> violaci\u00f3n del espacio a\u00e9reo en la frontera estatal<\/strong>, cerca de Kybartai (suroeste) por parte de un<strong> caza SU-30<\/strong> que realizaba tareas de reabastecimiento en la regi\u00f3n de Kaliningrado y un <strong>avi\u00f3n cisterna de tipo IL-78.<\/strong><\/p>\n<p class=\"paragraph\" id=\"paragraph_3\">Ambos aparatos volaron unos 700 metros hacia territorio lituano y se fueron tras permanecer cerca de 18 segundos en la zona. \u00abEn respuesta al incidente, dos cazas Eurofighter Typhoon de la Fuerza A\u00e9rea espa\u00f1ola, que realizan una misi\u00f3n a\u00e9rea de la OTAN, se desplazaron al lugar y realizan patrullas a\u00e9reas en el lugar del incidente\u00bb, ha resaltado en un comunicado.<\/p>\n<p><img loading=\"lazy\" decoding=\"async\" alt=\"A330 MRTT\" height=\"180\" src=\"https:\/\/www.europesays.com\/es\/wp-content\/uploads\/2025\/10\/593202728_193896125_320x180.jpg\" width=\"320\" data-lazy-status=\"processed\" data-lazy-info=\"remove loading item 1\"\/><\/p>\n<p class=\"paragraph\" id=\"paragraph_4\">El presidente de <strong>Lituania<\/strong>, Gitanas Nauseda, ha condenado <strong>la violaci\u00f3n del espacio a\u00e9reo<\/strong> y ha asegurando que estos hechos \u00abconfirman la importancia de fortalecer la preparaci\u00f3n de la defensa a\u00e9rea europea\u00bb. Asimismo, ha confirmado que Vilna convocar\u00e1 a representantes de la Embajada rusa en el pa\u00eds para protestar contra este \u00abcomportamiento imprudente y peligroso\u00bb.<\/p>\n<p class=\"paragraph\" id=\"paragraph_5\">\u00abCondeno en\u00e9rgicamente la reciente violaci\u00f3n del espacio a\u00e9reo lituano por parte de un caza y un avi\u00f3n de transporte de la Federaci\u00f3n Rusa desde la regi\u00f3n de Kaliningrado. Esta es una cruel violaci\u00f3n del Derecho Internacional y la soberan\u00eda territorial de Lituania\u00bb, ha subrayado en un v\u00eddeo publicado en la red social X.<\/p>\n<p class=\"paragraph\" id=\"paragraph_6\">Lituania ha experimentado recientemente<strong>\u00a0numerosas violaciones de su espacio a\u00e9re<\/strong>o, incluyendo incursiones de <strong>drones rusos y avistamientos de aviones militares.<\/strong><\/p>\n<p class=\"paragraph\" id=\"paragraph_7\">Como respuesta, ha intensificado la vigilancia a\u00e9rea y autorizado a sus fuerzas a derribar drones que violen el espacio a\u00e9reo, adem\u00e1s de recibir interceptaciones de aviones de la OTAN en su frontera.<\/p>\n<p class=\"paragraph\" id=\"paragraph_8\">Recientemente,<strong> el aeropuerto de Vilna tuvo que cerrar temporalmente<\/strong> en la\u00a0noche del pasado martes al mi\u00e9rcoles\u00a0debido a la presencia de globos de contrabando de tabaco.<\/p>\n","protected":false},"excerpt":{"rendered":"Nueva provocaci\u00f3n de Mosc\u00fa en territorio OTAN. Dos aviones militares rusos violaron este jueves el espacio a\u00e9reo de&hellip;\n","protected":false},"author":2,"featured_media":196992,"comment_status":"","ping_status":"","sticky":false,"template":"","format":"standard","meta":{"footnotes":""},"categories":[5],"tags":[17,18,1616,25,24,700,13,14,11,19,20,14551,9,10,15,16,1613,1614,23,12,21,22,7083],"class_list":{"0":"post-196991","1":"post","2":"type-post","3":"status-publish","4":"format-standard","5":"has-post-thumbnail","7":"category-titulares","8":"tag-breaking-news","9":"tag-breakingnews","10":"tag-defensa","11":"tag-es","12":"tag-espana","13":"tag-europa","14":"tag-featured-news","15":"tag-featurednews","16":"tag-headlines","17":"tag-latest-news","18":"tag-latestnews","19":"tag-lituania","20":"tag-news","21":"tag-noticias","22":"tag-noticias-destacadas","23":"tag-noticiasdestacadas","24":"tag-otan","25":"tag-rusia","26":"tag-spain","27":"tag-titulares","28":"tag-ultimas-noticias","29":"tag-ultimasnoticias","30":"tag-vladimir-putin"},"share_on_mastodon":{"url":"https:\/\/pubeurope.com\/@es\/115425875496446634","error":""},"_links":{"self":[{"href":"https:\/\/www.europesays.com\/es\/wp-json\/wp\/v2\/posts\/196991","targetHints":{"allow":["GET"]}}],"collection":[{"href":"https:\/\/www.europesays.com\/es\/wp-json\/wp\/v2\/posts"}],"about":[{"href":"https:\/\/www.europesays.com\/es\/wp-json\/wp\/v2\/types\/post"}],"author":[{"embeddable":true,"href":"https:\/\/www.europesays.com\/es\/wp-json\/wp\/v2\/users\/2"}],"replies":[{"embeddable":true,"href":"https:\/\/www.europesays.com\/es\/wp-json\/wp\/v2\/comments?post=196991"}],"version-history":[{"count":0,"href":"https:\/\/www.europesays.com\/es\/wp-json\/wp\/v2\/posts\/196991\/revisions"}],"wp:featuredmedia":[{"embeddable":true,"href":"https:\/\/www.europesays.com\/es\/wp-json\/wp\/v2\/media\/196992"}],"wp:attachment":[{"href":"https:\/\/www.europesays.com\/es\/wp-json\/wp\/v2\/media?parent=196991"}],"wp:term":[{"taxonomy":"category","embeddable":true,"href":"https:\/\/www.europesays.com\/es\/wp-json\/wp\/v2\/categories?post=196991"},{"taxonomy":"post_tag","embeddable":true,"href":"https:\/\/www.europesays.com\/es\/wp-json\/wp\/v2\/tags?post=196991"}],"curies":[{"name":"wp","href":"https:\/\/api.w.org\/{rel}","templated":true}]}}