{"id":197009,"date":"2025-10-23T22:46:11","date_gmt":"2025-10-23T22:46:11","guid":{"rendered":"https:\/\/www.europesays.com\/es\/197009\/"},"modified":"2025-10-23T22:46:11","modified_gmt":"2025-10-23T22:46:11","slug":"tengo-confianza-total-en-el","status":"publish","type":"post","link":"https:\/\/www.europesays.com\/es\/197009\/","title":{"rendered":"Tengo confianza total en \u00e9l"},"content":{"rendered":"<p><strong>Norma Duval<\/strong> se encuentra en uno de los mejores momentos de su vida, justo cuando est\u00e1 a punto de cumplir los 70 a\u00f1os. La vedette asegura que despu\u00e9s de haber trabajado mucho, ahora vive por y para ella misma. \u00ab<strong>Me he pasado mucho tiempo viviendo para todos, pero para m\u00ed\u00bb<\/strong>. Con tres hijos, y <a href=\"https:\/\/okdiario.com\/look\/actualidad\/norma-duval-aclara-como-esta-matrimonio-matthias-kuhn-yo-tengo-mis-obligaciones-espana-2293229\" rel=\"nofollow noopener\" target=\"_blank\">felizmente casada con el agente inmobiliario Matthias K\u00fchn<\/a>, Norma puede presumir de haber encontrado el equilibrio entre el \u00e9xito profesional y vida personal.<\/p>\n<p>De hecho, ella misma ha aclarado qu\u00e9 tipo de relaci\u00f3n mantiene con su marido, ya que no son un matrimonio al uso. Y es que Norma y K\u00fchn se definen como <strong>una pareja LAT (Living apart together)<\/strong>; es decir, que est\u00e1n juntos pero no viven juntos todo el tiempo. \u00abCada uno tiene sus casas y sus hijos, para m\u00ed este es mi tercer marido, y tambi\u00e9n tenemos ya una edad\u00bb, ha explicado en el plat\u00f3 de El tiempo justo.<strong> \u00abNos llevamos muy bien y estamos muy felices, yo sigo trabajando, estoy muy activa y \u00e9l actualmente est\u00e1 en Suiza\u00bb<\/strong>.<\/p>\n<p>Lo cierto es que la pareja atraviesa un bache algo complicado, ya que el empresario alem\u00e1n debe responder ante la justicia por varios delitos; entre ellos: &#8211;<strong>alzamiento de bienes agravado continuado, estafa procesal e insolvencia punible-<\/strong> y que podr\u00edan llevarle a prisi\u00f3n.<\/p>\n<blockquote class=\"twitter-tweet\">\n<p dir=\"ltr\" lang=\"es\">Norma Duval habla sobre su momento personal y confiesa los secretos de su relaci\u00f3n con su pareja Matthias K\u00fchn: \u00abEstamos juntos, pero tenemos libertad\u00bb <a href=\"https:\/\/twitter.com\/hashtag\/ElTiempoJusto23O?src=hash&amp;ref_src=twsrc%5Etfw\" rel=\"nofollow noopener\" target=\"_blank\">#ElTiempoJusto23O<\/a> <a href=\"https:\/\/t.co\/97ULEHYFK2\" rel=\"nofollow\">https:\/\/t.co\/97ULEHYFK2<\/a><\/p>\n<p>\u2014 El tiempo justo (@eltiempojusto) <a href=\"https:\/\/twitter.com\/eltiempojusto\/status\/1981414069362942116?ref_src=twsrc%5Etfw\" rel=\"nofollow noopener\" target=\"_blank\">October 23, 2025<\/a><\/p>\n<\/blockquote>\n<p>Norma Duval y Matthias K\u00fchn: una pareja LAT<\/p>\n<p>Sin embargo, eso no habr\u00eda afectado a su relaci\u00f3n, tal y como ha detallado Duval, quien confiar\u00eda plenamente en su marido. Al parecer, ambos acuerdan verse unos 10 o 12 d\u00edas al mes, pero despu\u00e9s vuelven cada uno a sus ocupaciones.<a href=\"https:\/\/okdiario.com\/look\/actualidad\/amor-prueba-hacienda-norma-duval-matthias-kuhn-reaparecen-tormenta-judical-2306441\" rel=\"nofollow noopener\" target=\"_blank\"> \u00abTenemos mucha confianza, estamos unidos y\u00a0tenemos libertad\u00bb<\/a>, afirma. Nada menos que 16 a\u00f1os de amor, durante los que tambi\u00e9n se ha volcado por completo con sus hijos.<strong> \u00abNo soy la madre perfecta, pero me he sacrificado por mis hijos\u00bb<\/strong>, le ha confesado a Joaqu\u00edn Prat. \u00abCuando quieres, lo das todo por los tuyos\u00bb.<\/p>\n<p>\n<img decoding=\"async\" loading=\"lazy\" class=\"size-medium wp-image-2409498\" alt=\"Norma Duval en 'El Tiempo justo'\" width=\"620\" height=\"354\"  src=\"https:\/\/www.europesays.com\/es\/wp-content\/uploads\/2025\/10\/placeholder.jpg\"  bad-src=\"https:\/\/www.europesays.com\/es\/wp-content\/uploads\/2025\/10\/placeholder.jpg\"\/><\/p>\n<p><img decoding=\"async\" loading=\"lazy\" class=\"size-medium wp-image-2409498\" src=\"https:\/\/www.europesays.com\/es\/wp-content\/uploads\/2025\/10\/norma-duval-en-el-tiempo-justo-620x354.jpg\" alt=\"Norma Duval en 'El Tiempo justo'\" width=\"620\" height=\"354\"  \/><\/p>\n<p> Norma Duval en \u2018El Tiempo justo\u2019\n<\/p>\n<p>Por otro lado, Norma tambi\u00e9n ha recordado sus comienzos en la televisi\u00f3n, que precisamente fueron en Telecinco. Era en 1990 cuando la vedette daba rienda suelta a su faceta como presentadora, consiguiendo cautivar por completo a los espectadores. Una \u00e9poca de mucho \u00e9xito y esplendor, tras la cual decidi\u00f3 alejarse de los focos para centrarse en su vida personal.<strong> \u00abTrabaj\u00e9 desde muy jovencita\u00bb<\/strong>, explica respecto a los motivos, por lo que ella sinti\u00f3 que en ese momento necesitaba un descanso.<\/p>\n<p>Pese a su gran momento vital, Duval sigue muy de cerca la actual situaci\u00f3n que asola a nuestro pa\u00eds<strong>.\u00a0\u00abEstamos viviendo un momento convulso, complicado y\u00a0me preocupa la juventud.\u00a0Hay que ayudarla, apoyarla y es el futuro nuestro\u00bb<\/strong>, ha comentado al respecto., refiri\u00e9ndose sobre todo a sus hijos y sus sobrinas.<\/p>\n<p>\n<img decoding=\"async\" loading=\"lazy\" class=\"wp-image-2306449 size-full\" alt=\"Norma Duval y Matthias K\u00fchn en Mallorca. (Foto: Gtres)\" width=\"1800\" height=\"1165\"  src=\"https:\/\/www.europesays.com\/es\/wp-content\/uploads\/2025\/10\/placeholder.jpg\"  bad-src=\"https:\/\/www.europesays.com\/es\/wp-content\/uploads\/2025\/10\/placeholder.jpg\"\/><\/p>\n<p><img decoding=\"async\" loading=\"lazy\" class=\"wp-image-2306449 size-full\" src=\"https:\/\/www.europesays.com\/es\/wp-content\/uploads\/2025\/10\/u583509_012-1.jpg\" alt=\"Norma Duval y Matthias K\u00fchn en Mallorca. (Foto: Gtres)\" width=\"1800\" height=\"1165\"  \/><\/p>\n<p> Norma Duval y Matthias K\u00fchn en Mallorca. (Foto: Gtres)\n<\/p>\n<p class=\"_container_g8t15_1 _container_p38cu_1 color_eta\">Y es que ella considera que lo tienen mucho m\u00e1s dif\u00edcil que su generaci\u00f3n. \u00abMe preocupa la vivienda\u00a0y el trabajo de los j\u00f3venes. Lo que ganas con lo que necesitas para vivir\u2026\u00a0no hay un equilibrio.\u00a0La gente necesita dos sueldos y a\u00fan no les llega\u00bb, se ha lamentado poniendo el foco en un problema tan delicado.<\/p>\n<p>\t\t\t\t\t\t\t<script async src=\"https:\/\/platform.twitter.com\/widgets.js\" charset=\"utf-8\"><\/script><\/p>\n","protected":false},"excerpt":{"rendered":"Norma Duval se encuentra en uno de los mejores momentos de su vida, justo cuando est\u00e1 a punto&hellip;\n","protected":false},"author":2,"featured_media":197010,"comment_status":"","ping_status":"","sticky":false,"template":"","format":"standard","meta":{"footnotes":""},"categories":[174],"tags":[255,146,147,25,24,256,15982,23],"class_list":{"0":"post-197009","1":"post","2":"type-post","3":"status-publish","4":"format-standard","5":"has-post-thumbnail","7":"category-famosos","8":"tag-celebrities","9":"tag-entertainment","10":"tag-entretenimiento","11":"tag-es","12":"tag-espana","13":"tag-famosos","14":"tag-norma-duval","15":"tag-spain"},"share_on_mastodon":{"url":"https:\/\/pubeurope.com\/@es\/115425914981314779","error":""},"_links":{"self":[{"href":"https:\/\/www.europesays.com\/es\/wp-json\/wp\/v2\/posts\/197009","targetHints":{"allow":["GET"]}}],"collection":[{"href":"https:\/\/www.europesays.com\/es\/wp-json\/wp\/v2\/posts"}],"about":[{"href":"https:\/\/www.europesays.com\/es\/wp-json\/wp\/v2\/types\/post"}],"author":[{"embeddable":true,"href":"https:\/\/www.europesays.com\/es\/wp-json\/wp\/v2\/users\/2"}],"replies":[{"embeddable":true,"href":"https:\/\/www.europesays.com\/es\/wp-json\/wp\/v2\/comments?post=197009"}],"version-history":[{"count":0,"href":"https:\/\/www.europesays.com\/es\/wp-json\/wp\/v2\/posts\/197009\/revisions"}],"wp:featuredmedia":[{"embeddable":true,"href":"https:\/\/www.europesays.com\/es\/wp-json\/wp\/v2\/media\/197010"}],"wp:attachment":[{"href":"https:\/\/www.europesays.com\/es\/wp-json\/wp\/v2\/media?parent=197009"}],"wp:term":[{"taxonomy":"category","embeddable":true,"href":"https:\/\/www.europesays.com\/es\/wp-json\/wp\/v2\/categories?post=197009"},{"taxonomy":"post_tag","embeddable":true,"href":"https:\/\/www.europesays.com\/es\/wp-json\/wp\/v2\/tags?post=197009"}],"curies":[{"name":"wp","href":"https:\/\/api.w.org\/{rel}","templated":true}]}}