{"id":197011,"date":"2025-10-23T22:47:10","date_gmt":"2025-10-23T22:47:10","guid":{"rendered":"https:\/\/www.europesays.com\/es\/197011\/"},"modified":"2025-10-23T22:47:10","modified_gmt":"2025-10-23T22:47:10","slug":"andalucia-directo-jose-sabiote-el-maestro-que-tallo-la-virgen-del-rosario-y-renueva-el-taller-de-marmol-en-macael","status":"publish","type":"post","link":"https:\/\/www.europesays.com\/es\/197011\/","title":{"rendered":"Andaluc\u00eda Directo | Jos\u00e9 Sabiote, el maestro que tall\u00f3 la Virgen del Rosario y renueva el taller de m\u00e1rmol en Macael"},"content":{"rendered":"<p>Contemplamos el <strong>Mirador en Cerro de la Casetilla<\/strong> se ubica en el <strong>Cerro de la Casetillal<\/strong>. En \u00e9l se encuentra la<strong> Virgen del Rosario, patrona de Macael<\/strong>.<\/p>\n<p>La <strong>Virgen est\u00e1 tallada en m\u00e1rmol blanco<\/strong>, obra del <strong>artesano Jos\u00e9 Sabiote<\/strong>.<\/p>\n<p>Estamos con este artesano,<strong> conocido como &#8216;El Curro&#8217;<\/strong>. Es autor de la Virgen del Mirador y <strong>uno de los maestros artesanos m\u00e1s longevos, con 88 a\u00f1os<\/strong>.\u00a0En su \u00e9poca, <strong>lleg\u00f3 a tener un taller con 140 trabajadores<\/strong>.<\/p>\n<p>Nos acompa\u00f1a tambi\u00e9n <strong>Francisco Al\u00edas, maestro artesano y disc\u00edpulo de Sabiote<\/strong>, que i<strong>ngres\u00f3 en su taller con tan solo 13 a\u00f1os<\/strong>.<\/p>\n<p>Los <strong>hijos de Jos\u00e9 Sabiote<\/strong> aseguran el <strong>futuro del oficio artesano del m\u00e1rmol<\/strong>. La <strong>empresa familiar se ha reinventado y diversificado<\/strong>.<\/p>\n<p>Ahora<strong> elaboran vajillas hechas de m\u00e1rmol y piedra natural<\/strong>, adem\u00e1s de <strong>esculturas tradicionales<\/strong>.<\/p>\n<p>\u00a1No te pierdas el v\u00eddeo!<\/p>\n","protected":false},"excerpt":{"rendered":"Contemplamos el Mirador en Cerro de la Casetilla se ubica en el Cerro de la Casetillal. En \u00e9l&hellip;\n","protected":false},"author":2,"featured_media":197012,"comment_status":"","ping_status":"","sticky":false,"template":"","format":"standard","meta":{"footnotes":""},"categories":[173],"tags":[5644,229,233,54604,231,230,232,234,146,147,25,24,54603,54602,20065,54605,54606,23,44580],"class_list":{"0":"post-197011","1":"post","2":"type-post","3":"status-publish","4":"format-standard","5":"has-post-thumbnail","7":"category-arte-y-diseno","8":"tag-almeria","9":"tag-arte","10":"tag-arte-y-diseno","11":"tag-artesano","12":"tag-arts","13":"tag-arts-and-design","14":"tag-design","15":"tag-diseno","16":"tag-entertainment","17":"tag-entretenimiento","18":"tag-es","19":"tag-espana","20":"tag-jose-sabiote","21":"tag-macael","22":"tag-maestro","23":"tag-marmol","24":"tag-renueva-taller-de-marmol","25":"tag-spain","26":"tag-virgen-del-rosario"},"share_on_mastodon":{"url":"https:\/\/pubeurope.com\/@es\/115425918651124667","error":""},"_links":{"self":[{"href":"https:\/\/www.europesays.com\/es\/wp-json\/wp\/v2\/posts\/197011","targetHints":{"allow":["GET"]}}],"collection":[{"href":"https:\/\/www.europesays.com\/es\/wp-json\/wp\/v2\/posts"}],"about":[{"href":"https:\/\/www.europesays.com\/es\/wp-json\/wp\/v2\/types\/post"}],"author":[{"embeddable":true,"href":"https:\/\/www.europesays.com\/es\/wp-json\/wp\/v2\/users\/2"}],"replies":[{"embeddable":true,"href":"https:\/\/www.europesays.com\/es\/wp-json\/wp\/v2\/comments?post=197011"}],"version-history":[{"count":0,"href":"https:\/\/www.europesays.com\/es\/wp-json\/wp\/v2\/posts\/197011\/revisions"}],"wp:featuredmedia":[{"embeddable":true,"href":"https:\/\/www.europesays.com\/es\/wp-json\/wp\/v2\/media\/197012"}],"wp:attachment":[{"href":"https:\/\/www.europesays.com\/es\/wp-json\/wp\/v2\/media?parent=197011"}],"wp:term":[{"taxonomy":"category","embeddable":true,"href":"https:\/\/www.europesays.com\/es\/wp-json\/wp\/v2\/categories?post=197011"},{"taxonomy":"post_tag","embeddable":true,"href":"https:\/\/www.europesays.com\/es\/wp-json\/wp\/v2\/tags?post=197011"}],"curies":[{"name":"wp","href":"https:\/\/api.w.org\/{rel}","templated":true}]}}