{"id":197013,"date":"2025-10-23T22:48:08","date_gmt":"2025-10-23T22:48:08","guid":{"rendered":"https:\/\/www.europesays.com\/es\/197013\/"},"modified":"2025-10-23T22:48:08","modified_gmt":"2025-10-23T22:48:08","slug":"javier-castro-florez-me-he-hecho-una-especie-de-cabana-mental-viviendo-en-corvera-rodeado-de-pajaros","status":"publish","type":"post","link":"https:\/\/www.europesays.com\/es\/197013\/","title":{"rendered":"Javier Castro Fl\u00f3rez: \u00abMe he hecho una especie de caba\u00f1a mental viviendo en Corvera rodeado de p\u00e1jaros\u00bb"},"content":{"rendered":"<p>El pajarito que asoma en la portada de &#8216;Mundo libresco&#8217;, \u00faltimo libro escrito y publicado por el editor Javier Castro Fl\u00f3rez (1966) en Newcastle Ediciones,  &#8230; una editoral \u00abpeque\u00f1ita\u00bb [\u00abcon poco estamos felices; somos como un gato en un mundo de tigres\u00bb] que gestiona desde su piso de Corvera (Murcia), no es una licencia de la dise\u00f1adora gr\u00e1fica de la portada, Cristina Morano. \u00abHace unos meses\u00bb, contaba Castro Fl\u00f3rez en sus redes en abril, \u00abest\u00e1bamos de bajona ya que pens\u00e1bamos que hab\u00eda que cerrar Newcastle. El \u00faltimo libro ser\u00eda &#8216;Mundo libresco&#8217; y Cristina dise\u00f1\u00f3 un p\u00e1jaro herido que sangraba sobre un libro. Como al final sobrevivimos a las bajas ventas el p\u00e1jaro se cur\u00f3 en la nueva portada\u00bb.<\/p>\n<p class=\"v-p\">Ese p\u00e1jaro es m\u00e1s bien una compa\u00f1\u00eda permanente, exquisita y satisfactoria en la vida de Castro Fl\u00f3rez, que en la pasada Feria del Libro de Murcia anim\u00f3 la vida de los paseantes en Alfonso X. Quien transit\u00f3 por su caseta, en la esquina del Museo Arqueol\u00f3gico, junto al paso de peatones de Jaime I, pudo escuchar una colecci\u00f3n de entusi\u00e1sticos trinos de distintas especies. Muchos creyeron que eran p\u00e1jaros en las ramas de los \u00e1rboles, pero en realidad eran gorjeos grabados y sal\u00edan de unos discretos altavoces. Una llamada de atenci\u00f3n a sus libros. Castro Fl\u00f3rez ha editado en el \u00faltimo a\u00f1o siete libros, incluido su &#8216;Mundo libresco&#8217;: &#8216;Lo end\u00f3geno&#8217;, de Marina Garmendia; &#8216;Siete vidas&#8217;, de Nieves \u00c1lvarez; &#8216;En torno al sol&#8217; y &#8216;El viaje de las bibliotecas&#8217;, de Antonio Moreno; &#8216;Anotaciones a l\u00e1piz&#8217;, de Emilio Gavilanes, y &#8216;El reloj de las horas muertas&#8217;, de Jos\u00e9 Mateos. Listo para imprenta est\u00e1 el \u00faltimo libro de Antonio Rivero Taravillo, \u00abun escritor y tambi\u00e9n una persona extraordinaria\u00bb, fallecido a mediados de septiembre. \u00abNinguno de ellos son grandes firmadores\u00bb, asume, pero a \u00e9l le encantan, y es feliz con editarlos. En su colecci\u00f3n de cl\u00e1sicos, recuperar\u00e1 pronto uno de los primeros libros de Manuel Moyano, &#8216;Galer\u00eda de ap\u00e1tridas&#8217;, de hace 25 a\u00f1os y muy en la l\u00ednea de &#8216;Dietario m\u00e1gico&#8217;. \u00abEs que, joder, Moyano es tan bueno\u00bb, dice con los ojos empapados y \u00abun mix de p\u00e1jaros-chicharra\u00bb de fondo. Llora con facilidad cuando lee algo de calidad con su Twingo aparcado en doble fila. <\/p>\n<p class=\"v-p\"><strong>\u2013Usted no publica por amistad. Es un criterio cada vez m\u00e1s detectable. Pero no en Newcastle.<\/strong><\/p>\n<p class=\"v-p\">\u2013Yo publico un libro s\u00f3lo si me gusta. Respeto mucho a mis colegas, y entiendo que los que viven de esto tengan que publicar mierdas que piensan que pueden venderse bien, tienen que ir equilibrando y pensar en &#8216;business&#8217;. Pero yo, que publico el primer libro de Mar\u00eda Garmendia, sobre la muerte de su madre, quiz\u00e1s a la gente le da repel\u00fas, pero a m\u00ed me encantan los libros de memorias. A m\u00ed me interesan, desde luego, aunque luego no se vendan. <\/p>\n<p>\nACEPTACI\u00d3N\n<\/p>\n<p>\u00abComo soy muy buen lector me doy cuenta de que soy mal escritor\u00bb<\/p>\n<p class=\"v-p\"><strong>\u2013Con los a\u00f1os, \u00bfc\u00f3mo ha evolucionado su criterio como editor?<\/strong><\/p>\n<p class=\"v-p\">\u2013Sigo siendo un recalcitrante. El primer libro que edit\u00e9 es uno de Cristina Morano, y el segundo de un autor de Galicia, Hilario J. Rodr\u00edguez. Cuando empec\u00e9 sab\u00eda que no quer\u00eda hacer algo local. Hasta ahora he editado 45 libros, de los cuales hay siete u ocho de la Regi\u00f3n de Murcia. Luego eso se paga. Yo he debido ser de toda la Feria del Libro de Murcia el editor que menos haya vendido. Vender en un d\u00eda 130 euros es una cantidad miserable. Es as\u00ed. Yo como editor he perdido pasta.<\/p>\n<p class=\"v-p\"><strong>\u2013Vivir en Corvera es&#8230;<\/strong><\/p>\n<p class=\"v-p\">\u2013\u00a1Maravilloso! Soy ambicioso. Yo tuve una galer\u00eda de arte en Extremadura, la comunidad m\u00e1s pobre de Espa\u00f1a. Y al segundo a\u00f1o ya estaba en ARCO y con artistas alucinantes. Si te ubicas en cultura, por qu\u00e9 no so\u00f1ar si tienes criterio y eres luchador. Yo como editor soy superambicioso, porque creo que &#8216;El viaje de las bibliotecas&#8217; de Antonio Moreno es uno de los mejores libros que se public\u00f3 en Espa\u00f1a este a\u00f1o. Gavilanes es otro autor brutal de mi cat\u00e1logo. <\/p>\n<p class=\"v-p\"><strong>\u2013En &#8216;Mundo libresco&#8217; nos dice que lee entre luces, \u00abla de la tarde que se acaba, la de los viejos libros dorados como ruinas, la de la l\u00e1mpara precisa, casi de laboratorio, y la del m\u00f3vil, parpadeante y con un zumbido casi de mosca que quiere escapar de la habitaci\u00f3n cabeceando contra un cristal. Y luego est\u00e1 la luz de dentro\u00bb. \u00bfSe tiene m\u00e1s por buen escritor o por buen lector?<\/strong><\/p>\n<p class=\"v-p\">\u2013Como soy muy buen lector me doy cuenta de que soy mal escritor. No soy un buen escritor. Pero s\u00ed soy un entusiasta de lo que hago. S\u00e9 que mis libros no son buenos, pero a muchos amigos escritores les gusta el entusiasmo. Mis libros transmiten alegr\u00eda al lector, y me lo paso bien con ellos. En &#8216;Lo que lee un editor&#8217; tambi\u00e9n fue as\u00ed. Son libros que parten siempre de lo autobiogr\u00e1fico. Yo dir\u00eda que mis libros son propagand\u00edsticos, porque propago el amor por los libros. Siempre hablo de otros libros. Todo es un canto a la lectura, en realidad. <\/p>\n<p>\nCAMBIO DE TERCIO\n<\/p>\n<p> \u00abMe pareci\u00f3 bonito hacer libros en vez de vender arte para ricos, que suelen ser gilipollas y estar llenos de ego\u00bb<\/p>\n<p class=\"v-p\"><strong>\u2013\u00bfQu\u00e9 ambiciones tiene?<\/strong><\/p>\n<p class=\"v-p\">\u2013Parezco millonario en mis redes sociales porque la gente ve que compro libros de primeras ediciones, que me cuestan 2 euros, en realidad. Parezco un fen\u00f3meno. Pero yo no ambiciono coches, sino disfrutar con los libros. Tengo un Twingo, ya me dir\u00e1s. En mi vida privada, como Walden en su caba\u00f1a, me he hecho una especie de caba\u00f1a mental viviendo en Corvera rodeado de p\u00e1jaros. No soy un hombre de la pomada cultural de Murcia porque me he ido de la ciudad para disfrutar m\u00e1s todas estas cosas.<\/p>\n<p class=\"v-p\"><strong>\u2013Antes era mucho m\u00e1s respond\u00f3n. \u00bfQu\u00e9 le est\u00e1 sucediendo?<\/strong><\/p>\n<p class=\"v-p\">\u2013Antes era muy cr\u00edtico con la pol\u00edtica cultural de Murcia, pero he llegado a un nivel casi de karma. Yo ya no opino de ExLibris, ni de la Feria del Libro de Murcia ni de muchas cosas. Yo trabajo en la biblioteca del Cendeac, un proyecto que lleva 20 a\u00f1os y que se salva por el prestigio que tiene.<\/p>\n<p class=\"v-p\"><strong>\u2013\u00bfC\u00f3mo lleg\u00f3 hasta la edici\u00f3n?<\/strong><\/p>\n<p class=\"v-p\">\u2013Yo hac\u00eda cat\u00e1logos para la galer\u00eda, y trabaj\u00e1bamos en C\u00e1ceres y Lisboa. Hice un cat\u00e1logo para un artista portugu\u00e9s, Pedro Calapez, de 600 p\u00e1ginas sobre textos escritos sobre \u00e9l. Era un tocho. Y siempre me interesaron los libros. La experiencia de mi primera mujer, a la que le detectaron un c\u00e1ncer y le dijeron que le quedaban seis meses de vida, me hizo pensar que leer y los libros son una especie de magia porque estas cosas permanecen. Me pareci\u00f3 bonito hacer libros en vez de vender arte para ricos, que suelen ser gilipollas y llenos de ego. <\/p>\n<p class=\"v-p\"><strong>\u2013Hay demasiado canalla, pero usted ya no pierde el tiempo&#8230;<\/strong><\/p>\n<p class=\"v-p\">\u2013Estoy leyendo &#8216;Personaje secundario&#8217;, de Enrique Murillo, sobre la oscura trastienda de la edici\u00f3n, que es un ajuste de cuentas. Pero en mi libro yo me he dado cuenta de que no pierdo el tiempo con las cosas que me cabrean. Las cosas que no te gustan son muy vamp\u00edricas. Yo he tenido muchas agarradas con Nacho de T20 y con el otro&#8230; Pero me di cuenta de que no ganaba nada. Me centro en mis libros y soy feliz. Pienso que la cr\u00edtica, aunque sea constructiva, no cambia nada. Mi mejor aportaci\u00f3n a Murcia son los libros que edito. <\/p>\n","protected":false},"excerpt":{"rendered":"El pajarito que asoma en la portada de &#8216;Mundo libresco&#8217;, \u00faltimo libro escrito y publicado por el editor&hellip;\n","protected":false},"author":2,"featured_media":197014,"comment_status":"","ping_status":"","sticky":false,"template":"","format":"standard","meta":{"footnotes":""},"categories":[172],"tags":[224,49545,16894,146,147,25,24,21715,225,4214,44547,54607,23,22117],"class_list":{"0":"post-197013","1":"post","2":"type-post","3":"status-publish","4":"format-standard","5":"has-post-thumbnail","7":"category-libros","8":"tag-books","9":"tag-cabana","10":"tag-corvera","11":"tag-entertainment","12":"tag-entretenimiento","13":"tag-es","14":"tag-espana","15":"tag-especie","16":"tag-libros","17":"tag-mental","18":"tag-pajaros","19":"tag-rodeado","20":"tag-spain","21":"tag-viviendo"},"share_on_mastodon":{"url":"https:\/\/pubeurope.com\/@es\/115425922654610439","error":""},"_links":{"self":[{"href":"https:\/\/www.europesays.com\/es\/wp-json\/wp\/v2\/posts\/197013","targetHints":{"allow":["GET"]}}],"collection":[{"href":"https:\/\/www.europesays.com\/es\/wp-json\/wp\/v2\/posts"}],"about":[{"href":"https:\/\/www.europesays.com\/es\/wp-json\/wp\/v2\/types\/post"}],"author":[{"embeddable":true,"href":"https:\/\/www.europesays.com\/es\/wp-json\/wp\/v2\/users\/2"}],"replies":[{"embeddable":true,"href":"https:\/\/www.europesays.com\/es\/wp-json\/wp\/v2\/comments?post=197013"}],"version-history":[{"count":0,"href":"https:\/\/www.europesays.com\/es\/wp-json\/wp\/v2\/posts\/197013\/revisions"}],"wp:featuredmedia":[{"embeddable":true,"href":"https:\/\/www.europesays.com\/es\/wp-json\/wp\/v2\/media\/197014"}],"wp:attachment":[{"href":"https:\/\/www.europesays.com\/es\/wp-json\/wp\/v2\/media?parent=197013"}],"wp:term":[{"taxonomy":"category","embeddable":true,"href":"https:\/\/www.europesays.com\/es\/wp-json\/wp\/v2\/categories?post=197013"},{"taxonomy":"post_tag","embeddable":true,"href":"https:\/\/www.europesays.com\/es\/wp-json\/wp\/v2\/tags?post=197013"}],"curies":[{"name":"wp","href":"https:\/\/api.w.org\/{rel}","templated":true}]}}