{"id":197023,"date":"2025-10-23T22:53:13","date_gmt":"2025-10-23T22:53:13","guid":{"rendered":"https:\/\/www.europesays.com\/es\/197023\/"},"modified":"2025-10-23T22:53:13","modified_gmt":"2025-10-23T22:53:13","slug":"espana-puntua-muy-alto-en-intervencionismo-por-ictus-pero-suspende-clamorosamente-en-rehabilitacion","status":"publish","type":"post","link":"https:\/\/www.europesays.com\/es\/197023\/","title":{"rendered":"Espa\u00f1a punt\u00faa muy alto en intervencionismo por ictus pero suspende clamorosamente en rehabilitaci\u00f3n"},"content":{"rendered":"<p>Definida como de \u00e9xito, la jornada sobre los primeros diez a\u00f1os del\u00a0tratamiento endovascular del ictus isqu\u00e9mico\u00a0en Espa\u00f1a describi\u00f3 los sobresalientes m\u00e9ritos alcanzados, con 60.000 trombectom\u00edas mec\u00e1nicas realizadas en los \u00faltimos diez a\u00f1os, por ejemplo, pero sin esconder las lagunas que todav\u00eda quedan por cubrir. Tal como se pudo comprobar en rueda de prensa organizada para &#8230;            &#13;\n        <\/p>\n<p> &#13;<\/p>\n<p style=\"margin:0cm;text-align:justify\">Definida como de \u00e9xito, la jornada sobre los&#13;<br \/>\nprimeros diez a\u00f1os del\u00a0<strong style=\"font-size: 10pt;\">tratamiento endovascular del ictus isqu\u00e9mico<\/strong>\u00a0en&#13;<br \/>\nEspa\u00f1a describi\u00f3 los sobresalientes m\u00e9ritos alcanzados, con 60.000 <strong>trombectom\u00edas&#13;<br \/>\nmec\u00e1nicas<\/strong> realizadas en los \u00faltimos diez a\u00f1os, por ejemplo, pero sin esconder las lagunas&#13;<br \/>\nque todav\u00eda quedan por cubrir. Tal como se pudo comprobar en rueda de prensa&#13;<br \/>\norganizada para los medios por la Sociedad del Grupo Espa\u00f1ol de&#13;<br \/>\nNeurorradiolog\u00eda intervencionista (<strong style=\"font-size: 10pt;\">GeNI<\/strong>), contando con la plena&#13;<br \/>\ncolaboraci\u00f3n de la Sociedad Espa\u00f1ola de Radiolog\u00eda M\u00e9dica (<strong style=\"font-size: 10pt;\">SERAM<\/strong>).<\/p>\n<p style=\"margin:0cm;text-align:justify\"><a href=\"https:\/\/www.europesays.com\/es\/wp-content\/uploads\/2025\/10\/immedicohospitalario_espana_puntua_alto__53424_23165829.png\"><img decoding=\"async\" src=\"https:\/\/www.europesays.com\/es\/wp-content\/uploads\/2025\/10\/immedicohospitalario_espana_puntua_alto__53424_23165829.png\"\/><\/a><\/p>\n<p style=\"margin:0cm;text-align:justify;font-stretch: normal;min-height: 11.9px\">Dr Jos\u00e9 Carmelo&#13;<br \/>\nAlbillos<\/p>\n<p> &#13;<\/p>\n<p style=\"margin:0cm;text-align:justify;font-stretch: normal\">El primero en tomar la&#13;<br \/>\npalabra\u00a0fue el presidente de la SERAM, doctor\u00a0<strong style=\"font-size: 10pt;\">Jos\u00e9 Carmelo&#13;<br \/>\nAlbillos<\/strong>, para resaltar la importancia de los c\u00f3digos ictus y los r\u00e1pidos&#13;<br \/>\ndiagn\u00f3sticos. Gracias a unidades de ictus multidisciplinares, porque la uni\u00f3n&#13;<br \/>\nhace la fuerza cuando el tiempo es la clave. Y cuando el diagnostico radiol\u00f3gico&#13;<br \/>\nes esencial para confirmar el ictus y su tipolog\u00eda, adem\u00e1s de localizar la arteria exacta&#13;<br \/>\nen la que es posible practicar una trombectom\u00eda. Ahora que el parque nacional&#13;<br \/>\nde TAC se ha modernizado con el <strong>plan <\/strong><strong>Inveat<\/strong> de inversi\u00f3n en equipos de&#13;<br \/>\nalta tecnolog\u00eda. Y as\u00ed dicho TAC permite saber, si el ictus es hemorr\u00e1gico o&#13;<br \/>\nisqu\u00e9mico, para aplicar cuando procede las t\u00e9cnicas de perfusi\u00f3n seg\u00fan el angioTAC&#13;<br \/>\nde los vasos del cuello y cerebro. Dentro de una innegable mejora alcanzada en&#13;<br \/>\nlos \u00faltimos a\u00f1os en virtud de un gran esfuerzo formativo de los especialistas. Pero&#13;<br \/>\nsin dar la batalla por ganada porque a\u00fan quedan \u00e1reas geogr\u00e1ficas que quedan&#13;<br \/>\nalejadas de estas prestaciones.<\/p>\n<p style=\"margin:0cm;text-align:justify\">Alab\u00f3 Albillos el gran trabajo en neurointervencionismo&#13;<br \/>\nde los compa\u00f1eros neurorradi\u00f3logos del grupo GeNI al reducir la carga de&#13;<br \/>\nmorbimortalidad por ictus isqu\u00e9micos y tambi\u00e9n importantes costes al sistema.&#13;<br \/>\nMientras que, en el debe, delat\u00f3 la escasez de neurorradi\u00f3logos a corto y medio&#13;<br \/>\nplazo.<\/p>\n<p style=\"margin:0cm;text-align:justify\"><a href=\"https:\/\/www.europesays.com\/es\/wp-content\/uploads\/2025\/10\/immedicohospitalario_espana_puntua_alto__53424_23165841.png\"><img decoding=\"async\" src=\"https:\/\/www.europesays.com\/es\/wp-content\/uploads\/2025\/10\/immedicohospitalario_espana_puntua_alto__53424_23165841.png\"\/><\/a><\/p>\n<p style=\"margin:0cm;text-align:justify\">Dr Pedro Navia<\/p>\n<p style=\"margin:0cm;text-align:justify;font-stretch: normal\">Presidente del GeNI, el&#13;<br \/>\ndoctor\u00a0<strong>Pedro Navia<\/strong> tambi\u00e9n defendi\u00f3 este tratamiento&#13;<br \/>\nmultidisciplinar del que no hab\u00eda sospecha de que pudiera llegar cuando \u00e9l era&#13;<br \/>\nresidente, dos d\u00e9cadas atr\u00e1s. Con una medicina futura que hoy ya es real. Pero&#13;<br \/>\nque requiere una muy r\u00e1pida detecci\u00f3n del problema con llamada al 112 y&#13;<br \/>\ntraslado sanitario al hospital especializado en ictus m\u00e1s pr\u00f3ximo. All\u00ed donde&#13;<br \/>\nel neurorradi\u00f3logo hace posible el diagn\u00f3stico preciso y el neur\u00f3logo se&#13;<br \/>\nconvierte en el gestor del caso, entrenados todos de manera esmerada. Para&#13;<br \/>\nproceder con tratamiento fibrinol\u00edtico intravenoso cuando el ictus isqu\u00e9mico se&#13;<br \/>\nproduce en vasos peque\u00f1os, o con intervencionismo endovascular en quir\u00f3fano, guiado&#13;<br \/>\npor rayos X en el caso de las arterias que, no obstante, apenas tienen el di\u00e1metro&#13;<br \/>\nde algunos mil\u00edmetros. Para que el cat\u00e9ter o el stent llegue al punto de&#13;<br \/>\nobturaci\u00f3n del vaso afectado, desde incisi\u00f3n en la ingle o el brazo. Momento en&#13;<br \/>\nel que se extrae el trombo por aspiraci\u00f3n o por efecto de arrastre. Para pasar&#13;<br \/>\na continuaci\u00f3n a la unidad de ictus en la que se estudia la calidad de las&#13;<br \/>\narterias, una vez que el radi\u00f3logo ya determin\u00f3 que tejidos cerebrales se hab\u00edan&#13;<br \/>\nsalvado.<\/p>\n<p style=\"margin:0cm;text-align:justify\">En general, el doctor Navia acus\u00f3 a los malos h\u00e1bitos&#13;<br \/>\nde vida del aumento de los ictus, de los que se producen 90.000 al a\u00f1o en&#13;<br \/>\nEspa\u00f1a, con una mortalidad de 20.000. Pero en paralelo a unos tratamientos que, si eran 2.000 en 2015, se estima que llegar\u00e1n a 10.000 este a\u00f1o 2025, con un&#13;<br \/>\naumento medio del 13%.<\/p>\n<p style=\"margin:0cm;text-align:justify\">Celebr\u00f3 el presidente que formen GeNI ya dos&#13;<br \/>\ncentenares de compa\u00f1eros desde los 70 fundacionales, pero alerto de la falta de&#13;<br \/>\nrelevo generacional para su perfil. Para atender las necesidades de personal de&#13;<br \/>\nlos 50 centros especializados del pa\u00eds, presentes en todo el territorio a&#13;<br \/>\nexcepci\u00f3n de La Rioja, cuyos pacientes son tratados en Pamplona (Navarra). Y sin que haya centros de referencia en las ciudades aut\u00f3nomas de Ceuta y Melilla, cuyos pacientes son tratados en Andaluc\u00eda.<\/p>\n<p style=\"margin:0cm;text-align:justify\"><a href=\"https:\/\/www.europesays.com\/es\/wp-content\/uploads\/2025\/10\/immedicohospitalario_espana_puntua_alto__53424_23165851.png\"><img decoding=\"async\" src=\"https:\/\/www.europesays.com\/es\/wp-content\/uploads\/2025\/10\/immedicohospitalario_espana_puntua_alto__53424_23165851.png\"\/><\/a><\/p>\n<p style=\"margin:0cm;text-align:justify\">Julio Agredano\u00a0<\/p>\n<p style=\"margin:0cm;text-align:justify;font-stretch: normal\">Complet\u00f3 la visi\u00f3n de&#13;<br \/>\nlos cl\u00ednicos el presidente de la Fundaci\u00f3n Freno al Ictus,\u00a0<strong>Julio&#13;<br \/>\nAgredano<\/strong>, para quien es esencial que la poblaci\u00f3n detecte a tiempo los&#13;<br \/>\ns\u00edntomas de la fase h\u00edper aguda y as\u00ed se pueda iniciar de inmediato el c\u00f3digo&#13;<br \/>\nictus, en l\u00ednea con la estrategia estatal de 2024, que desplaz\u00f3 esta r\u00e1pida identificaci\u00f3n de&#13;<br \/>\nlos sanitarios a la poblaci\u00f3n general. D\u00e1ndole ese poder realmente para&#13;<br \/>\naumentar las cifras de supervivencia.<\/p>\n<p style=\"margin:0cm;text-align:justify;font-stretch: normal\">De los cuatro hospitales&#13;<br \/>\nde la Comunidad de Madrid especializados en ictus, preciso que este intervencionismo \u00fanicamente recibe 2.500 casos a tiempo, mientras que un resto indeterminado se&#13;<br \/>\npierde con funestas consecuencias.<\/p>\n<p style=\"margin:0cm;text-align:justify;font-stretch: normal\">Agredano explic\u00f3 tambi\u00e9n&#13;<br \/>\nque su entidad trabaja con el medio empresarial para que los trabajadores tambi\u00e9n&#13;<br \/>\nest\u00e9n sobre aviso y puedan actuar en espacios laborales seguros. Para que no&#13;<br \/>\npase lo que le pas\u00f3 a \u00e9l. Ya que su amargo aprendizaje fue empezar a ver doble&#13;<br \/>\nuna tarde cuando ten\u00eda 39 a\u00f1os e irse a la cama, sin darle importancia.&#13;<br \/>\nDescubri\u00e9ndose su cuadro patol\u00f3gico al d\u00eda siguiente. Pero siendo en cualquier caso m\u00e1s afortunadamente&#13;<br \/>\nque la mitad de los pacientes de ictus, que no supera la enfermedad por&#13;<br \/>\nfallecimiento o por las importantes secuelas. Porque, como asegur\u00f3, si se act\u00faa&#13;<br \/>\na tiempo todo el mundo sale beneficiado y es mejor cien veces pedir perd\u00f3n que&#13;<br \/>\npermiso en estos casos, como asegur\u00f3.<\/p>\n<p style=\"margin:0cm;text-align:justify\">Los ponentes coincidieron al recordar la&#13;<br \/>\nsintomatolog\u00eda esencial del ictus y sus tres claves principales, como son la&#13;<br \/>\npar\u00e1lisis facial, la hemiplejia y la alteraci\u00f3n del habla. Mientras que el&#13;<br \/>\ndolor de cabeza no es signo distintivo de ictus, aunque s\u00ed se puede&#13;<br \/>\nexperimentar un fuerte latigazo en ictus hemorr\u00e1gicos. Mientras que ictus isqu\u00e9micos&#13;<br \/>\npueden no doler en absoluto. Razonando adem\u00e1s que, no hay relaci\u00f3n directa&#13;<br \/>\nconocida entre migra\u00f1a e ictus isqu\u00e9mico aunque este s\u00ed se ve favorecido por&#13;<br \/>\ndrogas como el tabaco, las metanfetaminas y la coca\u00edna.<\/p>\n<p style=\"margin:0cm;text-align:justify\">Tambi\u00e9n se concluy\u00f3 con que la ventana de actuaci\u00f3n&#13;<br \/>\nefectiva puede elevarse de las seis a las ocho horas, con los nuevos equipos tecnol\u00f3gicos&#13;<br \/>\nque permiten saber antes qu\u00e9 tejido es recuperable tras el ictus y cu\u00e1l no. Porque no&#13;<br \/>\nactuar siempre resulta desastroso. Y no s\u00f3lo para personas mayores, ya que el&#13;<br \/>\n15% de estos accidentes cerebrovasculares se producen en menores de 45 a\u00f1os,&#13;<br \/>\npor cualquier arritmia que lanza un trombo del coraz\u00f3n al cerebro. Pasando a la&#13;<br \/>\nmitad cuando se superan los 65 a\u00f1os y a dos tercios de los pacientes cuando la persona tiene m\u00e1s de 75 a\u00f1os.\u00a0<\/p>\n<p><\/p>\n","protected":false},"excerpt":{"rendered":"Definida como de \u00e9xito, la jornada sobre los primeros diez a\u00f1os del\u00a0tratamiento endovascular del ictus isqu\u00e9mico\u00a0en Espa\u00f1a describi\u00f3&hellip;\n","protected":false},"author":2,"featured_media":197024,"comment_status":"","ping_status":"","sticky":false,"template":"","format":"standard","meta":{"footnotes":""},"categories":[92],"tags":[5960,10928,5593,3196,3726,33450,54610,20881,8629,25,24,1076,54613,1998,1080,165,12369,2806,18293,54612,869,54614,9763,857,54611,1817,698,12812,863,11110,22748,2032,54609,11237,5699,166,34423,2930,23,9986,9086],"class_list":{"0":"post-197023","1":"post","2":"type-post","3":"status-publish","4":"format-standard","5":"has-post-thumbnail","7":"category-salud","8":"tag-accidentes","9":"tag-actua","10":"tag-alta","11":"tag-alto","12":"tag-brecha","13":"tag-cerebrovasculares","14":"tag-clamorosamente","15":"tag-competencia","16":"tag-cual","17":"tag-es","18":"tag-espana","19":"tag-estos","20":"tag-existir","21":"tag-falta","22":"tag-ha","23":"tag-health","24":"tag-ictus","25":"tag-incomprensible","26":"tag-intervencionismo","27":"tag-intervencionistas","28":"tag-lo","29":"tag-mejorado","30":"tag-mucho","31":"tag-muchos","32":"tag-neurorradiologos","33":"tag-pacientes","34":"tag-pais","35":"tag-panorama","36":"tag-parte","37":"tag-pesar","38":"tag-pierden","39":"tag-profesional","40":"tag-puntua","41":"tag-rapido","42":"tag-rehabilitacion","43":"tag-salud","44":"tag-sanitaria","45":"tag-social","46":"tag-spain","47":"tag-suspende","48":"tag-tecnica"},"share_on_mastodon":{"url":"","error":"Validation failed: Text character limit of 500 exceeded"},"_links":{"self":[{"href":"https:\/\/www.europesays.com\/es\/wp-json\/wp\/v2\/posts\/197023","targetHints":{"allow":["GET"]}}],"collection":[{"href":"https:\/\/www.europesays.com\/es\/wp-json\/wp\/v2\/posts"}],"about":[{"href":"https:\/\/www.europesays.com\/es\/wp-json\/wp\/v2\/types\/post"}],"author":[{"embeddable":true,"href":"https:\/\/www.europesays.com\/es\/wp-json\/wp\/v2\/users\/2"}],"replies":[{"embeddable":true,"href":"https:\/\/www.europesays.com\/es\/wp-json\/wp\/v2\/comments?post=197023"}],"version-history":[{"count":0,"href":"https:\/\/www.europesays.com\/es\/wp-json\/wp\/v2\/posts\/197023\/revisions"}],"wp:featuredmedia":[{"embeddable":true,"href":"https:\/\/www.europesays.com\/es\/wp-json\/wp\/v2\/media\/197024"}],"wp:attachment":[{"href":"https:\/\/www.europesays.com\/es\/wp-json\/wp\/v2\/media?parent=197023"}],"wp:term":[{"taxonomy":"category","embeddable":true,"href":"https:\/\/www.europesays.com\/es\/wp-json\/wp\/v2\/categories?post=197023"},{"taxonomy":"post_tag","embeddable":true,"href":"https:\/\/www.europesays.com\/es\/wp-json\/wp\/v2\/tags?post=197023"}],"curies":[{"name":"wp","href":"https:\/\/api.w.org\/{rel}","templated":true}]}}