{"id":19703,"date":"2025-08-02T01:14:10","date_gmt":"2025-08-02T01:14:10","guid":{"rendered":"https:\/\/www.europesays.com\/es\/19703\/"},"modified":"2025-08-02T01:14:10","modified_gmt":"2025-08-02T01:14:10","slug":"alerta-alimentaria-por-presencia-de-salmonella-en-varias-marcas-de-fuet","status":"publish","type":"post","link":"https:\/\/www.europesays.com\/es\/19703\/","title":{"rendered":"Alerta alimentaria por presencia de salmonella en varias marcas de fuet"},"content":{"rendered":"<p><img fetchpriority=\"high\" class=\"v-a-img\" src=\"https:\/\/www.europesays.com\/es\/wp-content\/uploads\/2025\/08\/fuet-k90H-U2302540560569ONI-1200x840@El Correo.jpg\" loading=\"eager\" decoding=\"async\" alt=\"Alerta alimentaria por presencia de salmonella en varias marcas de fuet\"  width=\"1200\" height=\"840\"\/><\/p>\n<p>Estos productos se han distribuido en supermercados de Arag\u00f3n, Castilla-La Mancha, Catalu\u00f1a, Valencia, Madrid, La Rioja y Navarra<\/p>\n<p><a class=\"v-mdl-ath__fig-a\" href=\"https:\/\/www.elcorreo.com\/autor\/marina-leon-6788.html\" title=\"Marina Le\u00f3n\" rel=\"nofollow noopener\" target=\"_blank\"><br \/>\n<img decoding=\"async\" class=\"v-mdl-ath__img\" src=\"https:\/\/www.europesays.com\/es\/wp-content\/uploads\/2025\/07\/autor-6788-foto-1.jpeg\" alt=\"Marina Le\u00f3n\"\/><br \/>\n<\/a><\/p>\n<p class=\"v-mdl-ath__p v-mdl-ath__p--6\">\nViernes, 1 de agosto 2025, 21:04<\/p>\n<p>| Actualizado 22:13h.<\/p>\n<p class=\"v-p\">El Ministerio de Derechos Sociales, Consumo y Agenda 2030, a trav\u00e9s de la Agencia Espa\u00f1ola de Seguridad Alimentaria y Nutrici\u00f3n (AESAN), ha emitido una alerta alimentaria por la presencia de salmonela en varias marcas conocidas de fuet. Estos productos se han distribuido en supermercados de Arag\u00f3n, Castilla-La Mancha, Catalu\u00f1a, Valencia, Madrid, La Rioja y Navarra, as\u00ed como a Francia, Portugal y Andorra. Si bien no es descartable que puedan existir redistribuciones a otras comunidades aut\u00f3nomas.<\/p>\n<p class=\"v-p\">En concreto, se trata del &#8216;Fuet Ib\u00e9rico Extra&#8217; de las marcas Can Duran, Origin du Gout y La Tabla. La AESAN ha sido informada por la comunidad aut\u00f3noma de Catalu\u00f1a a trav\u00e9s del Sistema Coordinado de Intercambio R\u00e1pido de Informaci\u00f3n (SCIRI), con el fin de que se verifique la retirada del producto afectado de los canales de comercializaci\u00f3n.<\/p>\n<p class=\"v-p\">Se recomienda a las personas que tengan en su domicilio productos afectados por esta alerta, se abstengan de consumirlos. En el caso de haber consumido alguno de los productos de los lotes afectados y presentar alguna sintomatolog\u00eda compatible con la salmonelosis (principalmente diarrea o v\u00f3mitos acompa\u00f1ados de fiebre y dolor de cabeza) se recomienda acudir a un centro de salud.<\/p>\n<p>Comenta<\/p>\n<p>Reporta un error<\/p>\n","protected":false},"excerpt":{"rendered":"Estos productos se han distribuido en supermercados de Arag\u00f3n, Castilla-La Mancha, Catalu\u00f1a, Valencia, Madrid, La Rioja y Navarra&hellip;\n","protected":false},"author":2,"featured_media":19704,"comment_status":"","ping_status":"","sticky":false,"template":"","format":"standard","meta":{"footnotes":""},"categories":[8],"tags":[3830,12012,17,18,25,24,13,14,11767,11,19,20,9614,9,10,15,16,2682,12013,23,12,21,22,11304],"class_list":{"0":"post-19703","1":"post","2":"type-post","3":"status-publish","4":"format-standard","5":"has-post-thumbnail","7":"category-espana","8":"tag-alerta","9":"tag-alimentaria","10":"tag-breaking-news","11":"tag-breakingnews","12":"tag-es","13":"tag-espana","14":"tag-featured-news","15":"tag-featurednews","16":"tag-fuet","17":"tag-headlines","18":"tag-latest-news","19":"tag-latestnews","20":"tag-marcas","21":"tag-news","22":"tag-noticias","23":"tag-noticias-destacadas","24":"tag-noticiasdestacadas","25":"tag-presencia","26":"tag-salmonella","27":"tag-spain","28":"tag-titulares","29":"tag-ultimas-noticias","30":"tag-ultimasnoticias","31":"tag-varias"},"share_on_mastodon":{"url":"","error":""},"_links":{"self":[{"href":"https:\/\/www.europesays.com\/es\/wp-json\/wp\/v2\/posts\/19703","targetHints":{"allow":["GET"]}}],"collection":[{"href":"https:\/\/www.europesays.com\/es\/wp-json\/wp\/v2\/posts"}],"about":[{"href":"https:\/\/www.europesays.com\/es\/wp-json\/wp\/v2\/types\/post"}],"author":[{"embeddable":true,"href":"https:\/\/www.europesays.com\/es\/wp-json\/wp\/v2\/users\/2"}],"replies":[{"embeddable":true,"href":"https:\/\/www.europesays.com\/es\/wp-json\/wp\/v2\/comments?post=19703"}],"version-history":[{"count":0,"href":"https:\/\/www.europesays.com\/es\/wp-json\/wp\/v2\/posts\/19703\/revisions"}],"wp:featuredmedia":[{"embeddable":true,"href":"https:\/\/www.europesays.com\/es\/wp-json\/wp\/v2\/media\/19704"}],"wp:attachment":[{"href":"https:\/\/www.europesays.com\/es\/wp-json\/wp\/v2\/media?parent=19703"}],"wp:term":[{"taxonomy":"category","embeddable":true,"href":"https:\/\/www.europesays.com\/es\/wp-json\/wp\/v2\/categories?post=19703"},{"taxonomy":"post_tag","embeddable":true,"href":"https:\/\/www.europesays.com\/es\/wp-json\/wp\/v2\/tags?post=19703"}],"curies":[{"name":"wp","href":"https:\/\/api.w.org\/{rel}","templated":true}]}}