{"id":197033,"date":"2025-10-23T22:59:13","date_gmt":"2025-10-23T22:59:13","guid":{"rendered":"https:\/\/www.europesays.com\/es\/197033\/"},"modified":"2025-10-23T22:59:13","modified_gmt":"2025-10-23T22:59:13","slug":"los-reyes-felipe-vi-y-letizia-junto-a-leonor-y-sofia-presiden-el-concierto-de-los-premios-princesa-de-asturias","status":"publish","type":"post","link":"https:\/\/www.europesays.com\/es\/197033\/","title":{"rendered":"Los reyes Felipe VI y Letizia, junto a Leonor y Sof\u00eda, presiden el concierto de los Premios Princesa de Asturias"},"content":{"rendered":"<p class=\"paragraph\" id=\"paragraph_1\">Un a\u00f1o m\u00e1s, la ciudad de <strong>Oviedo<\/strong> se ha engalanado para recibir a la<strong> Familia Real<\/strong> en la primera de las citas programadas en el marco de los <strong><a href=\"https:\/\/www.elespanol.com\/temas\/premios_princesa_de_asturias\/?utm_cmp_rs=linksinline\" rel=\"nofollow noopener\" target=\"_blank\">Premios Princesa de Asturias 2025<\/a><\/strong><a href=\"https:\/\/www.elespanol.com\/temas\/premios_princesa_de_asturias\/?utm_cmp_rs=linksinline\" rel=\"nofollow noopener\" target=\"_blank\">.<\/p>\n<p class=\"paragraph\" id=\"paragraph_2\">Este jueves, 23 de octubre, puntuales como siempre y poco antes de las 19:00 horas, <a cmp-ltrk=\"links-parrafos\" cmp-ltrk-idx=\"0\" data-mrf-link=\"https:\/\/www.elespanol.com\/corazon\/casas-reales\/20251015\/rey-felipe-vi-preside-reapertura-casa-museo-mario-vargas-llosa-arropado-hija-primo-escritor\/1003743970077_0.html\" data-mrf-recirculation-id=\"links-parrafos_0\" href=\"https:\/\/www.elespanol.com\/corazon\/casas-reales\/20251015\/rey-felipe-vi-preside-reapertura-casa-museo-mario-vargas-llosa-arropado-hija-primo-escritor\/1003743970077_0.html?utm_cmp_rs=linksinline\" mrfobservableid=\"2bc958cf-f797-4aa0-b581-23669ca95af8\" rel=\"nofollow noopener\" target=\"_blank\"><strong>Felipe VI<\/strong><\/a> (57 a\u00f1os) y <a cmp-ltrk=\"links-parrafos\" cmp-ltrk-idx=\"1\" data-mrf-link=\"https:\/\/www.elespanol.com\/mujer\/royals\/20251007\/reina-letizia-rinde-homenaje-armani-bruselas-look-reencuentro-matilde-belgica\/1003743958065_0.html\" data-mrf-recirculation-id=\"links-parrafos_1\" href=\"https:\/\/www.elespanol.com\/mujer\/royals\/20251007\/reina-letizia-rinde-homenaje-armani-bruselas-look-reencuentro-matilde-belgica\/1003743958065_0.html?utm_cmp_rs=linksinline\" mrfobservableid=\"b50a82c5-9638-4982-b898-34fcdd0b13a2\" rel=\"nofollow noopener\" target=\"_blank\"><strong>Letizia<\/strong><\/a> (53) han hecho su aparici\u00f3n en el <strong>Auditorio Palacio de Congresos Pr\u00edncipe Felipe<\/strong>.<\/p>\n<p class=\"paragraph\" id=\"paragraph_3\">Acompa\u00f1ados de la <a href=\"https:\/\/www.elespanol.com\/personajes\/leonor_de_borbon_ortiz\/?utm_cmp_rs=linksinline\" rel=\"nofollow noopener\" target=\"_blank\"> <strong>princesa Leonor<\/strong><\/a> (19) y la <a href=\"https:\/\/www.elespanol.com\/personajes\/sofia_de_borbon_ortiz\/?utm_cmp_rs=linksinline\" rel=\"nofollow noopener\" target=\"_blank\"><strong>infanta Sof\u00eda<\/strong><\/a> (18), los monarcas han asistido al acto con el que arrancan este a\u00f1o los galardones en honor a la Heredera al Trono: el <strong>XXXIII Concierto Premios Princesa de Asturias<\/strong>. <\/p>\n<p><img loading=\"lazy\" decoding=\"async\" alt=\"La reina Letizia, junto a parte del equipo culinario de Hispania Bruselas.\" height=\"180\" src=\"https:\/\/www.europesays.com\/es\/wp-content\/uploads\/2025\/10\/1003743974440_259424817_320x180.jpg\" width=\"320\" data-lazy-status=\"processed\" data-lazy-info=\"remove loading item 1\"\/><\/p>\n<p><img decoding=\"async\" alt=\"Los Reyes y sus hijas, Leonor y Sof\u00eda, llegando al concierto.\" data-imgm=\"true\" height=\"180\" loading=\"lazy\"  src=\"https:\/\/www.europesays.com\/es\/wp-content\/uploads\/2025\/10\/1003743983499_259544705_1024x576.jpg\"  width=\"320\"\/><\/p>\n<p>                                                            Los Reyes y sus hijas, Leonor y Sof\u00eda, llegando al concierto.<\/p>\n<p>                    EFE<\/p>\n<p class=\"paragraph\" id=\"paragraph_5\">As\u00ed, han ofrecido a los asistentes la estampa m\u00e1s esperada: la del posado de la <strong>Familia Real al completo<\/strong>. Los monarcas y sus hijas, a la llegada al auditorio, se han bajado del coche y han saludado afectuosamente a los all\u00ed presentes. <\/p>\n<p class=\"paragraph\" id=\"paragraph_6\">Como viene siendo habitual, este concierto que tiene lugar en la v\u00edspera de la ceremonia de entrega de los Premios Princesa de Asturias 2025 es el preludio a la gran noche.<\/p>\n<p class=\"paragraph\" id=\"paragraph_7\">Una velada en la que Leonor se alzar\u00e1 nuevamente como <strong>la gran protagonista<\/strong>. Un papel que lleva ejerciendo, y con nota, desde que comenzara a presidir los Premios Princesa de Asturias de manera oficial y activa en <strong>2019<\/strong>, con apenas <strong>13 a\u00f1os<\/strong>.<\/p>\n<p class=\"paragraph\" id=\"paragraph_8\">El programa musical del <strong>Concierto Premios Princesa de Asturias 2025<\/strong>, por cierto, se centra en la obra de los compositores <strong>Johannes Brahms<\/strong> y <strong>Anton\u00edn Dvor\u00e1k<\/strong>, dos figuras clave del Romanticismo y el Posromanticismo.<\/p>\n<p><img decoding=\"async\" alt=\"El rey Felipe VI, muy sonriente, a su llegada al concierto.\" data-imgm=\"true\" height=\"240\" loading=\"lazy\"  src=\"https:\/\/www.europesays.com\/es\/wp-content\/uploads\/2025\/10\/1003743983501_259544868_854x640.jpg\"  width=\"320\"\/><\/p>\n<p>                                                            El rey Felipe VI, muy sonriente, a su llegada al concierto.<\/p>\n<p>                    EFE<\/p>\n<p class=\"paragraph\" id=\"paragraph_9\">Las piezas que sonar\u00e1n en el auditorio ser\u00e1n la Obertura tr\u00e1gica en Re menor, Op. 81 del compositor alem\u00e1n. Una obra que cre\u00f3 en <strong>1880<\/strong> y que \u00e9l mismo describi\u00f3 como \u00abuna pieza que llora\u00bb.<\/p>\n<p class=\"paragraph\" id=\"paragraph_10\">Del mismo autor, el programa incluye La canci\u00f3n del destino, Op. 54, inspirada en un poema que Brahms descubri\u00f3 en la novela Hyperion de <strong>Friedrich H\u00f6lderlin.<\/strong><\/p>\n<p class=\"paragraph\" id=\"paragraph_11\">El repertorio musical se completa con dos piezas de <strong>Dvor\u00e1k<\/strong>: las Danzas eslavas, Op.46, n.\u00ba 7 en Do menor y el Te Deum, Op. 103. El m\u00fasico checo compuso esta \u00faltima obra cuando era director del <strong>Conservatorio Nacional de M\u00fasica de Nueva York<\/strong>. Entonces recibi\u00f3 el encargo de conmemorar el <strong>400\u00ba aniversario <\/strong>de la llegada de <strong>Crist\u00f3bal Col\u00f3n a Am\u00e9rica<\/strong>.<\/p>\n<p>Leonor, a punto de cumplir 20 a\u00f1os<\/p>\n<p class=\"paragraph\" id=\"paragraph_12\">Ahora que sus hijas est\u00e1n fuera (Leonor est\u00e1 completando su formaci\u00f3n militar en la <strong>Academia del Ej\u00e9rcito del Aire y el Espacio<\/strong> en<strong> San Javier<\/strong>, Murcia), los premios que llevan el t\u00edtulo de su primog\u00e9nita son la excusa perfecta para reencontrarse los cuatro.<\/p>\n<p><img decoding=\"async\" alt=\"Leonor viendo el concierto junto a su padre, Felipe VI.\" data-imgm=\"true\" height=\"1152\" loading=\"lazy\"  src=\"https:\/\/www.europesays.com\/es\/wp-content\/uploads\/2025\/10\/1003743983508_259544874_960x1706.jpg\"  width=\"648\"\/><\/p>\n<p>                                                            Leonor viendo el concierto junto a su padre, Felipe VI.<\/p>\n<p>                    Gtres<\/p>\n<p class=\"paragraph\" id=\"paragraph_13\">Hay que destacar que Leonor est\u00e1 a tan solo ocho d\u00edas de celebrar <strong>su cumplea\u00f1os<\/strong>. El pr\u00f3ximo 31 de octubre cumplir\u00e1 <strong>20 a\u00f1os. <\/strong>De momento se desconoce si con motivo de esta fecha tan se\u00f1alada tenga lugar una <strong>celebraci\u00f3n \u00edntima<\/strong>.<\/p>\n<p class=\"paragraph\" id=\"paragraph_14\">S\u00ed es probable que sople las velas de su tarta con sus seres queridos. Pero, ya se sabe, todo lo relacionado con los <strong>actos privados<\/strong> de la Familia Real no trasciende p\u00fablicamente. As\u00ed que si hay o no <strong>fiesta familiar<\/strong> seguir\u00e1 siendo una inc\u00f3gnita.<\/p>\n<p>La agenda de los Premios<\/p>\n<p class=\"paragraph\" id=\"paragraph_15\">Con anterioridad al acto de entrega de los Premios, en la ma\u00f1ana de este viernes, 24 de octubre, los Reyes recibir\u00e1n en audiencia a los galardonados con los \u00ab<strong>Premios Fin de Grado 2024<\/strong>\u00bb de la<strong>\u00a0Universidad de Oviedo<\/strong>.<\/p>\n<p class=\"paragraph\" id=\"paragraph_16\">Se reunir\u00e1n tambi\u00e9n con los galardonados con las \u00ab<strong>Medallas de Asturias 2025<\/strong>\u00ab, \u00ab<strong>Hijo Predilecto 2025<\/strong>\u00ab, e \u00ab<strong>Hijos Adoptivos 2025<\/strong>\u00ab; y con los galardonados con los \u00abPremios Princesa de Asturias 2025\u00bb.<\/p>\n<p><img decoding=\"async\" alt=\"La Familia Real al completo en el auditorio.\" data-imgm=\"true\" height=\"240\" loading=\"lazy\"  src=\"https:\/\/www.europesays.com\/es\/wp-content\/uploads\/2025\/10\/1003743983522_259545150_854x640.jpg\"  width=\"320\"\/><\/p>\n<p>                                                            La Familia Real al completo en el auditorio.<\/p>\n<p>                    Gtres<\/p>\n<p class=\"paragraph\" id=\"paragraph_17\">En dichas audiencias estar\u00e1n acompa\u00f1ados de la Princesa de Asturias y de la Infanta Sof\u00eda, as\u00ed como de los presidentes de los jurados y los miembros de los Patronatos de la <strong>Fundaci\u00f3n Princesa de Asturias<\/strong>.<\/p>\n<p class=\"paragraph\" id=\"paragraph_18\">Por la tarde, a las 18:30 horas, se celebrar\u00e1 en el <strong>Teatro Campoamor de Oviedo<\/strong> la ceremonia de entrega de los Premios Princesa de Asturias 2025, que distinguir\u00e1n en esta edici\u00f3n a <a href=\"https:\/\/www.elespanol.com\/el-cultural\/letras\/20251021\/filosofo-byung-chul-oviedo-capitalismo-sistema-grietas-puede-colapsar-pronto\/1003743979570_0.html?utm_cmp_rs=linksinline\" rel=\"nofollow noopener\" target=\"_blank\"><strong>Byung-Chul Han<\/strong><\/a>, Premio Princesa de Asturias de Comunicaci\u00f3n y Humanidades;<a href=\"https:\/\/www.elespanol.com\/el-cultural\/letras\/20251021\/mendoza-reivindica-oviedo-humor-oficio-serio-pide-ensene-literatura-relevancia\/1003743980037_0.html?utm_cmp_rs=linksinline\" rel=\"nofollow noopener\" target=\"_blank\"><strong> Eduardo Mendoza<\/strong>, Premio Princesa de Asturias de las Letras<\/a>;<strong> Douglas Massey<\/strong>, Premio Princesa de Asturias de Ciencias Sociales.<\/p>\n<p class=\"paragraph\" id=\"paragraph_19\">Otras personalidades que tambi\u00e9n recibir\u00e1n este reconocimiento son:<a href=\"https:\/\/www.elespanol.com\/el-cultural\/arte\/20251021\/fotografa-graciela-iturbide-llega-oviedo-mestiza-quiero-mexico-espana\/1003743980120_0.html?utm_cmp_rs=linksinline\" rel=\"nofollow noopener\" target=\"_blank\"><strong> Graciela Iturbide<\/strong><\/a>, Premio Princesa de Asturias de las Artes;<a href=\"https:\/\/www.elespanol.com\/corazon\/celebrities\/20251022\/cara-serena-williams-premio-princesa-asturias-hermana-asesinada-tiros-grave-embolia-pulmonar\/1003743981089_0.html?utm_cmp_rs=linksinline\" rel=\"nofollow noopener\" target=\"_blank\"><strong> Serena Williams<\/strong>, Premio Princesa de Asturias de los Deportes<\/a>; <strong>Museo Nacional de Antropolog\u00eda de M\u00e9xico<\/strong>, Premio Princesa de Asturias de la Concordia;<a href=\"https:\/\/www.elespanol.com\/mujer\/protagonistas\/20251023\/mary-claire-king-premio-princesa-asturias-seguros-no-deben-usar-test-geneticos-subir-tarifas\/1003743980509_0.html?utm_cmp_rs=linksinline\" rel=\"nofollow noopener\" target=\"_blank\"><strong> Mary-Claire King,<\/strong> Premio Princesa de Asturias de Investigaci\u00f3n Cient\u00edfica y T\u00e9cnica<\/a>; y <a href=\"https:\/\/www.elespanol.com\/enclave-ods\/referentes\/20250618\/economista-mario-draghi-recibe-premio-princesa-asturias-cooperacion-internacional\/1003743809945_0.html?utm_cmp_rs=linksinline\" rel=\"nofollow noopener\" target=\"_blank\"><strong>Mario Draghi<\/strong>,<\/a> Premio Princesa de Asturias Cooperaci\u00f3n Internacional.<\/p>\n<p class=\"paragraph\" id=\"paragraph_20\">El s\u00e1bado, los Reyes y sus hijas se trasladar\u00e1n a <strong>Valdesoto<\/strong>, en el Concejo de Siero, para hacer entrega del premio m\u00e1s entra\u00f1able de cuantos se celebran estos d\u00edas, el del \u00ab<strong>Pueblo Ejemplar de Asturias 2025<\/strong>\u00ab.<\/p>\n","protected":false},"excerpt":{"rendered":"Un a\u00f1o m\u00e1s, la ciudad de Oviedo se ha engalanado para recibir a la Familia Real en la&hellip;\n","protected":false},"author":2,"featured_media":197034,"comment_status":"","ping_status":"","sticky":false,"template":"","format":"standard","meta":{"footnotes":""},"categories":[5],"tags":[17,18,14486,25,24,1148,13,14,11439,11,19,20,43793,9,10,15,16,11362,11789,23,12,21,22],"class_list":{"0":"post-197033","1":"post","2":"type-post","3":"status-publish","4":"format-standard","5":"has-post-thumbnail","7":"category-titulares","8":"tag-breaking-news","9":"tag-breakingnews","10":"tag-casas-reales","11":"tag-es","12":"tag-espana","13":"tag-familia-real","14":"tag-featured-news","15":"tag-featurednews","16":"tag-felipe-vi","17":"tag-headlines","18":"tag-latest-news","19":"tag-latestnews","20":"tag-leonor-de-borbon-ortiz","21":"tag-news","22":"tag-noticias","23":"tag-noticias-destacadas","24":"tag-noticiasdestacadas","25":"tag-reina-letizia","26":"tag-reina-sofia","27":"tag-spain","28":"tag-titulares","29":"tag-ultimas-noticias","30":"tag-ultimasnoticias"},"share_on_mastodon":{"url":"https:\/\/pubeurope.com\/@es\/115425966282734935","error":""},"_links":{"self":[{"href":"https:\/\/www.europesays.com\/es\/wp-json\/wp\/v2\/posts\/197033","targetHints":{"allow":["GET"]}}],"collection":[{"href":"https:\/\/www.europesays.com\/es\/wp-json\/wp\/v2\/posts"}],"about":[{"href":"https:\/\/www.europesays.com\/es\/wp-json\/wp\/v2\/types\/post"}],"author":[{"embeddable":true,"href":"https:\/\/www.europesays.com\/es\/wp-json\/wp\/v2\/users\/2"}],"replies":[{"embeddable":true,"href":"https:\/\/www.europesays.com\/es\/wp-json\/wp\/v2\/comments?post=197033"}],"version-history":[{"count":0,"href":"https:\/\/www.europesays.com\/es\/wp-json\/wp\/v2\/posts\/197033\/revisions"}],"wp:featuredmedia":[{"embeddable":true,"href":"https:\/\/www.europesays.com\/es\/wp-json\/wp\/v2\/media\/197034"}],"wp:attachment":[{"href":"https:\/\/www.europesays.com\/es\/wp-json\/wp\/v2\/media?parent=197033"}],"wp:term":[{"taxonomy":"category","embeddable":true,"href":"https:\/\/www.europesays.com\/es\/wp-json\/wp\/v2\/categories?post=197033"},{"taxonomy":"post_tag","embeddable":true,"href":"https:\/\/www.europesays.com\/es\/wp-json\/wp\/v2\/tags?post=197033"}],"curies":[{"name":"wp","href":"https:\/\/api.w.org\/{rel}","templated":true}]}}