{"id":197037,"date":"2025-10-23T23:01:09","date_gmt":"2025-10-23T23:01:09","guid":{"rendered":"https:\/\/www.europesays.com\/es\/197037\/"},"modified":"2025-10-23T23:01:09","modified_gmt":"2025-10-23T23:01:09","slug":"maestros-del-toreo-aficionados-y-la-plaza-toros","status":"publish","type":"post","link":"https:\/\/www.europesays.com\/es\/197037\/","title":{"rendered":"Maestros del toreo, aficionados y la plaza toros\u00a0"},"content":{"rendered":"<p class=\"\">A horas del inicio de la corrida de toros Latacunga 2025, este rotativo realiz\u00f3 un recorrido por las instalaciones de la plaza San Isidro Labrador, ubicado dentro del recinto ferial Locoa del Centro Agr\u00edcola de Latacunga, sitio, donde se observ\u00f3 un grupo de personas realizando la limpieza de la plaza, adem\u00e1s de la presencia de los auspiciantes; mientras tanto, la plaza luce multicolor debido a la pintura, se\u00f1alizaci\u00f3n de los puestos, limpieza y el tratamiento respectivo del ruedo.<\/p>\n<p class=\"\">La primera corrida prevista para hoy, iniciar\u00e1 a las 15:30, y el segundo cartel se desarrollar\u00e1 este s\u00e1bado 25 de octubre a partir de las 12:30, con la presencia de los mejores toreros del mundo, entre ellos, est\u00e1n; Sebasti\u00e1n Castella, Alejandro Talavante, Juan Ortega, Borja Jim\u00e9nez, Jos\u00e9 Andr\u00e9s Marcillo y Olga Casado, quienes lidiar\u00e1 ganado de las ganader\u00edas de Huagrahuasi y Triana.<\/p>\n<p class=\"\">Los organizadores destacaron que la feria taurina ha generado gran expectativa entre la afici\u00f3n taurina del pa\u00eds, que ha respondido favorablemente con la compra de la taquilla para los dos carteles, adem\u00e1s destacan la reactivaci\u00f3n econ\u00f3mica de la ciudad en espacios como el hotelero, restaurantes, taxismo, las tiendas ubicadas en los alrededores de la plaza.\u00a0<\/p>\n<p class=\"\">Joselyn Esp\u00edn, presidenta de la Asociaci\u00f3n de Prestadores Tur\u00edsticos de Cotopaxi, confirm\u00f3 que algunos de los propietarios de los hoteles de la ciudad, dieron a conocer un \u00edndice alto de ocupaci\u00f3n este fin de semana.<\/p>\n<p class=\"\">Indic\u00f3 que la mayor\u00eda de los aficionados llegar\u00e1n a los hoteles este viernes, quienes en algunos casos se hospedar\u00e1n por una noche, otros lo har\u00e1n dos noches paras ello los due\u00f1os de los hoteles est\u00e1n listos para recibir a los hu\u00e9spedes, dijo que, existen establecimientos que tienen disponibles habitaciones, y que podr\u00e1n ser ocupados por aquellas personas que lleguen sin reservaciones.<\/p>\n<p class=\"\">Los aficionados a la fiesta brava llegan de varias ciudades del Ecuador: Cuenca, Quito, Guayaquil, Riobamba, y tambi\u00e9n desde el exterior. Esp\u00edn, dijo que con este evento no solo se benefician los hoteles, sino tambi\u00e9n los restaurantes, de comida tradicional e internacional, el taxismo y peque\u00f1os negocios ubicados en los alrededores de la plaza de toros, cuidadores de veh\u00edculos, entre otros.<\/p>\n<p id=\"pvc_stats_17884\" class=\"pvc_stats total_only  pvc_load_by_ajax_update\" data-element-id=\"17884\" style=\"\"> <img loading=\"lazy\" decoding=\"async\" width=\"16\" height=\"16\" alt=\"Loading\" src=\"https:\/\/www.europesays.com\/es\/wp-content\/uploads\/2025\/10\/1761260469_292_ajax-loader-2x.gif\" border=\"0\"\/><\/p>\n","protected":false},"excerpt":{"rendered":"A horas del inicio de la corrida de toros Latacunga 2025, este rotativo realiz\u00f3 un recorrido por las&hellip;\n","protected":false},"author":2,"featured_media":197038,"comment_status":"","ping_status":"","sticky":false,"template":"","format":"standard","meta":{"footnotes":""},"categories":[277],"tags":[373,168,25,24,23,167,374],"class_list":{"0":"post-197037","1":"post","2":"type-post","3":"status-publish","4":"format-standard","5":"has-post-thumbnail","7":"category-toreo","8":"tag-bullfighting","9":"tag-deportes","10":"tag-es","11":"tag-espana","12":"tag-spain","13":"tag-sports","14":"tag-toreo"},"share_on_mastodon":{"url":"https:\/\/pubeurope.com\/@es\/115425973970589640","error":""},"_links":{"self":[{"href":"https:\/\/www.europesays.com\/es\/wp-json\/wp\/v2\/posts\/197037","targetHints":{"allow":["GET"]}}],"collection":[{"href":"https:\/\/www.europesays.com\/es\/wp-json\/wp\/v2\/posts"}],"about":[{"href":"https:\/\/www.europesays.com\/es\/wp-json\/wp\/v2\/types\/post"}],"author":[{"embeddable":true,"href":"https:\/\/www.europesays.com\/es\/wp-json\/wp\/v2\/users\/2"}],"replies":[{"embeddable":true,"href":"https:\/\/www.europesays.com\/es\/wp-json\/wp\/v2\/comments?post=197037"}],"version-history":[{"count":0,"href":"https:\/\/www.europesays.com\/es\/wp-json\/wp\/v2\/posts\/197037\/revisions"}],"wp:featuredmedia":[{"embeddable":true,"href":"https:\/\/www.europesays.com\/es\/wp-json\/wp\/v2\/media\/197038"}],"wp:attachment":[{"href":"https:\/\/www.europesays.com\/es\/wp-json\/wp\/v2\/media?parent=197037"}],"wp:term":[{"taxonomy":"category","embeddable":true,"href":"https:\/\/www.europesays.com\/es\/wp-json\/wp\/v2\/categories?post=197037"},{"taxonomy":"post_tag","embeddable":true,"href":"https:\/\/www.europesays.com\/es\/wp-json\/wp\/v2\/tags?post=197037"}],"curies":[{"name":"wp","href":"https:\/\/api.w.org\/{rel}","templated":true}]}}