{"id":197041,"date":"2025-10-23T23:03:12","date_gmt":"2025-10-23T23:03:12","guid":{"rendered":"https:\/\/www.europesays.com\/es\/197041\/"},"modified":"2025-10-23T23:03:12","modified_gmt":"2025-10-23T23:03:12","slug":"fermin-guerendiain-y-clementina-castano-juegan-la-copa-enrique-santos-cordova","status":"publish","type":"post","link":"https:\/\/www.europesays.com\/es\/197041\/","title":{"rendered":"Ferm\u00edn Guerendiain y Clementina Casta\u00f1o juegan La Copa Enrique Santos C\u00f3rdova"},"content":{"rendered":"<p>&#13;<br \/>\n\t\t\t\t\t\t\t&#13;<br \/>\n&#13;<br \/>\n\t\t\t\t&#13;<\/p>\n<p>Ambos fueron designados por la Asociaci\u00f3n Argentina de Golf para competir en el Guayaquil CC. El field cuenta con m\u00e1s argentinos en las distintas categor\u00edas.<\/p>\n<p> &#13;<br \/>\n\t\t\t&#13;<\/p>\n<p class=\"post-meta\">&#13;<br \/>\n\t&#13;<br \/>\n\t\t&#13;<br \/>\n\t21 horas antes\t&#13;<br \/>\n\t&#13;<br \/>\n8 Vistas <\/p>\n<p><img fetchpriority=\"high\" decoding=\"async\" class=\"wp-image-116722 aligncenter\" src=\"https:\/\/www.europesays.com\/es\/wp-content\/uploads\/2025\/10\/santos-cordova-1.jpeg\" alt=\"\" width=\"1240\" height=\"392\"  \/><\/p>\n<p>Este jueves comenzar\u00e1 una nueva edici\u00f3n del tradicional certamen ecuatoriano, que se juega en el Guayaquil CC. La competencia es a 72 hoyos y el equipo argentino es representado en esta ocasi\u00f3n por Ferm\u00edn Guerendiain y Clementina Casta\u00f1o. Adem\u00e1s de ellos, juegan los siguientes argentinos:<\/p>\n<p><strong>CATEGORIA 17 A\u00d1OS DAMAS<\/strong><\/p>\n<ul>\n<li>Clementina Casta\u00f1o. 11:30.<\/li>\n<li>Pilar Fiuri Irastorza. 12:00.<\/li>\n<li>Anna Rold\u00e1n. 11:50.<\/li>\n<\/ul>\n<p><strong>CATEGORIA 17 A\u00d1OS CABALLEROS<\/strong><\/p>\n<ul>\n<li>Santino Armando. 12:30.<\/li>\n<li>Ferm\u00edn Guerendiain. 11:30.<\/li>\n<li>Benjam\u00edn Hayes. 11:30.<\/li>\n<li>Lautaro Ort\u00edz. 11:40.<\/li>\n<li>Joaqu\u00edn Nicanor Raminger. 12:30.<\/li>\n<li>Justo Rosales. 11:50.<\/li>\n<\/ul>\n<p><strong>CATEGORIA 14 A\u00d1OS DAMAS<\/strong><\/p>\n<ul>\n<li>Amaia Fiuri Irastorza. 08:30.<\/li>\n<li>Martina Rom\u00e1n. 08:00.<\/li>\n<\/ul>\n<p><strong>CATEGORIA 14 A\u00d1OS CABALLEROS<\/strong><\/p>\n<ul>\n<li>Bautista Armando. 07:50.<\/li>\n<li>Gino Cecchetto. 07:00.<\/li>\n<li>Bautista Venerando. 07:10.<\/li>\n<\/ul>\n<p><strong>CATEGORIA 12 A\u00d1OS MIXTO<\/strong><\/p>\n<ul>\n<li>Francisco Cohen Oliva. 08:20.<\/li>\n<li>Julieta Cohen Oliva. 07:50.<\/li>\n<li>Andr\u00e9s Sterpone. 08:30.<\/li>\n<\/ul>\n<p><strong>EQUIPOS<\/strong><\/p>\n<ul>\n<li>Clementina CASTA\u00d1O \/ Fermin GUERENDIAIN.<\/li>\n<li>Anna ROLDAN \/ Justo ROSALES.<\/li>\n<li>Joaquin Nicanor RAMINGER \/ Santino ARMANDO.<\/li>\n<\/ul>\n<p><a style=\"color: #000000;\" href=\"https:\/\/guayaquil.ec.plus.golf\/leaderboard\/T20250912-699\/186\" target=\"_blank\" rel=\"noopener nofollow\"><strong>Leaderboard on Line \/ Categor\u00edas \/ Horarios<\/strong><\/a><\/p>\n<p>\u00a0<\/p>\n<p>\t\t\t\t\t\t\t\t2025-10-22<\/p>\n<p>\t\t\t&#13;<\/p>\n","protected":false},"excerpt":{"rendered":"&#13; &#13; &#13; &#13; Ambos fueron designados por la Asociaci\u00f3n Argentina de Golf para competir en el Guayaquil&hellip;\n","protected":false},"author":2,"featured_media":197042,"comment_status":"","ping_status":"","sticky":false,"template":"","format":"standard","meta":{"footnotes":""},"categories":[275],"tags":[168,25,24,329,23,167],"class_list":{"0":"post-197041","1":"post","2":"type-post","3":"status-publish","4":"format-standard","5":"has-post-thumbnail","7":"category-golf","8":"tag-deportes","9":"tag-es","10":"tag-espana","11":"tag-golf","12":"tag-spain","13":"tag-sports"},"share_on_mastodon":{"url":"https:\/\/pubeurope.com\/@es\/115425981710321270","error":""},"_links":{"self":[{"href":"https:\/\/www.europesays.com\/es\/wp-json\/wp\/v2\/posts\/197041","targetHints":{"allow":["GET"]}}],"collection":[{"href":"https:\/\/www.europesays.com\/es\/wp-json\/wp\/v2\/posts"}],"about":[{"href":"https:\/\/www.europesays.com\/es\/wp-json\/wp\/v2\/types\/post"}],"author":[{"embeddable":true,"href":"https:\/\/www.europesays.com\/es\/wp-json\/wp\/v2\/users\/2"}],"replies":[{"embeddable":true,"href":"https:\/\/www.europesays.com\/es\/wp-json\/wp\/v2\/comments?post=197041"}],"version-history":[{"count":0,"href":"https:\/\/www.europesays.com\/es\/wp-json\/wp\/v2\/posts\/197041\/revisions"}],"wp:featuredmedia":[{"embeddable":true,"href":"https:\/\/www.europesays.com\/es\/wp-json\/wp\/v2\/media\/197042"}],"wp:attachment":[{"href":"https:\/\/www.europesays.com\/es\/wp-json\/wp\/v2\/media?parent=197041"}],"wp:term":[{"taxonomy":"category","embeddable":true,"href":"https:\/\/www.europesays.com\/es\/wp-json\/wp\/v2\/categories?post=197041"},{"taxonomy":"post_tag","embeddable":true,"href":"https:\/\/www.europesays.com\/es\/wp-json\/wp\/v2\/tags?post=197041"}],"curies":[{"name":"wp","href":"https:\/\/api.w.org\/{rel}","templated":true}]}}