{"id":197045,"date":"2025-10-23T23:05:11","date_gmt":"2025-10-23T23:05:11","guid":{"rendered":"https:\/\/www.europesays.com\/es\/197045\/"},"modified":"2025-10-23T23:05:11","modified_gmt":"2025-10-23T23:05:11","slug":"dinamarca-lidera-la-persecucion-masculina-y-apunta-a-renovar-su-titulo-australia-acecha-esciclismo","status":"publish","type":"post","link":"https:\/\/www.europesays.com\/es\/197045\/","title":{"rendered":"Dinamarca lidera la persecuci\u00f3n masculina y apunta a renovar su t\u00edtulo, Australia acecha &#8211; Esciclismo"},"content":{"rendered":"<ol>\n<li><a href=\"https:\/\/news.google.com\/rss\/articles\/CBMiZEFVX3lxTFAyVUt3aUw1dUktRjFRMFdtWlFvQ2NIZnNJUGtqSWJpQTd6c3lwWVZublQteW5MVTdhWklUeDl2TWZoWThHOElWMGJQa0MzVzRaLUVjV1Nuc1hHWVdEOU1RWDVwSGc?oc=5\" target=\"_blank\" rel=\"nofollow noopener\">Dinamarca lidera la persecuci\u00f3n masculina y apunta a renovar su t\u00edtulo, Australia acecha<\/a>&nbsp;&nbsp;Esciclismo<\/li>\n<li><a href=\"https:\/\/news.google.com\/rss\/articles\/CBMitAFBVV95cUxObmF0bGdISXdvdi12dlNjT2pmYkJUNDQxVkxoaHp3Sl81XzRPTTFnQnpmcnBvQlB1amhVTUtxNzJuakpCbXJEZ2tyaDlFclVNeERrZHVTQ1FpOEV6dTE2YnliQUFhc3BaQy10TXdTT202MmF6UnBKMFhxQ1RsaEY1ZFZ1MDg1ZlprXzBJQW1LTHRNUHJ3amhiM0haaHJpZXd6ZWlrV0NrY1lMY0htQ0JkY21zN2TSAcgBQVVfeXFMTUJpLWhkRnVzd2dNd0NUUXF5WGotSjJCVUgxdWhRc2dnazc3LVROQ25YSVY2SWJON0xtYXM5U011aGdBb1BZUU9jeDNOOWlJcUZrOE1QSFNkNmJ1LUZ4b1lpQjh6VkJHdm5qR1dxV3gzbkE0NmItM3ZhYVhOdG5fMGVPYmxlNUVHWWxPM3lKbUdVUzFfYllCYTk0aFZRMFIyQjJDRHFwNjBpY01DTVBidFBwUjF2cjVMelhBRzZHeHNORGZBcGhrOG4?oc=5\" target=\"_blank\" rel=\"nofollow noopener\">Una Espa\u00f1a en transici\u00f3n llega al primer Mundial de pista en Chile<\/a>&nbsp;&nbsp;Diario AS<\/li>\n<li><a href=\"https:\/\/news.google.com\/rss\/articles\/CBMimwFBVV95cUxNLVdLcHdPdjhSOWpvUWZWWkdzTGlDc3l6S1VKeUdTQjRfY1hmbmpXaE8tNmdjWXdHZkpRd3BFdVlVSGVHbFhkX3pSU3I0SDY5YTRvMTdfWUdhamdFMXpOcnpyMTItQjZYdG92UDl6M1RVVjdvRWVLcDZBdVQ5cFFTSHM1TjNvQ2FJdVdrT3hwRnBGNEt6YzFORHE3RdIBmwFBVV95cUxNUGhreEMyMjRqdnBFMGc0WlhWamNCa1dkUEk2dG4zbktSTVctOXNka2c3Qi05aTM3YUlQMGFEMmpvcXo2c0JLR2trdGk0clpLYU9PMXdRTllqYTR4aUt0SEJXa1BNaWduSlBKS2VqX0pqN3JFb2UwcVBVXzItX0NDT1d6dHNlakV4eVoweGVmeVoxdUFQWDY2RzJ5TQ?oc=5\" target=\"_blank\" rel=\"nofollow noopener\">Espa\u00f1a compite en 18 pruebas en el Mundial de ciclismo en pista<\/a>&nbsp;&nbsp;MARCA<\/li>\n<li><a href=\"https:\/\/news.google.com\/rss\/articles\/CBMiZEFVX3lxTE1pQlZTR2I3N3JvaXZObGJxX1ZpZDNCWllhT3haOXU1V0dIZDdKWnd1RDNzSHF6Uy11cFl5ZjFFYzdLamQtLVlQOEtkT1I1NWVzNHpLMUF4SDQ2cjllMXpxNlc1NHo?oc=5\" target=\"_blank\" rel=\"nofollow noopener\">Mundial de Pista: Quintero y Yakovlev, entre los m\u00e1s r\u00e1pidos del keirin<\/a>&nbsp;&nbsp;Esciclismo<\/li>\n<li><a href=\"https:\/\/news.google.com\/rss\/articles\/CBMi0gFBVV95cUxPSUVHZmI1dTVWeDNSYnZ3VGE3LWUwb0VsMk9XQlByRUtTWDNIOWdTMTN5ajRuTmdtdjJHT3hEeDBsRExiNXBVdERjNVY3Ni1lVmlRTjcyZTJyV3pLcWkyRjZ3RXhHUG1QNTJxWENTOWJTOEJSYVlPSmt1bE9GNkVmVDZmeU9VdXFBMVFfc3lPa0ZLam0wemlYdm40SUQ5a2FkcmhPWl9pZEM5bi1qTFJmMHRpT0E5V2d1Ny1wWUVyYXNwbkN3cHI2dURIZGlYc0t0WkHSAd8BQVVfeXFMUHdiakk1d1gzU0twLWo1WWFsSVpRc3pOLWp3dGI4eDVnRkVYclVfdHU5SndQa0tQLXN4d3lJRTdYMFNyQW4xYzdSdHc2ZjA1V09ZUmZGaXNRZ3B5cWtmWTk2T1Rvczd6c3ZMekpUblVjVDAyalM0R0pFVWZ3VTBfdGZMUlFoZFVzZzQ2UmJza0xibEVkTVZtcWg5STZHYUcySTdoaXExdDRlZXlxZFFBRkhVYWJOZjhDVkc3OGdINFVOYjV2QzVaeS03QjIxNWd5X29aLVR6eW1TT3IzQUMwRQ?oc=5\" target=\"_blank\" rel=\"nofollow noopener\">Italia lidera clasificaci\u00f3n de persecuci\u00f3n por equipos en el Mundial y Espa\u00f1a, und\u00e9cima<\/a>&nbsp;&nbsp;Mundo Deportivo<\/li>\n<\/ol>\n","protected":false},"excerpt":{"rendered":"Dinamarca lidera la persecuci\u00f3n masculina y apunta a renovar su t\u00edtulo, Australia acecha&nbsp;&nbsp;Esciclismo Una Espa\u00f1a en transici\u00f3n llega&hellip;\n","protected":false},"author":2,"featured_media":197046,"comment_status":"","ping_status":"","sticky":false,"template":"","format":"standard","meta":{"footnotes":""},"categories":[273],"tags":[3586,5773,15288,2047,313,54617,312,168,2496,6440,25,24,4712,33093,10666,295,1070,9072,5774,19635,5839,29724,23,167,11214],"class_list":{"0":"post-197045","1":"post","2":"type-post","3":"status-publish","4":"format-standard","5":"has-post-thumbnail","7":"category-ciclismo","8":"tag-actual","9":"tag-campeon","10":"tag-campeonato","11":"tag-chile","12":"tag-ciclismo","13":"tag-clasificatorias","14":"tag-cycling","15":"tag-deportes","16":"tag-dinamarca","17":"tag-equipos","18":"tag-es","19":"tag-espana","20":"tag-inicio","21":"tag-lidero","22":"tag-masculino","23":"tag-miercoles","24":"tag-mundial","25":"tag-octubre","26":"tag-olimpico","27":"tag-persecucion","28":"tag-pista","29":"tag-realiza","30":"tag-spain","31":"tag-sports","32":"tag-uci"},"share_on_mastodon":{"url":"https:\/\/pubeurope.com\/@es\/115425989395249975","error":""},"_links":{"self":[{"href":"https:\/\/www.europesays.com\/es\/wp-json\/wp\/v2\/posts\/197045","targetHints":{"allow":["GET"]}}],"collection":[{"href":"https:\/\/www.europesays.com\/es\/wp-json\/wp\/v2\/posts"}],"about":[{"href":"https:\/\/www.europesays.com\/es\/wp-json\/wp\/v2\/types\/post"}],"author":[{"embeddable":true,"href":"https:\/\/www.europesays.com\/es\/wp-json\/wp\/v2\/users\/2"}],"replies":[{"embeddable":true,"href":"https:\/\/www.europesays.com\/es\/wp-json\/wp\/v2\/comments?post=197045"}],"version-history":[{"count":0,"href":"https:\/\/www.europesays.com\/es\/wp-json\/wp\/v2\/posts\/197045\/revisions"}],"wp:featuredmedia":[{"embeddable":true,"href":"https:\/\/www.europesays.com\/es\/wp-json\/wp\/v2\/media\/197046"}],"wp:attachment":[{"href":"https:\/\/www.europesays.com\/es\/wp-json\/wp\/v2\/media?parent=197045"}],"wp:term":[{"taxonomy":"category","embeddable":true,"href":"https:\/\/www.europesays.com\/es\/wp-json\/wp\/v2\/categories?post=197045"},{"taxonomy":"post_tag","embeddable":true,"href":"https:\/\/www.europesays.com\/es\/wp-json\/wp\/v2\/tags?post=197045"}],"curies":[{"name":"wp","href":"https:\/\/api.w.org\/{rel}","templated":true}]}}