{"id":197051,"date":"2025-10-23T23:11:10","date_gmt":"2025-10-23T23:11:10","guid":{"rendered":"https:\/\/www.europesays.com\/es\/197051\/"},"modified":"2025-10-23T23:11:10","modified_gmt":"2025-10-23T23:11:10","slug":"el-libro-lotsaizuna-de-john-maxwell-coetzee-sera-el-eje-central-de-la-nueva-sesion-del-club-de-lectura","status":"publish","type":"post","link":"https:\/\/www.europesays.com\/es\/197051\/","title":{"rendered":"El libro \u201cLotsaizuna\u201d de John Maxwell Coetzee ser\u00e1 el eje central de la nueva sesi\u00f3n del club de lectura"},"content":{"rendered":"<p>23 de octubre de 2025<img decoding=\"async\" alt=\"El libro \u201cLotsaizuna\u201d de John Maxwell Coetzee ser\u00e1 el eje central de la nueva sesi\u00f3n del club de lectura\" src=\"https:\/\/www.europesays.com\/es\/wp-content\/uploads\/2025\/10\/teaser.jpeg\" width=\"100%\" height=\"auto\" class=\"ui image\"\/><\/p>\n<p class=\"documentDescription\">La sesi\u00f3n, que se desarrollar\u00e1 en euskera y estar\u00e1 dirigida por Asier Serrano, se celebrar\u00e1 de 19:00 a 20:30 horas en la Biblioteca Municipal Ostolaza, y estar\u00e1 dedicada a Lotsaizuna, la profunda obra de J. M. Coetzee que invita a reflexionar sobre la verg\u00fcenza, la redenci\u00f3n y la complejidad de la condici\u00f3n humana.\n<\/p>\n<p>El pr\u00f3ximo 29 de octubre se celebrar\u00e1 una nueva sesi\u00f3n del club de lectura, que en esta ocasi\u00f3n se desarrollar\u00e1 \u00edntegramente en euskera. La lectura y el an\u00e1lisis se centrar\u00e1n en Lotsaizuna, la novela del escritor sudafricano John Maxwell Coetzee, traducida al euskera por Oskar Arana. La sesi\u00f3n estar\u00e1 dirigida por Asier Serrano, quien conducir\u00e1 el encuentro literario con una mirada cercana y reflexiva.<\/p>\n<p>Lotsaizuna es una de las obras m\u00e1s reconocidas de Coetzee. La novela aborda con profundidad temas universales como la verg\u00fcenza, la redenci\u00f3n, la moral y la condici\u00f3n humana, a trav\u00e9s de una narrativa intensa que invita a la reflexi\u00f3n sobre las relaciones personales y los dilemas \u00e9ticos en una sociedad en transformaci\u00f3n.<\/p>\n<p>La sesi\u00f3n se celebrar\u00e1 de 19:00 a 20:30 horas en la Biblioteca Municipal Ostolaza, donde se compartir\u00e1n impresiones sobre Lotsaizuna, se explorar\u00e1 su trasfondo \u00e9tico y emocional y se debatir\u00e1 sobre las cuestiones humanas que Coetzee plantea con tanta sensibilidad, promoviendo la creaci\u00f3n de espacios culturales abiertos al di\u00e1logo y la reflexi\u00f3n compartida.<\/p>\n","protected":false},"excerpt":{"rendered":"23 de octubre de 2025 La sesi\u00f3n, que se desarrollar\u00e1 en euskera y estar\u00e1 dirigida por Asier Serrano,&hellip;\n","protected":false},"author":2,"featured_media":197052,"comment_status":"","ping_status":"","sticky":false,"template":"","format":"standard","meta":{"footnotes":""},"categories":[172],"tags":[224,146,147,25,24,225,23],"class_list":{"0":"post-197051","1":"post","2":"type-post","3":"status-publish","4":"format-standard","5":"has-post-thumbnail","7":"category-libros","8":"tag-books","9":"tag-entertainment","10":"tag-entretenimiento","11":"tag-es","12":"tag-espana","13":"tag-libros","14":"tag-spain"},"share_on_mastodon":{"url":"https:\/\/pubeurope.com\/@es\/115426013297216070","error":""},"_links":{"self":[{"href":"https:\/\/www.europesays.com\/es\/wp-json\/wp\/v2\/posts\/197051","targetHints":{"allow":["GET"]}}],"collection":[{"href":"https:\/\/www.europesays.com\/es\/wp-json\/wp\/v2\/posts"}],"about":[{"href":"https:\/\/www.europesays.com\/es\/wp-json\/wp\/v2\/types\/post"}],"author":[{"embeddable":true,"href":"https:\/\/www.europesays.com\/es\/wp-json\/wp\/v2\/users\/2"}],"replies":[{"embeddable":true,"href":"https:\/\/www.europesays.com\/es\/wp-json\/wp\/v2\/comments?post=197051"}],"version-history":[{"count":0,"href":"https:\/\/www.europesays.com\/es\/wp-json\/wp\/v2\/posts\/197051\/revisions"}],"wp:featuredmedia":[{"embeddable":true,"href":"https:\/\/www.europesays.com\/es\/wp-json\/wp\/v2\/media\/197052"}],"wp:attachment":[{"href":"https:\/\/www.europesays.com\/es\/wp-json\/wp\/v2\/media?parent=197051"}],"wp:term":[{"taxonomy":"category","embeddable":true,"href":"https:\/\/www.europesays.com\/es\/wp-json\/wp\/v2\/categories?post=197051"},{"taxonomy":"post_tag","embeddable":true,"href":"https:\/\/www.europesays.com\/es\/wp-json\/wp\/v2\/tags?post=197051"}],"curies":[{"name":"wp","href":"https:\/\/api.w.org\/{rel}","templated":true}]}}