{"id":197061,"date":"2025-10-23T23:17:17","date_gmt":"2025-10-23T23:17:17","guid":{"rendered":"https:\/\/www.europesays.com\/es\/197061\/"},"modified":"2025-10-23T23:17:17","modified_gmt":"2025-10-23T23:17:17","slug":"es-un-look-actual-y-sofisticado-que-cumple-el-protocolo-y-le-favorece-mucho","status":"publish","type":"post","link":"https:\/\/www.europesays.com\/es\/197061\/","title":{"rendered":"Es un look actual y sofisticado, que cumple el protocolo y le favorece mucho"},"content":{"rendered":"<p id=\"eDC5DGFv32\" data-wc=\"76\">Este jueves 23 de octubre el <strong>Auditorio de Oviedo\u00a0<\/strong>ha acogido, como es habitual, el <a class=\"hm-link ho-link\" href=\"https:\/\/www.hola.com\/realeza\/casa_espanola\/20251023863377\/reyes-leonor-sofia-concierto-princesa-asturias-premios-oviedo\/\" rel=\"noopener nofollow\" target=\"_blank\" data-mrf-recirculation=\"article-body-link\">Concierto de los Premios Princesa de Asturias<\/a>. La cita anual ten\u00eda lugar <strong>a las 19:00 horas<\/strong> y para la ocasi\u00f3n, <a class=\"hm-link ho-link\" href=\"https:\/\/www.hola.com\/moda\/20251023863370\/leonor-look-premio-princesa-asturias-concierto-chaqueta-lentejuelas-pantalon\/\" rel=\"noopener nofollow\" target=\"_blank\" data-mrf-recirculation=\"article-body-link\">la princesa Sof\u00eda ha completado su conjunto azul brillante<\/a> con el que ya podemos considerar <strong>su peinado de confianza<\/strong>. Nos hemos puesto en contacto con el peluquero profesional <strong>Moncho Moreno<\/strong>, director de su hom\u00f3nimo sal\u00f3n en Madrid, para<strong>\u00a0analizarlo al detalle<\/strong>.<\/p>\n<p> <img src=\"https:\/\/www.europesays.com\/es\/wp-content\/uploads\/2025\/10\/d5257d1b65be-u593551041.jpg\"   width=\"1080\" height=\"1800\" loading=\"lazy\" decoding=\"async\" alt=\"La princesa Leonor en el concierto de los Premios Princesa de Asturias 2025\" fetchpriority=\"auto\" class=\"image ho-image\"\/>\u00a9 GTRES<br \/>\nEl peinado infalible de la princesa Leonor<\/p>\n<p id=\"eoZFi4fD2t\" data-wc=\"84\">As\u00ed como su hermana, <a class=\"hm-link ho-link\" href=\"https:\/\/www.hola.com\/moda\/20251023863393\/look-infanta-sofia-concierto-premios-princesa-de-asturias-2025\/\" rel=\"noopener nofollow\" target=\"_blank\" data-mrf-recirculation=\"article-body-link\">la infanta Sof\u00eda, prefiere llevar el pelo suelto ligeramente ondulado<\/a> de medios a puntas; y su madre, <a class=\"hm-link ho-link\" href=\"https:\/\/www.hola.com\/belleza\/20250830852620\/reina-letizia-diadema-trucos-peinado-facil-consejos-peluquera\/\" rel=\"noopener nofollow\" target=\"_blank\" data-mrf-recirculation=\"article-body-link\">la reina Letizia, apuesta \u00faltimamente por las horquillas ocultas<\/a> simulando una suerte de diadema que le permite llevar el pelo suelto y el rostro drespejado; <strong>la princesa Leonor es fan de los semirrecogidos rom\u00e1nticos<\/strong>. Adem\u00e1s, suele, desde los actos oficiales a los que acud\u00eda ya en su tierna infancia, sumar al estilismo <strong>un detalle que podemos considerar ya parte de su marca personal<\/strong>.<\/p>\n<p> <img src=\"https:\/\/www.europesays.com\/es\/wp-content\/uploads\/2025\/10\/2e851eca7ba7-europapress7050466familiarealreyfelipeivreinaletiziaprincesaleonorinf.jpg\"   width=\"753\" height=\"1024\" loading=\"lazy\" decoding=\"async\" alt=\"&#10;Ra\u00c3\u00bal Terrel \/ Europa Press&#10;FAMILIA REAL;PREMIOS;GENTE&#10;23\/10\/2025\" fetchpriority=\"auto\" class=\"image ho-image\"\/>\u00a9 Europa Press<\/p>\n<p id=\"ej-xmfiwZV\" data-wc=\"57\">La primog\u00e9nita del rey Felipe VI y la reina Letizia se ha decantado por <strong>un semirrecogido con torsi\u00f3n lateral<\/strong>. Ha llevado el cabello suelto y liso, con un aspecto natural y pulido, recogido hacia atr\u00e1s con <strong>dos mechones que se cruzan o retuercen ligeramente en la parte posterior de la cabeza<\/strong>, creando un efecto de medio recogido.\u00a0<\/p>\n<p id=\"elQvne09aba\" data-wc=\"33\">Adem\u00e1s, ha apostando por un detalle distintivo que, como te dec\u00edamos, es ya <strong>su sello de identidad: dos mechones delanteros<\/strong> ligeros y ondulados que le dan al look<strong>\u00a0un toque fresco y juvenil<\/strong>.<\/p>\n<p> <img src=\"https:\/\/www.europesays.com\/es\/wp-content\/uploads\/2025\/10\/b93f9c8dfa3f-gettyimages-2242832444.jpg\"   width=\"1080\" height=\"1800\" loading=\"lazy\" decoding=\"async\" alt=\"La princesa Leonor en el concierto de los Premios Princesa de Asturias 2025\" fetchpriority=\"auto\" class=\"image ho-image\"\/>\u00a9 Getty Images<\/p>\n<p id=\"eJ0GcpAbwEN\" data-wc=\"43\">Seg\u00fan el estilista capilar Moncho Moreno, las <strong>ondas abiertas frontales<\/strong> que ha llevado la princesa Leonor \u00abson <strong>bonitas y elegantes\u00bb<\/strong>. El experto destaca adem\u00e1s<strong>\u00a0la importancia de su color de pelo natural<\/strong>, que \u00able permite hacer este tipo de giros para ofrecer movimiento\u00bb.\u00a0<\/p>\n<p id=\"edzXsM6DUm\" data-wc=\"50\">Para Moncho, este \u00faltimo peinado \u00abes <strong>un look actual y sofisticado\u00a0<\/strong>que cumple con las reglas no escritas del protocolo y <strong>le favorece mucho<\/strong>\u00ab. Adem\u00e1s destaca que <strong>la raya al medio<\/strong> por la que la hija mayor de los Reyes se decanta <strong>es \u00abmon\u00e1rquica, cl\u00e1sica, elegante y, encima, es moda\u00bb<\/strong>.<\/p>\n<p> <img src=\"https:\/\/www.europesays.com\/es\/wp-content\/uploads\/2025\/10\/b95e67cbba43-europapress7050465familiarealreyfelipeivreinaletiziaprincesaleonorinf.jpg\"   width=\"1024\" height=\"722\" loading=\"lazy\" decoding=\"async\" alt=\"Media Image\" fetchpriority=\"auto\" class=\"image ho-image\"\/>\u00a9 Europa Press<\/p>\n<p id=\"e1-w5x-wmj\" data-wc=\"59\">Como te dec\u00edamos,<a class=\"hm-link ho-link\" href=\"https:\/\/www.hola.com\/belleza\/20231028242536\/princesa-leonor-mejores-peinados-18-cumpleanos\/\" rel=\"noopener nofollow\" target=\"_blank\" data-mrf-recirculation=\"article-body-link\">\u00a0no es la primera vez que la princesa Leonor se decanta por un semirrecogido de este estilo<\/a>. Mucho menos por los mechones que enmarcan el rostro. Desde ni\u00f1a, tiene la suerte de lucir esos <a class=\"hm-link ho-link\" href=\"https:\/\/www.hola.com\/belleza\/20210420188060\/blanca-suarez-pelo-coloracion-face-framing\/\" rel=\"noopener nofollow\" target=\"_blank\" data-mrf-recirculation=\"article-body-link\"><strong>reflejos tipo\u00a0<\/strong><strong>face framing<\/strong><\/a> o <a class=\"hm-link ho-link\" href=\"https:\/\/www.hola.com\/belleza\/tendencias\/20210726193637\/nuria-roca-mechas-rubias-pelo-castano\/\" rel=\"noopener nofollow\" target=\"_blank\" data-mrf-recirculation=\"article-body-link\"><strong>money piece<\/strong><\/a> que enmarcan el rostro y que tanto buscamos, sobre todo en oto\u00f1o- invierno.\u00a0<\/p>\n<p> <img src=\"https:\/\/www.europesays.com\/es\/wp-content\/uploads\/2025\/10\/3aa3c8207f8a-gettyimages-2242832985.jpg\"   width=\"1080\" height=\"1800\" loading=\"lazy\" decoding=\"async\" alt=\"La princesa Leonor en el concierto de los Premios Princesa de Asturias 2025\" fetchpriority=\"auto\" class=\"image ho-image\"\/>\u00a9 Getty Images<\/p>\n<p id=\"eBzt6KKc8Hf\" data-wc=\"55\">Quiz\u00e1 las haya potenciado sutilmente en el sal\u00f3n con el tiempo, porque <strong>la melena de las dos hermanas se ha oscurecido a\u00f1o tras a\u00f1o<\/strong>. Pero, sean naturales o fruto de una discret\u00edsima decoloraci\u00f3n, la Princesa no desaprovecha una sola oportunidad de <strong>ponerlas de relieve liberando de sus peinados<\/strong> <strong>estos dos mechones<\/strong> que tanto le favorecen.<\/p>\n<p id=\"enXT8JJVpW\" data-wc=\"36\">Desde luego, su peinado ha sido, una vez m\u00e1s, un acierto. Lo ha acompa\u00f1ado de <strong>maquillaje suave y sutil sombra de ojos<\/strong> apricot, gloss\u00a0con base melocot\u00f3n y<strong>\u00a0marcada m\u00e1scara de pesta\u00f1as<\/strong> para abrir su mirada.<\/p>\n","protected":false},"excerpt":{"rendered":"Este jueves 23 de octubre el Auditorio de Oviedo\u00a0ha acogido, como es habitual, el Concierto de los Premios&hellip;\n","protected":false},"author":2,"featured_media":197062,"comment_status":"","ping_status":"","sticky":false,"template":"","format":"standard","meta":{"footnotes":""},"categories":[91],"tags":[3451,146,147,25,24,19162,19778,34665,811,1027,23],"class_list":{"0":"post-197061","1":"post","2":"type-post","3":"status-publish","4":"format-standard","5":"has-post-thumbnail","7":"category-entretenimiento","8":"tag-belleza","9":"tag-entertainment","10":"tag-entretenimiento","11":"tag-es","12":"tag-espana","13":"tag-peinados","14":"tag-pelo","15":"tag-premios-princesa-de-asturias","16":"tag-princesa-leonor","17":"tag-realeza","18":"tag-spain"},"share_on_mastodon":{"url":"https:\/\/pubeurope.com\/@es\/115426036935008606","error":""},"_links":{"self":[{"href":"https:\/\/www.europesays.com\/es\/wp-json\/wp\/v2\/posts\/197061","targetHints":{"allow":["GET"]}}],"collection":[{"href":"https:\/\/www.europesays.com\/es\/wp-json\/wp\/v2\/posts"}],"about":[{"href":"https:\/\/www.europesays.com\/es\/wp-json\/wp\/v2\/types\/post"}],"author":[{"embeddable":true,"href":"https:\/\/www.europesays.com\/es\/wp-json\/wp\/v2\/users\/2"}],"replies":[{"embeddable":true,"href":"https:\/\/www.europesays.com\/es\/wp-json\/wp\/v2\/comments?post=197061"}],"version-history":[{"count":0,"href":"https:\/\/www.europesays.com\/es\/wp-json\/wp\/v2\/posts\/197061\/revisions"}],"wp:featuredmedia":[{"embeddable":true,"href":"https:\/\/www.europesays.com\/es\/wp-json\/wp\/v2\/media\/197062"}],"wp:attachment":[{"href":"https:\/\/www.europesays.com\/es\/wp-json\/wp\/v2\/media?parent=197061"}],"wp:term":[{"taxonomy":"category","embeddable":true,"href":"https:\/\/www.europesays.com\/es\/wp-json\/wp\/v2\/categories?post=197061"},{"taxonomy":"post_tag","embeddable":true,"href":"https:\/\/www.europesays.com\/es\/wp-json\/wp\/v2\/tags?post=197061"}],"curies":[{"name":"wp","href":"https:\/\/api.w.org\/{rel}","templated":true}]}}