{"id":197070,"date":"2025-10-23T23:22:18","date_gmt":"2025-10-23T23:22:18","guid":{"rendered":"https:\/\/www.europesays.com\/es\/197070\/"},"modified":"2025-10-23T23:22:18","modified_gmt":"2025-10-23T23:22:18","slug":"la-fiscalia-investiga-los-fallos-en-los-cribados-de-cancer-en-andalucia-y-pide-un-informe-al-gobierno-de-moreno","status":"publish","type":"post","link":"https:\/\/www.europesays.com\/es\/197070\/","title":{"rendered":"La Fiscal\u00eda investiga los \u00abfallos\u00bb en los cribados de c\u00e1ncer en Andaluc\u00eda y pide un informe al Gobierno de Moreno"},"content":{"rendered":"<p class=\"article-text\">\n        La Fiscal\u00eda del Tribunal Superior de Justicia de Andaluc\u00eda (TSJA) ha abierto diligencias para investigar los fallos detectados en el programa de cribado del c\u00e1ncer de mama, que han provocado la mayor crisis pol\u00edtica del Gobierno andaluz desde que Juan Manuel Moreno es presidente, seg\u00fan ha adelantado Efe.\n    <\/p>\n<p class=\"article-text\">\n        El Ministerio P\u00fablico reclama en un escrito a la Consejer\u00eda de Sanidad un informe sobre los \u201cerrores\u201d que reconoci\u00f3 la propia Junta, y que se cobraron la dimisi\u00f3n de la exconsejera de Salud, Roc\u00edo Hern\u00e1ndez. El fiscal pide a la Junta que informe con detalle de las \u201cmedidas adoptadas para la reparaci\u00f3n del da\u00f1o de las v\u00edctimas\u201d y para la prevenci\u00f3n de hechos futuros similares.\n    <\/p>\n<p class=\"article-text\">\n        En los \u00faltimos 26 d\u00edas, desde que estall\u00f3 el esc\u00e1ndalo, el Ejecutivo de Moreno ha anunciado un cambio en el protocolo de detecci\u00f3n precoz del c\u00e1ncer de mama, un sobregasto sanitario de 100 millones y ha ofrecido distintas cifras de aumento de plantilla de sanitarios -119 contratos la primera semana; 700 la segunda y 4.300 la tercera- aunque ha admitido que no hay bolsa para fichar m\u00e1s radi\u00f3logos, el servicio m\u00e1s deficitario en esta crisis de cribados.\n    <\/p>\n<p class=\"article-text\">\n        La investigaci\u00f3n de la Fiscal\u00eda parte de las denuncias presentadas hace dos semanas por dos grupos de izquierdas en la oposici\u00f3n -Adelante Andaluc\u00eda y Por Andaluc\u00eda- y por el Defensor del Paciente. Los partidos denunciaron directamente ante el TJSA, porque se\u00f1alaron directamente la responsabilidad de cargos pol\u00edticos aforados, como la ya dimitida consejera de Salud, su predecesora en el cargo y actual responsable de Medio Ambiente, Catalina Garc\u00eda, la viceconsejera de Salud, Mar\u00eda Luisa del Moral, y la actual gerente del Servicio Andaluz de Salud (SAS), Valle Garc\u00eda, que ya est\u00e1 imputada en otra causa judicial por un supuesto delito de prevaricaci\u00f3n en los contratos de emergencia con cl\u00ednicas privadas entre 2020 y 2024.\n    <\/p>\n<p class=\"article-text\">\n        La denuncia del grupo Adelante Andaluc\u00eda es la m\u00e1s dura de todas, ya que imputa delitos de \u201chomicidio imprudente\u201d a los responsables p\u00fablicos que gestionaban la sanidad p\u00fablica cuando estalla la crisis de los cribados o que lo siguen haciendo. El partido de Teresa Rodr\u00edguez acusa a miembros del Gobierno de Moreno de delitos de lesiones por imprudencia grave y dejaci\u00f3n de funciones del servicio p\u00fablico, omisi\u00f3n del deber de prestar serivicos sanitarios.\n    <\/p>\n<p class=\"article-text\">\n        Sobre los delitos de lesiones y homicidio por imprudencia, la jurisprudencia del Tribunal Supremo ha declarado que, para que pueda apreciarse una conducta imprudente, es menester la concurrencia de una conducta -acci\u00f3n u omisi\u00f3n- voluntaria, pero no intencional; la previsibilidad y evitabilidad del resultado da\u00f1oso de tal conducta; la infracci\u00f3n por el agente de un deber objetivo de cuidado; la producci\u00f3n del resultado da\u00f1oso o lesivo de bienes jur\u00eddicos legalmente determinados (las 2.000 mujeres afectadas por un diagn\u00f3stico tard\u00edo, seg\u00fan la propia Junta) y la existencia de una relaci\u00f3n de causalidad entre la conducta y el resultado producido. La autoridad sanitaria, en este caso la propia Consejer\u00eda de Salud, reza la denuncia.\n    <\/p>\n<p class=\"article-text\">\n        Las denuncias interpuestas por Adelante, Por Andaluc\u00eda y el Defensor del Paciente no son, pese a todo, las que m\u00e1s preocupan al Gobierno de Moreno, que acusa a las izquierdas de estar manipulando la situaci\u00f3n. La Junta teme la demanda colectiva que est\u00e1 preparando el abogado de la Asociaci\u00f3n de Mujeres con C\u00e1ncer de Sevilla (Amama), que destap\u00f3 el esc\u00e1ndalo hace tres semanas, y que aglutina un centenar de afectadas por los diagn\u00f3sticos tard\u00edos. Mujeres que se enteraron con meses y a\u00f1os de retraso que sus mamograf\u00edas hab\u00edan arrojado un resultado \u201csospechoso\u201d o \u201cno concluyente\u201d, del que no fueron informadas. En algunos casos, seg\u00fan la presidenta de Amama, ese diagn\u00f3stico tard\u00edo deriv\u00f3 en un c\u00e1ncer que no fue cogido a tiempo y acab\u00f3 con la vida de algunas mujeres.\n    <\/p>\n<p>    En pleno debate parlamentario<\/p>\n<p class=\"article-text\">\n        La apertura de diligencias por parte de la Fiscal\u00eda ha saltado en plena sesi\u00f3n de control en el Parlamento andaluz, donde el presidente Moreno ha afrontado un debate tenso y acalorado con toda la oposici\u00f3n, que le exige m\u00e1s informaci\u00f3n sobre la crisis. El dirigente popular, visiblemente nervioso, ha contraatacado acusando a las izquierdas de \u201cponer en riesgo un sistema sanitario que salva vidas\u201d e incitar a la violencia f\u00edsica y las amenazas contra los sanitarios.\n    <\/p>\n<p class=\"article-text\">\n        El anuncio de la Fiscal\u00eda llega despu\u00e9s de que este martes la presidenta de la <a href=\"https:\/\/amama-sevilla.es\/\" target=\"_blank\" data-mrf-recirculation=\"links-noticia\" class=\"link\" rel=\"nofollow noopener\">Asociaci\u00f3n de Mujeres con C\u00e1ncer de Mama de Sevilla (Amama)<\/a>, \u00c1ngela Claverol, presentara un escrito para denunciar el supuesto borrado y la manipularci\u00f3n de historiales m\u00e9dicos relacionados con mamograf\u00edas y ecograf\u00edas de las plataformas digitales del Servicio Andaluz de Salud (SAS), donde se alojan las pruebas cl\u00ednicas de todos los pacientes andaluzas.\n    <\/p>\n<p class=\"article-text\">\n        Este supuesto borrado ha sido detectado desde hace un par de semanas por mujeres que han acudido a la asociaci\u00f3n sevillana tras los problemas detectados en el programa de cribado del c\u00e1ncer de mama.\n    <\/p>\n<p>    <a href=\"https:\/\/www.eldiario.es\/andalucia\/moreno-acusa-izquierda-azuzar-violencia-medicos-cuestionar-cribados-cancer-andalucia_1_12708043.html\" data-mrf-recirculation=\"saber-mas-abajo\" data-dl-event=\"saber-mas-abajo\" rel=\"nofollow noopener\" target=\"_blank\"><\/p>\n<p class=\"know-more__title\">Moreno acusa a la izquierda de azuzar la violencia contra los m\u00e9dicos por atacarle con la crisis de los cribados de c\u00e1ncer\n<\/p>\n<p>            <img decoding=\"async\" class=\"lazy\" loading=\"lazy\" data-src=\"https:\/\/static.eldiario.es\/clip\/0f0d34f8-586e-40c3-afa1-f23adeefe848_16-9-aspect-ratio_default_0_x1814y351.jpg\" src=\"data:image\/svg+xml,%3Csvg xmlns=\" http:=\"\" viewbox=\"0 0 880 495\" alt=\"Moreno acusa a la izquierda de azuzar la violencia contra los m\u00e9dicos por atacarle con la crisis de los cribados de c\u00e1ncer\"\/><\/p>\n<p>                        <\/a><\/p>\n<p class=\"article-text\">\n        Seg\u00fan Claverol, algunas pruebas como mamograf\u00edas o ecograf\u00edas habr\u00edan desaparecido de plataformas digitales como ClicSalud o Diraya, y tambi\u00e9n se habr\u00eda detectado el cambio de determinadas nomenclaturas sobre los diagn\u00f3sticos en algunas de ellas. Amama cree que estos hechos deben ser \u201cacumulados\u201d al expediente que se siga en la Fiscal\u00eda respecto a las irregularidades del programa de cribado.\n    <\/p>\n<p class=\"article-text\">\n        <a href=\"https:\/\/usuarios.eldiario.es\/hazte_socio\/?utm_source=andalucia&amp;utm_campaign=eell&amp;utm_medium=all&amp;_gl=1*1686cvs*_gcl_au*MTYxMDA0MjMxOS4xNzUzODU2NTg0*_ga*MzI3MDQxMTk0LjE2Njc4MTY1MDY.*_ga_4RZPWREGF3*czE3NTk4MzU1ODckbzcwJGcxJHQxNzU5ODM2MDg2JGo2MCRsMCRoMA..\" target=\"_blank\" data-mrf-recirculation=\"links-noticia\" class=\"link\" rel=\"nofollow noopener\">Desde este enlace<\/a> puedes convertirte en nuevo socio\/a de<a href=\"https:\/\/www.eldiario.es\/andalucia\/\" target=\"_blank\" data-mrf-recirculation=\"links-noticia\" class=\"link\" rel=\"nofollow noopener\"> <\/a><a href=\"https:\/\/www.eldiario.es\/andalucia\/\" target=\"_blank\" data-mrf-recirculation=\"links-noticia\" class=\"link\" rel=\"nofollow noopener\">elDiario.es Andaluc\u00eda<\/a> y apoyar\u00e1s econ\u00f3micamente un periodismo independiente y riguroso hecho desde nuestra tierra.\n    <\/p>\n<p class=\"article-text\">\n        Si ya eres socio\/a, puedes hacer una aportaci\u00f3n extra destinada \u00edntegramente a la redacci\u00f3n de Andaluc\u00eda desde el apartado &#8216;Tu cuota&#8217;. Es importante para que podamos seguir contando noticias de Andaluc\u00eda desde Andaluc\u00eda. \u00a1Gracias por tu apoyo!\n    <\/p>\n","protected":false},"excerpt":{"rendered":"La Fiscal\u00eda del Tribunal Superior de Justicia de Andaluc\u00eda (TSJA) ha abierto diligencias para investigar los fallos detectados&hellip;\n","protected":false},"author":2,"featured_media":197071,"comment_status":"","ping_status":"","sticky":false,"template":"","format":"standard","meta":{"footnotes":""},"categories":[5],"tags":[1705,259,17,18,2760,3854,25,24,13,14,494,11,1667,19,20,3855,9,10,15,16,1925,1171,23,12,21,22],"class_list":{"0":"post-197070","1":"post","2":"type-post","3":"status-publish","4":"format-standard","5":"has-post-thumbnail","7":"category-titulares","8":"tag-analisis","9":"tag-andalucia","10":"tag-breaking-news","11":"tag-breakingnews","12":"tag-cordoba","13":"tag-eldiario-es","14":"tag-es","15":"tag-espana","16":"tag-featured-news","17":"tag-featurednews","18":"tag-granada","19":"tag-headlines","20":"tag-informacion","21":"tag-latest-news","22":"tag-latestnews","23":"tag-malaga","24":"tag-news","25":"tag-noticias","26":"tag-noticias-destacadas","27":"tag-noticiasdestacadas","28":"tag-opinion","29":"tag-sevilla","30":"tag-spain","31":"tag-titulares","32":"tag-ultimas-noticias","33":"tag-ultimasnoticias"},"share_on_mastodon":{"url":"https:\/\/pubeurope.com\/@es\/115426056271792700","error":""},"_links":{"self":[{"href":"https:\/\/www.europesays.com\/es\/wp-json\/wp\/v2\/posts\/197070","targetHints":{"allow":["GET"]}}],"collection":[{"href":"https:\/\/www.europesays.com\/es\/wp-json\/wp\/v2\/posts"}],"about":[{"href":"https:\/\/www.europesays.com\/es\/wp-json\/wp\/v2\/types\/post"}],"author":[{"embeddable":true,"href":"https:\/\/www.europesays.com\/es\/wp-json\/wp\/v2\/users\/2"}],"replies":[{"embeddable":true,"href":"https:\/\/www.europesays.com\/es\/wp-json\/wp\/v2\/comments?post=197070"}],"version-history":[{"count":0,"href":"https:\/\/www.europesays.com\/es\/wp-json\/wp\/v2\/posts\/197070\/revisions"}],"wp:featuredmedia":[{"embeddable":true,"href":"https:\/\/www.europesays.com\/es\/wp-json\/wp\/v2\/media\/197071"}],"wp:attachment":[{"href":"https:\/\/www.europesays.com\/es\/wp-json\/wp\/v2\/media?parent=197070"}],"wp:term":[{"taxonomy":"category","embeddable":true,"href":"https:\/\/www.europesays.com\/es\/wp-json\/wp\/v2\/categories?post=197070"},{"taxonomy":"post_tag","embeddable":true,"href":"https:\/\/www.europesays.com\/es\/wp-json\/wp\/v2\/tags?post=197070"}],"curies":[{"name":"wp","href":"https:\/\/api.w.org\/{rel}","templated":true}]}}