{"id":197074,"date":"2025-10-23T23:24:25","date_gmt":"2025-10-23T23:24:25","guid":{"rendered":"https:\/\/www.europesays.com\/es\/197074\/"},"modified":"2025-10-23T23:24:25","modified_gmt":"2025-10-23T23:24:25","slug":"aguilafuente-acoge-tres-festejos-taurinos-por-san-frutos","status":"publish","type":"post","link":"https:\/\/www.europesays.com\/es\/197074\/","title":{"rendered":"Aguilafuente acoge tres festejos taurinos por San Frutos"},"content":{"rendered":"<p class=\"p1\">Aguilafuente volver\u00e1 a contar con festejos taurinos por San Frutos. La localidad aguilucha, bajo la organizaci\u00f3n de la Asociaci\u00f3n Cultural \u2018San Frutos\u2019 y la empresa Producciones Taurinas Rivera del Duero, acoger\u00e1 tres espect\u00e1culos taurinos durante la jornada del s\u00e1bado 25 de octubre, dos encierros nocturnos y una suelta de mini bueyes.<\/p>\n<p class=\"p1\">El primer festejo est\u00e1 programado a las 00.05 del s\u00e1bado -noche del viernes al s\u00e1bado- con un encierro nocturno por las calles de la villa, que concluir\u00e1 con un suelta de reses. Por la tarde del s\u00e1bado est\u00e1 previsto un encierro de bueyes peque\u00f1os para el p\u00fablico infantil a las 17.15 horas. Ya por la noche, a las 23.30, tendr\u00e1 lugar otra suelta de reses por las calles del municipio.<\/p>\n","protected":false},"excerpt":{"rendered":"Aguilafuente volver\u00e1 a contar con festejos taurinos por San Frutos. La localidad aguilucha, bajo la organizaci\u00f3n de la&hellip;\n","protected":false},"author":2,"featured_media":197075,"comment_status":"","ping_status":"","sticky":false,"template":"","format":"standard","meta":{"footnotes":""},"categories":[277],"tags":[373,168,25,24,23,167,374],"class_list":{"0":"post-197074","1":"post","2":"type-post","3":"status-publish","4":"format-standard","5":"has-post-thumbnail","7":"category-toreo","8":"tag-bullfighting","9":"tag-deportes","10":"tag-es","11":"tag-espana","12":"tag-spain","13":"tag-sports","14":"tag-toreo"},"share_on_mastodon":{"url":"https:\/\/pubeurope.com\/@es\/115426064209759373","error":""},"_links":{"self":[{"href":"https:\/\/www.europesays.com\/es\/wp-json\/wp\/v2\/posts\/197074","targetHints":{"allow":["GET"]}}],"collection":[{"href":"https:\/\/www.europesays.com\/es\/wp-json\/wp\/v2\/posts"}],"about":[{"href":"https:\/\/www.europesays.com\/es\/wp-json\/wp\/v2\/types\/post"}],"author":[{"embeddable":true,"href":"https:\/\/www.europesays.com\/es\/wp-json\/wp\/v2\/users\/2"}],"replies":[{"embeddable":true,"href":"https:\/\/www.europesays.com\/es\/wp-json\/wp\/v2\/comments?post=197074"}],"version-history":[{"count":0,"href":"https:\/\/www.europesays.com\/es\/wp-json\/wp\/v2\/posts\/197074\/revisions"}],"wp:featuredmedia":[{"embeddable":true,"href":"https:\/\/www.europesays.com\/es\/wp-json\/wp\/v2\/media\/197075"}],"wp:attachment":[{"href":"https:\/\/www.europesays.com\/es\/wp-json\/wp\/v2\/media?parent=197074"}],"wp:term":[{"taxonomy":"category","embeddable":true,"href":"https:\/\/www.europesays.com\/es\/wp-json\/wp\/v2\/categories?post=197074"},{"taxonomy":"post_tag","embeddable":true,"href":"https:\/\/www.europesays.com\/es\/wp-json\/wp\/v2\/tags?post=197074"}],"curies":[{"name":"wp","href":"https:\/\/api.w.org\/{rel}","templated":true}]}}