{"id":197077,"date":"2025-10-23T23:26:13","date_gmt":"2025-10-23T23:26:13","guid":{"rendered":"https:\/\/www.europesays.com\/es\/197077\/"},"modified":"2025-10-23T23:26:13","modified_gmt":"2025-10-23T23:26:13","slug":"el-pga-cancela-el-torneo-de-campeones-de-2026","status":"publish","type":"post","link":"https:\/\/www.europesays.com\/es\/197077\/","title":{"rendered":"El PGA cancela el Torneo de Campeones de 2026"},"content":{"rendered":"<p class=\"\">No habr\u00e1<a href=\"https:\/\/as.com\/masdeporte\/golf\/\" target=\"_self\" rel=\"nofollow noopener\" title=\"https:\/\/as.com\/masdeporte\/golf\/\"> <b>Torneo de Campeones <\/b><\/a>en 2026. Lo anunci\u00f3 este mi\u00e9rcoles el<b> PGA Tour<\/b>, que se ve obligado a renunciar al que por motivos de patrocinio se llama oficialmente<b> Sentry Tournament of Champions<\/b>, debido a la sequ\u00eda y los incendios que han azotado recientemente partes del archipi\u00e9lago de <b>Haw\u00e1i<\/b>, escenario de la cita. <\/p>\n<p class=\"\">\u201cEn cuanto supimos de las dificultades, estudiamos con <b>Sentry<\/b> (la aseguradora que ejerce de esp\u00f3nsor desde 2018) opciones para poder organizar el torneo. Desafortunadamente, finalmente hemos tenido que tomar esta decisi\u00f3n\u201d, asegura en el comunicado el jefe de competici\u00f3n del <b>PGA<\/b>,<b> Tyler Dennis<\/b>. \u201cApreciamos mucho los esfuerzos y la fluidez en la comunicaci\u00f3n con el PGA Tour en este procesoAunque nos disgusta que no se pueda disputar el torneo en 2026, nos contenta que el esp\u00edritu de las islas sea mostrado a los espectadores en el <b>Sony Open<\/b>\u201d, apunt\u00f3 por su parte el Gobernador de <b>Haw\u00e1i<\/b>,<b> Josh Green<\/b>, respecto al torneo que completa esa gira hawaiana del circuito, con el <b>Waialae Country Club<\/b> de <b>Honolulu<\/b>, en la isla de <b>O\u2019ahu<\/b>, menos afectada, como sede. <\/p>\n<blockquote class=\"twitter-tweet\">\n<p lang=\"en\" dir=\"ltr\">The Sony Open in Hawaii will serve as the opening event of the 2026 PGA TOUR schedule.<\/p>\n<p>\u2014 PGA TOUR (@PGATOUR) <a href=\"https:\/\/twitter.com\/PGATOUR\/status\/1981058144278368631?ref_src=twsrc%5Etfw\" rel=\"nofollow noopener\" target=\"_blank\">October 22, 2025<\/a><\/p><\/blockquote>\n<p class=\"\">La crisis clim\u00e1tica que vive el planeta ya tuvo incidencia en el golf profesional este mismo a\u00f1o, cuando los devastadores incendios que asolaron <b>California<\/b> obligaron a trasladar el <b>Genesis Open<\/b> de <b>Los \u00c1ngeles<\/b> a<b> San Diego<\/b>. En este caso, en cambio, no se ha encontrado d\u00f3nde realojar el campeonato. De fondo, disputas legales, porque la sequ\u00eda oblig\u00f3 a cerrar al <b>Kapalua Country Club<\/b> durante meses, con el consiguiente deterioro de sus trazados, y la propiedad del club demand\u00f3 a la compa\u00f1\u00eda que le suiministra el agua por deficiencias en el servicio<\/p>\n<p class=\"\">As\u00ed, la temporada al otro lado del <b>Atl\u00e1ntico<\/b> comenzar\u00e1 una semana m\u00e1s tarde de lo habitual, pues el Torneo de Campeones, que re\u00fane a todos los ganadores en el <b>PGA<\/b> el a\u00f1o anterior y a todos los que finalizaran ese curso entre los 50 primeros de la <b>FedEx<\/b> Cup aunque no consiguieran triunfo alguno, es el que tradicionalmente abre el calendario golf\u00edstico a principios de enero. Una p\u00e9rdida importante para el aficionado, que se queda sin esas impresionantes vistas tropicales que ofrece el Plantation Course de Kapalua en medio del invierno occidental, y para los golfistas, que <b>se repartir\u00e1n 20 millones menos.<\/b> <\/p>\n<p>Noticias relacionadas<\/p>\n<p class=\"\"><b>\u00a1Tus opiniones importan!<\/b> Comenta en los art\u00edculos y suscr\u00edbete gratis a nuestra <a href=\"https:\/\/asfan.as.com\/newsletters\/\" target=\"_blank\" rel=\"nofollow noopener\" title=\"https:\/\/asfan.as.com\/newsletters\/\">newsletter<\/a> y a las alertas informativas en la <a href=\"https:\/\/as.com\/aplicacion-de-as-n\/\" target=\"_blank\" rel=\"nofollow noopener\" title=\"https:\/\/as.com\/aplicacion-de-as-n\/\">App<\/a> o el canal de <a href=\"https:\/\/www.whatsapp.com\/channel\/0029VaAasdA7j6g745nz9M10\" target=\"_blank\" rel=\"nofollow noopener\" title=\"https:\/\/www.whatsapp.com\/channel\/0029VaAasdA7j6g745nz9M10\">WhatsApp<\/a>.<\/p>\n<p class=\"\">\u00bfBuscas licenciar contenido? Haz clic <a href=\"https:\/\/profesional.elpais.com\/soluciones-sindicacion?utm_medium=interno&amp;utm_source=crosslinking&amp;utm_campaign=sindicacion_as_pie_articulos\" target=\"_blank\" rel=\"nofollow noopener\" title=\"https:\/\/profesional.elpais.com\/soluciones-sindicacion?utm_medium=interno&amp;utm_source=crosslinking&amp;utm_campaign=sindicacion_as_pie_articulos\">aqu\u00ed<\/a><\/p>\n<p><script async src=\"https:\/\/platform.twitter.com\/widgets.js\" charset=\"utf-8\"><\/script><\/p>\n","protected":false},"excerpt":{"rendered":"No habr\u00e1 Torneo de Campeones en 2026. Lo anunci\u00f3 este mi\u00e9rcoles el PGA Tour, que se ve obligado&hellip;\n","protected":false},"author":2,"featured_media":197078,"comment_status":"","ping_status":"","sticky":false,"template":"","format":"standard","meta":{"footnotes":""},"categories":[275],"tags":[168,25,24,329,23,167],"class_list":{"0":"post-197077","1":"post","2":"type-post","3":"status-publish","4":"format-standard","5":"has-post-thumbnail","7":"category-golf","8":"tag-deportes","9":"tag-es","10":"tag-espana","11":"tag-golf","12":"tag-spain","13":"tag-sports"},"share_on_mastodon":{"url":"https:\/\/pubeurope.com\/@es\/115426072000009728","error":""},"_links":{"self":[{"href":"https:\/\/www.europesays.com\/es\/wp-json\/wp\/v2\/posts\/197077","targetHints":{"allow":["GET"]}}],"collection":[{"href":"https:\/\/www.europesays.com\/es\/wp-json\/wp\/v2\/posts"}],"about":[{"href":"https:\/\/www.europesays.com\/es\/wp-json\/wp\/v2\/types\/post"}],"author":[{"embeddable":true,"href":"https:\/\/www.europesays.com\/es\/wp-json\/wp\/v2\/users\/2"}],"replies":[{"embeddable":true,"href":"https:\/\/www.europesays.com\/es\/wp-json\/wp\/v2\/comments?post=197077"}],"version-history":[{"count":0,"href":"https:\/\/www.europesays.com\/es\/wp-json\/wp\/v2\/posts\/197077\/revisions"}],"wp:featuredmedia":[{"embeddable":true,"href":"https:\/\/www.europesays.com\/es\/wp-json\/wp\/v2\/media\/197078"}],"wp:attachment":[{"href":"https:\/\/www.europesays.com\/es\/wp-json\/wp\/v2\/media?parent=197077"}],"wp:term":[{"taxonomy":"category","embeddable":true,"href":"https:\/\/www.europesays.com\/es\/wp-json\/wp\/v2\/categories?post=197077"},{"taxonomy":"post_tag","embeddable":true,"href":"https:\/\/www.europesays.com\/es\/wp-json\/wp\/v2\/tags?post=197077"}],"curies":[{"name":"wp","href":"https:\/\/api.w.org\/{rel}","templated":true}]}}