{"id":197083,"date":"2025-10-23T23:29:09","date_gmt":"2025-10-23T23:29:09","guid":{"rendered":"https:\/\/www.europesays.com\/es\/197083\/"},"modified":"2025-10-23T23:29:09","modified_gmt":"2025-10-23T23:29:09","slug":"isack-hadjar-llega-acompanado-de-misterioso-americanista-en-el-gp-de-mexico-2025-tudn-formula-1","status":"publish","type":"post","link":"https:\/\/www.europesays.com\/es\/197083\/","title":{"rendered":"Isack Hadjar llega acompa\u00f1ado de misterioso americanista en el GP de M\u00e9xico 2025 | TUDN F\u00f3rmula 1"},"content":{"rendered":"<p>El piloto de Racing Bulls hizo acto presencia para ultimar detalles previos al inicio de las pr\u00e1cticas, pero a su arribo lleg\u00f3 junto c <b>on una persona que portaba la playera de las \u00c1guilas del Am\u00e9rica<\/b>.<\/p>\n<p>De inmediato se trat\u00f3 de ubicar quien era su acompa\u00f1ante y <b> tal parece que es parte de su equipo<\/b> quien al pisar suelo mexicano se enamor\u00f3 de inmediato del conjunto azulcrema y decidi\u00f3 sorprender a los fans con el jersey del equipo de la Liga MX.<\/p>\n<p>Por su parte, <b>Isack Hadjar<\/b> lleg\u00f3 con la ropa de su escuder\u00eda, pero no queda duda de que en su maleta se llevar\u00e1 una playera del Am\u00e9rica.<\/p>\n","protected":false},"excerpt":{"rendered":"El piloto de Racing Bulls hizo acto presencia para ultimar detalles previos al inicio de las pr\u00e1cticas, pero&hellip;\n","protected":false},"author":2,"featured_media":197084,"comment_status":"","ping_status":"","sticky":false,"template":"","format":"standard","meta":{"footnotes":""},"categories":[270],"tags":[889,37858,168,25,24,306,271,272,11596,16702,2109,23,167],"class_list":{"0":"post-197083","1":"post","2":"type-post","3":"status-publish","4":"format-standard","5":"has-post-thumbnail","7":"category-formula-1","8":"tag-america","9":"tag-autodromo-hermanos-rodriguez","10":"tag-deportes","11":"tag-es","12":"tag-espana","13":"tag-f1","14":"tag-formula-1","15":"tag-formula1","16":"tag-gp-mexico","17":"tag-gran-premio-de-mexico","18":"tag-isack-hadjar","19":"tag-spain","20":"tag-sports"},"share_on_mastodon":{"url":"https:\/\/pubeurope.com\/@es\/115426083875325968","error":""},"_links":{"self":[{"href":"https:\/\/www.europesays.com\/es\/wp-json\/wp\/v2\/posts\/197083","targetHints":{"allow":["GET"]}}],"collection":[{"href":"https:\/\/www.europesays.com\/es\/wp-json\/wp\/v2\/posts"}],"about":[{"href":"https:\/\/www.europesays.com\/es\/wp-json\/wp\/v2\/types\/post"}],"author":[{"embeddable":true,"href":"https:\/\/www.europesays.com\/es\/wp-json\/wp\/v2\/users\/2"}],"replies":[{"embeddable":true,"href":"https:\/\/www.europesays.com\/es\/wp-json\/wp\/v2\/comments?post=197083"}],"version-history":[{"count":0,"href":"https:\/\/www.europesays.com\/es\/wp-json\/wp\/v2\/posts\/197083\/revisions"}],"wp:featuredmedia":[{"embeddable":true,"href":"https:\/\/www.europesays.com\/es\/wp-json\/wp\/v2\/media\/197084"}],"wp:attachment":[{"href":"https:\/\/www.europesays.com\/es\/wp-json\/wp\/v2\/media?parent=197083"}],"wp:term":[{"taxonomy":"category","embeddable":true,"href":"https:\/\/www.europesays.com\/es\/wp-json\/wp\/v2\/categories?post=197083"},{"taxonomy":"post_tag","embeddable":true,"href":"https:\/\/www.europesays.com\/es\/wp-json\/wp\/v2\/tags?post=197083"}],"curies":[{"name":"wp","href":"https:\/\/api.w.org\/{rel}","templated":true}]}}