{"id":197087,"date":"2025-10-23T23:31:13","date_gmt":"2025-10-23T23:31:13","guid":{"rendered":"https:\/\/www.europesays.com\/es\/197087\/"},"modified":"2025-10-23T23:31:13","modified_gmt":"2025-10-23T23:31:13","slug":"ya-no-quedan-delanteros-como-zinebi","status":"publish","type":"post","link":"https:\/\/www.europesays.com\/es\/197087\/","title":{"rendered":"\u00abYa no quedan delanteros como Zinebi\u00bb"},"content":{"rendered":"<p><a class=\"v-mdl-ath__fig-a\" href=\"https:\/\/www.ideal.es\/autor\/jose-ignacio-cejudo-1091.html\" title=\"Jos\u00e9 Ignacio Cejudo\" rel=\"nofollow noopener\" target=\"_blank\"><br \/>\n<img decoding=\"async\" class=\"v-mdl-ath__img\" src=\"https:\/\/www.europesays.com\/es\/wp-content\/uploads\/2025\/08\/1756359791_741_autor-1091-foto-16.jpeg\" alt=\"Jos\u00e9 Ignacio Cejudo\"\/><br \/>\n<\/a><\/p>\n<p class=\"v-mdl-ath__p v-mdl-ath__p--6\">\nJueves, 23 de octubre 2025, 19:17<\/p>\n<p class=\"v-p\">Un delantero de 18 a\u00f1os reci\u00e9n llegado a la cantera del Granada puede encontrarse este s\u00e1bado ante la oportunidad de su vida. Rayan Zinebi, punta catal\u00e1n de origen marroqu\u00ed, lleva toda la semana en din\u00e1mica de primer equipo y Pacheta le incluir\u00e1 en la convocatoria para el derbi contra el C\u00e1diz en Los C\u00e1rmenes por la lesi\u00f3n de Moha Bouldini y el pobre rendimiento de Jorge Pascual. Formado en Cornell\u00e1, hace dos temporadas le firm\u00f3 el Prat y all\u00ed le acogi\u00f3 como entrenador H\u00e9ctor Rodr\u00edguez. El t\u00e9cnico no pod\u00eda ni imaginarse que terminar\u00edan siendo compa\u00f1eros con los meses en el equipo s\u00e9nior de Tercera RFEF, categor\u00eda en la que ya lleva dos goles con el Recreativo en seis partidos tras anotar otros cuatro con el juvenil de Divisi\u00f3n de Honor.<\/p>\n<p><a href=\"http:\/\/www.ideal.es\/granadacf\/granada-acusa-falta-referentes-goleadores-20251023125016-nt.html#vtm_modulosEngag=mod-rel:granadacf:noticia:1:cmp:1-not\" class=\"v-a-link\" aria-label=\"Imagen\" rel=\"nofollow noopener\" target=\"_blank\"><\/p>\n<p><img decoding=\"async\" loading=\"lazy\" src=\"https:\/\/www.europesays.com\/es\/wp-content\/uploads\/2025\/10\/granada-uzuni-pepe-marin-kpkH--366x256@Ideal.jpg\" class=\"v-a-img\" width=\"258\" height=\"180\" alt=\"\" data-voc-vtm-id=\"in-text-traffic\"\/><\/p>\n<p><\/a><\/p>\n<p class=\"v-p\">\u00abEra un caballo salvaje\u00bb, rememora H\u00e9ctor Rodr\u00edguez sobre la primera vez que vio jugar a Zinebi. \u00abYa me hab\u00edan comentado que ten\u00eda un car\u00e1cter fuerte y lo cierto es que me pareci\u00f3 pura potencia y fuerza, aunque a veces le fuera en contra. Me demostr\u00f3 desde el primer entrenamiento que pod\u00eda ser diferencial por c\u00f3mo marcaba los tiempos en el \u00e1rea, sin ponerse nervioso y siempre con el gol entre ceja y ceja; supe que nos dar\u00eda muchas alegr\u00edas\u00bb, ampl\u00eda.<\/p>\n<p class=\"v-p\">\u00abRayan es un delantero t\u00edpico de \u00e1rea, muy &#8216;killer&#8217;, al que le encanta ir al espacio con desmarques de ruptura y que se siente c\u00f3modo chocando con los centrales. Es de esos puntas que ya no quedan, que mete la cabeza donde sea con remates muy agresivos\u00bb, le describe su exentrenador, que todav\u00eda le ve mucho margen de mejora a la hora de \u00abtomar la mejor decisi\u00f3n cuando viene a recibir de espaldas\u00bb. \u00abEst\u00e1 tan obsesionado con ir al \u00e1rea que a veces intentaba girarse cuando no era posible\u00bb, admite.<\/p>\n<p class=\"v-p\">H\u00e9ctor Rodr\u00edguez asegura que tener a Zinebi como jugador fue \u00abuna bendici\u00f3n\u00bb. \u00abSe lo deja todo en el campo y siempre est\u00e1 dispuesto a un \u00faltimo esfuerzo por el bien del equipo; no se ahorra nada. Cree en sus entrenadores al m\u00e1ximo y si le pides que vaya contra una pared, va. Era muy agradecido y siempre daba la cara\u00bb, apunta. \u00abCuando juega refleja muy bien c\u00f3mo es a nivel personal: pura pasi\u00f3n. Su nervio contagia a sus compa\u00f1eros\u00bb, incide.<\/p>\n<p><img decoding=\"async\" loading=\"lazy\" src=\"https:\/\/www.europesays.com\/es\/wp-content\/uploads\/2025\/10\/zinebi.jpg\" class=\"v-a-img\" width=\"624\" height=\"385\" alt=\"Zinebi arma un disparo con su antiguo equipo.\" data-voc-vtm-id=\"in-text-traffic\"\/><\/p>\n<p>Zinebi arma un disparo con su antiguo equipo.<\/p>\n<p>AE Prat<\/p>\n<p><img loading=\"lazy\" decoding=\"async\" src=\"https:\/\/www.europesays.com\/es\/wp-content\/uploads\/2025\/10\/zinebi.jpg\" class=\"v-mdl__img-z\" width=\"624\" height=\"385\" alt=\"\"\/><\/p>\n<p class=\"v-p\">El buen rendimiento de Zinebi en el juvenil del Prat en la Preferente catalana le llev\u00f3 a su primer equipo en Tercera RFEF, donde su entrenador pas\u00f3 a convertirse en su compa\u00f1ero. \u00abFue curioso, pero siempre me mantuvo mucho respeto\u00bb, le agradece. \u00abSe adapt\u00f3 muy bien a la categor\u00eda, y no me sorprendi\u00f3. Ten\u00eda claro que no iba a perder su desparpajo por timidez, como les pasa a otros. Con el car\u00e1cter que tiene, no iba a dejar de hacer lo que sabe. Es un cara &#8216;dura&#8217; en el buen sentido. Siente mucha confianza en s\u00ed mismo porque nadie le ha regalado nada\u00bb, esgrime.<\/p>\n<p class=\"v-p\">Todav\u00eda futbolista del Prat, H\u00e9ctor Rodr\u00edguez comparte una an\u00e9cdota sobre aquellos tiempos en los que Zinebi saltaba del juvenil al primer equipo en su antiguo club. \u00abUna vez ven\u00eda de varios partidos con el s\u00e9nior en los que no estuvo fino de cara a puerta, algo raro en \u00e9l, y andaba decepcionado, ofuscado e incluso un poco ansioso. Antes de un partido de vuelta con su equipo habitual, le dije que marcar\u00eda y asistir\u00eda y que, si se cumpl\u00eda, esperaba que me lo celebrase en la cara. Marc\u00f3, y no hizo nada, pero al asistir despu\u00e9s se olvid\u00f3 de sus compa\u00f1eros y me arroll\u00f3 con un abrazo enorme mientras me daba las gracias por todo\u00bb, recrea con viveza y emoci\u00f3n porque esa clase de detalles \u00abllenan mucho a los entrenadores\u00bb.<\/p>\n<p>\u00abEstar\u00e1 preparado\u00bb<\/p>\n<p class=\"v-p\">H\u00e9ctor Rodr\u00edguez celebra que a Zinebi le est\u00e9 yendo bien tambi\u00e9n en Granada. \u00abTiene ante s\u00ed un reto importante, y s\u00e9 que estar\u00e1 preparado mentalmente. Parece que tambi\u00e9n se lo est\u00e1 ganando all\u00ed\u00bb, se congratula al comprobar los n\u00fameros de su antiguo pupilo y compa\u00f1ero con el Recreativo y con el juvenil de Divisi\u00f3n de Honor. \u00c9l, por lo pronto, se muestra convencido de que como m\u00ednimo \u00abser\u00e1 futbolista profesional\u00bb. Nunca estuvo tan cerca, desde luego.<\/p>\n<p class=\"v-p\">\u00abRayan tiene tan buenas maneras que tendr\u00e1 el potencial que \u00e9l mismo quiera; yo no le veo techo, la verdad\u00bb, sostiene el exentrenador de Zinebi. \u00abLo m\u00e1s importante es que mantenga la calma cuando las cosas no le vayan bien, porque eso tambi\u00e9n pasa en el f\u00fatbol, y espero que entonces tenga la tranquilidad suficiente como para darle la vuelta\u00bb, desea, con la preocupaci\u00f3n de un padre futbol\u00edstico. No le perder\u00e1 ojo al derbi con el C\u00e1diz en Los C\u00e1rmenes por si a Pacheta le da por buscar a Zinebi en el banquillo. Tiene de margen hasta que Bouldini se recupere del tobillo antes de que invierno pueda llegar otro punta.<\/p>\n<p>Reporta un error<\/p>\n<p class=\"v-crt__t\"> L\u00edmite de sesiones alcanzadas<\/p>\n<p class=\"v-crt__p\">El acceso al contenido Premium est\u00e1 abierto por cortes\u00eda del establecimiento donde te encuentras, pero ahora mismo hay demasiados usuarios conectados a las vez.<\/p>\n<p class=\"v-crt__p\">Por favor, int\u00e9ntalo pasados unos minutos.<\/p>\n<p>\nVolver a intentar\n<\/p>\n<p class=\"v-crt__t\">Sesi\u00f3n cerrada<\/p>\n<p class=\"v-crt__p\">Al iniciar sesi\u00f3n desde un dispositivo distinto, por seguridad, se cerr\u00f3 la \u00faltima sesi\u00f3n en este.<\/p>\n<p class=\"v-crt__p\">Para continuar disfrutando de su suscripci\u00f3n digital, inicie sesi\u00f3n en este dispositivo.<\/p>\n<p>\nEste contenido es exclusivo para suscriptores\n<\/p>\n<p class=\"text\">\u00bfTienes una suscripci\u00f3n? <a href=\"https:\/\/secure.ideal.es\/identidad\/inicio#vca=suscribete&amp;vso=ideal&amp;vmc=on&amp;vli=cdn-ce-link-login\" class=\"login\" data-voc-vtm-id=\"comienzoSuscripcionON\" data-voc-vtm-info=\"cdn-ce-link-login\" rel=\"nofollow noopener\" target=\"_blank\">Inicia sesi\u00f3n<\/a><\/p>\n","protected":false},"excerpt":{"rendered":"Jueves, 23 de octubre 2025, 19:17 Un delantero de 18 a\u00f1os reci\u00e9n llegado a la cantera del Granada&hellip;\n","protected":false},"author":2,"featured_media":197088,"comment_status":"","ping_status":"","sticky":false,"template":"","format":"standard","meta":{"footnotes":""},"categories":[268],"tags":[4848,168,25,24,280,282,12287,281,23,167,54626],"class_list":{"0":"post-197087","1":"post","2":"type-post","3":"status-publish","4":"format-standard","5":"has-post-thumbnail","7":"category-futbol","8":"tag-delanteros","9":"tag-deportes","10":"tag-es","11":"tag-espana","12":"tag-football","13":"tag-futbol","14":"tag-quedan","15":"tag-soccer","16":"tag-spain","17":"tag-sports","18":"tag-zinebi"},"share_on_mastodon":{"url":"https:\/\/pubeurope.com\/@es\/115426091818170510","error":""},"_links":{"self":[{"href":"https:\/\/www.europesays.com\/es\/wp-json\/wp\/v2\/posts\/197087","targetHints":{"allow":["GET"]}}],"collection":[{"href":"https:\/\/www.europesays.com\/es\/wp-json\/wp\/v2\/posts"}],"about":[{"href":"https:\/\/www.europesays.com\/es\/wp-json\/wp\/v2\/types\/post"}],"author":[{"embeddable":true,"href":"https:\/\/www.europesays.com\/es\/wp-json\/wp\/v2\/users\/2"}],"replies":[{"embeddable":true,"href":"https:\/\/www.europesays.com\/es\/wp-json\/wp\/v2\/comments?post=197087"}],"version-history":[{"count":0,"href":"https:\/\/www.europesays.com\/es\/wp-json\/wp\/v2\/posts\/197087\/revisions"}],"wp:featuredmedia":[{"embeddable":true,"href":"https:\/\/www.europesays.com\/es\/wp-json\/wp\/v2\/media\/197088"}],"wp:attachment":[{"href":"https:\/\/www.europesays.com\/es\/wp-json\/wp\/v2\/media?parent=197087"}],"wp:term":[{"taxonomy":"category","embeddable":true,"href":"https:\/\/www.europesays.com\/es\/wp-json\/wp\/v2\/categories?post=197087"},{"taxonomy":"post_tag","embeddable":true,"href":"https:\/\/www.europesays.com\/es\/wp-json\/wp\/v2\/tags?post=197087"}],"curies":[{"name":"wp","href":"https:\/\/api.w.org\/{rel}","templated":true}]}}