{"id":197089,"date":"2025-10-23T23:32:07","date_gmt":"2025-10-23T23:32:07","guid":{"rendered":"https:\/\/www.europesays.com\/es\/197089\/"},"modified":"2025-10-23T23:32:07","modified_gmt":"2025-10-23T23:32:07","slug":"isabel-preysler-cuenta-en-el-hormiguero-que-fue-lo-que-mas-le-sorprendio-cuando-llego-a-espana-me-fascino","status":"publish","type":"post","link":"https:\/\/www.europesays.com\/es\/197089\/","title":{"rendered":"Isabel Preysler cuenta en &#8216;El Hormiguero&#8217; qu\u00e9 fue lo que m\u00e1s le sorprendi\u00f3 cuando lleg\u00f3 a Espa\u00f1a: \u00abMe fascin\u00f3\u00bb"},"content":{"rendered":"<p class=\"c-paragraph\"><a href=\"https:\/\/www.20minutos.es\/tags\/personas\/isabel-preysler.html\" title=\"Isabel Preysler\" rel=\"nofollow noopener\" target=\"_blank\">Isabel Preysler<\/a> ha sido la \u00faltima invitada de la semana en <a href=\"https:\/\/www.20minutos.es\/tags\/instituciones-empresas\/el-hormiguero.html\" title=\"El hormiguero\" rel=\"nofollow noopener\" target=\"_blank\">El Hormiguero<\/a>. La socialit\u00e9 ha visitado el programa de <a href=\"https:\/\/www.20minutos.es\/tags\/personas\/pablo-motos.html\" title=\"Pablo Motos\" rel=\"nofollow noopener\" target=\"_blank\">Pablo Motos<\/a> para <b>presentar sus memorias,<\/b> que desde el mi\u00e9rcoles 22 de octubre est\u00e1n disponibles en todas las librer\u00edas.\u00a0<\/p>\n<p class=\"c-paragraph\">Durante la entrevista, la arist\u00f3crata hispanofilipina ha profundizado acerca de los<b> diferentes temas que trata en su obra<\/b>, tales como sus hijos, sus amores y su vida en Filipinas antes de venir a Espa\u00f1a.<\/p>\n<p class=\"c-paragraph\">Sobre este \u00faltimo asunto el presentador del programa le ha planteado varias preguntas al respecto. \u00abMe ha gustado mucho como hablas de tu infancia, y dices que <b>no eras una Cenicienta cuando llegaste a Espa\u00f1a<\/b>\u00ab, introdujo Motos el tema.\u00a0<\/p>\n<p class=\"c-paragraph\">\u00abEn Filipinas todo el mundo sabe que no soy una Cenicienta, pero en Espa\u00f1a hay gente que lo cre\u00eda. <b>No me hubiese importado decir que soy Cenicienta, mucho m\u00e1s m\u00e9rito hubiera tenido <\/b>y estar\u00eda orgullos\u00edsima. F\u00edjate a donde he llegado sin serlo, pues si hubiera sido cenicienta, qu\u00e9 maravilla\u00bb, apunt\u00f3 Preysler.\u00a0<\/p>\n<p class=\"c-paragraph\">Ante esta aclaraci\u00f3n, Pablo Motos le pregunt\u00f3 a su invitada: \u00ab\u00bfQu\u00e9 te llam\u00f3 la atenci\u00f3n de Espa\u00f1a cuando llegaste?\u00bb \u00abMis t\u00edos viv\u00edan en la Castellana, me choc\u00f3 la falta de verde. <b>En Filipinas hay mucha vegetaci\u00f3n, entonces llegar aqu\u00ed y no ver tantos \u00e1rboles<\/b>&#8230; eso me choc\u00f3 much\u00edsimo\u00bb, aleg\u00f3 ella en una primera instancia.\u00a0<\/p>\n<p class=\"c-paragraph\">A continuaci\u00f3n, apunt\u00f3: \u00abPero s\u00ed <b>me fascin\u00f3 la libertad, el llegar a Espa\u00f1a y tener esa libertad que no ten\u00eda en Manila<\/b>&#8230; estaba encantada\u00bb. Y es que, aunque la madre de Tamara Falc\u00f3 sostiene que su ni\u00f1ez fue \u00abf\u00e1cil, feliz y privilegiada\u00bb, remarc\u00f3 en\u00a0su intervenci\u00f3n\u00a0que sus padres eran muy estrictos, motivo por el que su adolescencia fue \u00abun poco m\u00e1s complicada\u00bb.<\/p>\n","protected":false},"excerpt":{"rendered":"Isabel Preysler ha sido la \u00faltima invitada de la semana en El Hormiguero. La socialit\u00e9 ha visitado el&hellip;\n","protected":false},"author":2,"featured_media":197090,"comment_status":"","ping_status":"","sticky":false,"template":"","format":"standard","meta":{"footnotes":""},"categories":[174],"tags":[4040,255,5813,146,147,25,24,256,18480,5812,23],"class_list":{"0":"post-197089","1":"post","2":"type-post","3":"status-publish","4":"format-standard","5":"has-post-thumbnail","7":"category-famosos","8":"tag-antena-3","9":"tag-celebrities","10":"tag-el-hormiguero","11":"tag-entertainment","12":"tag-entretenimiento","13":"tag-es","14":"tag-espana","15":"tag-famosos","16":"tag-isabel-preysler","17":"tag-pablo-motos","18":"tag-spain"},"share_on_mastodon":{"url":"https:\/\/pubeurope.com\/@es\/115426095605366727","error":""},"_links":{"self":[{"href":"https:\/\/www.europesays.com\/es\/wp-json\/wp\/v2\/posts\/197089","targetHints":{"allow":["GET"]}}],"collection":[{"href":"https:\/\/www.europesays.com\/es\/wp-json\/wp\/v2\/posts"}],"about":[{"href":"https:\/\/www.europesays.com\/es\/wp-json\/wp\/v2\/types\/post"}],"author":[{"embeddable":true,"href":"https:\/\/www.europesays.com\/es\/wp-json\/wp\/v2\/users\/2"}],"replies":[{"embeddable":true,"href":"https:\/\/www.europesays.com\/es\/wp-json\/wp\/v2\/comments?post=197089"}],"version-history":[{"count":0,"href":"https:\/\/www.europesays.com\/es\/wp-json\/wp\/v2\/posts\/197089\/revisions"}],"wp:featuredmedia":[{"embeddable":true,"href":"https:\/\/www.europesays.com\/es\/wp-json\/wp\/v2\/media\/197090"}],"wp:attachment":[{"href":"https:\/\/www.europesays.com\/es\/wp-json\/wp\/v2\/media?parent=197089"}],"wp:term":[{"taxonomy":"category","embeddable":true,"href":"https:\/\/www.europesays.com\/es\/wp-json\/wp\/v2\/categories?post=197089"},{"taxonomy":"post_tag","embeddable":true,"href":"https:\/\/www.europesays.com\/es\/wp-json\/wp\/v2\/tags?post=197089"}],"curies":[{"name":"wp","href":"https:\/\/api.w.org\/{rel}","templated":true}]}}