{"id":19709,"date":"2025-08-02T01:21:07","date_gmt":"2025-08-02T01:21:07","guid":{"rendered":"https:\/\/www.europesays.com\/es\/19709\/"},"modified":"2025-08-02T01:21:07","modified_gmt":"2025-08-02T01:21:07","slug":"los-favoritos-de-la-clasica-san-sebastian","status":"publish","type":"post","link":"https:\/\/www.europesays.com\/es\/19709\/","title":{"rendered":"Los favoritos de la Cl\u00e1sica San Sebasti\u00e1n"},"content":{"rendered":"<p>Ha encontrado su sitio en el UAE, tarea exigente en una plantilla con semejante potencial. Segundo en el Giro de Italia y maglia rosa durante  &#8230; varias etapas, ha completado un mes de julio espl\u00e9ndido. Murgil le va como anillo al dedo.<\/p>\n<p>Experiencia, calidad y saber estar<\/p>\n<p class=\"v-p\">El esloveno es un corredor a tener en cuenta all\u00e1 donde compite. Si ha decidido participar en la Cl\u00e1sica, cabe pensar que viene con intenci\u00f3n de luchar por la victoria. Dirigido por Patxi Vila, no le deben faltar est\u00edmulos.<\/p>\n<p>Entre el rodaje y el desgaste del Tour<\/p>\n<p class=\"v-p\">El escoc\u00e9s ha ido de menos a m\u00e1s en el Tour y roz\u00f3 el tercer escal\u00f3n del podio. Joven, necesita engordar un palmar\u00e9s con solo dos victorias en el campo profesional. Veremos c\u00f3mo se desenvuelve en Erlaitz y en Murgil.<\/p>\n<p>La motivaci\u00f3n de los corredores de casa<\/p>\n<p class=\"v-p\">Su decimocuarto puesto en los Campos El\u00edseos en la \u00faltima etapa del Tour hace concebir esperanzas en el ezkiotarra, poco protagonista en la ronda gala. Aunque no sea un recorrido ideal para \u00e9l, correr en casa supone un plus.<\/p>\n","protected":false},"excerpt":{"rendered":"Ha encontrado su sitio en el UAE, tarea exigente en una plantilla con semejante potencial. Segundo en el&hellip;\n","protected":false},"author":2,"featured_media":19710,"comment_status":"","ping_status":"","sticky":false,"template":"","format":"standard","meta":{"footnotes":""},"categories":[273],"tags":[313,2683,312,168,25,24,12014,2228,11678,23,167],"class_list":{"0":"post-19709","1":"post","2":"type-post","3":"status-publish","4":"format-standard","5":"has-post-thumbnail","7":"category-ciclismo","8":"tag-ciclismo","9":"tag-clasica","10":"tag-cycling","11":"tag-deportes","12":"tag-es","13":"tag-espana","14":"tag-favoritos","15":"tag-san","16":"tag-sebastian","17":"tag-spain","18":"tag-sports"},"share_on_mastodon":{"url":"","error":""},"_links":{"self":[{"href":"https:\/\/www.europesays.com\/es\/wp-json\/wp\/v2\/posts\/19709","targetHints":{"allow":["GET"]}}],"collection":[{"href":"https:\/\/www.europesays.com\/es\/wp-json\/wp\/v2\/posts"}],"about":[{"href":"https:\/\/www.europesays.com\/es\/wp-json\/wp\/v2\/types\/post"}],"author":[{"embeddable":true,"href":"https:\/\/www.europesays.com\/es\/wp-json\/wp\/v2\/users\/2"}],"replies":[{"embeddable":true,"href":"https:\/\/www.europesays.com\/es\/wp-json\/wp\/v2\/comments?post=19709"}],"version-history":[{"count":0,"href":"https:\/\/www.europesays.com\/es\/wp-json\/wp\/v2\/posts\/19709\/revisions"}],"wp:featuredmedia":[{"embeddable":true,"href":"https:\/\/www.europesays.com\/es\/wp-json\/wp\/v2\/media\/19710"}],"wp:attachment":[{"href":"https:\/\/www.europesays.com\/es\/wp-json\/wp\/v2\/media?parent=19709"}],"wp:term":[{"taxonomy":"category","embeddable":true,"href":"https:\/\/www.europesays.com\/es\/wp-json\/wp\/v2\/categories?post=19709"},{"taxonomy":"post_tag","embeddable":true,"href":"https:\/\/www.europesays.com\/es\/wp-json\/wp\/v2\/tags?post=19709"}],"curies":[{"name":"wp","href":"https:\/\/api.w.org\/{rel}","templated":true}]}}