{"id":197097,"date":"2025-10-23T23:36:25","date_gmt":"2025-10-23T23:36:25","guid":{"rendered":"https:\/\/www.europesays.com\/es\/197097\/"},"modified":"2025-10-23T23:36:25","modified_gmt":"2025-10-23T23:36:25","slug":"hay-gente-mejor-que-yo-mas-guapos-y-jovenes-pero-todavia-tengo-mi-hueco","status":"publish","type":"post","link":"https:\/\/www.europesays.com\/es\/197097\/","title":{"rendered":"Hay gente mejor que yo, m\u00e1s guapos y j\u00f3venes, pero todav\u00eda tengo mi hueco"},"content":{"rendered":"<p>            Fito Cabrales: \u00abHay gente mejor que yo, m\u00e1s guapos y j\u00f3venes, pero todav\u00eda tengo mi hueco\u00bb                <\/p>\n<p>Fito Cabrales: \u00abHay gente mejor que yo, m\u00e1s guapos y j\u00f3venes, pero todav\u00eda tengo mi hueco\u00bb<\/p>\n<p class=\"epigraph\">A sus 59 a\u00f1os y en plena forma creativa, el rockero bilba\u00edno publica &#8216;El monte de los aullidos&#8217;, su octavo disco con Fitipaldis.<\/p>\n<p class=\"paragraph\">Nervioso y apasionado, <a href=\"https:\/\/www.heraldo.es\/noticias\/ocio-y-cultura\/2022\/04\/22\/fito-cabrales-que-la-musica-era-el-camino-lo-descubri-bien-pronto-1568877.html\" title=\"Fito Cabrales: &quot;Que la m\u00fasica era el camino lo descubr\u00ed bien pronto&quot;\" target=\"_blank\" rel=\"nofollow noopener\">Fito Cabrales<\/a> (Bilbao, 1966) no para quieto y gesticula mientras se expresa con honestidad. Perro viejo de la escena musical, primero en Bizkaia y luego a nivel nacional, Fito habla claro y esconde poco o nada, sin trampa ni cart\u00f3n<b>. Con 59 a\u00f1os reci\u00e9n cumplidos, sigue ofreciendo m\u00fasica y carretera con m\u00e1s pasi\u00f3n y ganas que nunca, si cabe. <\/b>Recibe a este peri\u00f3dico en Madrid, a las puertas de publicar &#8216;El monte de los aullidos&#8217;, donde el m\u00fasico no inventa nada nuevo ni pretende hacerlo, y acompa\u00f1ado por sus escuderos de siempre, se luce en diez cortes que se mueven entre el rock marca de la casa y los medios tiempos intimistas.<\/p>\n<p>            Conforme a los criterios de<br \/>\n            <a class=\"trustproject_img\" id=\"trustproject_img\" href=\"https:\/\/thetrustproject.org\/\" target=\"_blank\" rel=\"nofollow noopener\" aria-label=\"Trust Project\"><img decoding=\"async\" loading=\"lazy\" src=\"https:\/\/www.heraldo.es\/images\/Trust-Logo-Horizontal.svg\" alt=\"Logo Trust Project\" width=\"200\" height=\"34\"\/><\/a><\/p>\n<p>        <a href=\"https:\/\/www.henneo.com\/\" title=\"Grupo Henneo\" class=\"logo\" rel=\"nofollow noopener\" target=\"_blank\"><br \/>\n            <img decoding=\"async\" src=\"https:\/\/www.heraldo.es\/images\/logo_henneo_gris.svg\" alt=\"Logo Henneo\" width=\"559\" height=\"389\" loading=\"lazy\"\/><br \/>\n        <\/a><\/p>\n<p>\u00a9 HERALDO DE ARAGON EDITORA, S.L.U.<br \/>Tel\u00e9fono 976 765 000 \/ &#8211; P\u00ba. Independencia, 29, 50001 Zaragoza &#8211; CIF: B99288763 &#8211; Inscrita en el Registro Mercantil de Zaragoza al Tomo 3796, Libro 0, Folio 177, Secci\u00f3n 8, Hoja Z-50564<br \/>Queda prohibida toda reproducci\u00f3n sin permiso escrito de la empresa a los efectos del art\u00edculo 32.1, p\u00e1rrafo segundo, de la Ley de Propiedad Intelectual<\/p>\n<p>\n                P\u00ba Independencia, 29, 50001 Zaragoza<br \/> Tel\u00e9fono 976 765 000\n            <\/p>\n<p>                    Actualmente tu navegador no permite ejecutar JavaScript. Para poder disfrutar de nuestro contenido es necesario que lo permita.<br \/>\n                                        <img decoding=\"async\" loading=\"lazy\" alt=\"Heraldo logo\" src=\"https:\/\/dkumiip2e9ary.cloudfront.net\/xalok\/heraldo\/especiales\/hola-de-nuevo\/logo-heraldo.svg\" width=\"215\" height=\"43\"\/><\/p>\n","protected":false},"excerpt":{"rendered":"Fito Cabrales: \u00abHay gente mejor que yo, m\u00e1s guapos y j\u00f3venes, pero todav\u00eda tengo mi hueco\u00bb Fito Cabrales:&hellip;\n","protected":false},"author":2,"featured_media":197098,"comment_status":"","ping_status":"","sticky":false,"template":"","format":"standard","meta":{"footnotes":""},"categories":[170],"tags":[54630,146,147,25,24,35019,24443,433,184,185,23,33816],"class_list":{"0":"post-197097","1":"post","2":"type-post","3":"status-publish","4":"format-standard","5":"has-post-thumbnail","7":"category-musica","8":"tag-cabrales","9":"tag-entertainment","10":"tag-entretenimiento","11":"tag-es","12":"tag-espana","13":"tag-guapos","14":"tag-hueco","15":"tag-jovenes","16":"tag-music","17":"tag-musica","18":"tag-spain","19":"tag-todavia"},"share_on_mastodon":{"url":"https:\/\/pubeurope.com\/@es\/115426111611730538","error":""},"_links":{"self":[{"href":"https:\/\/www.europesays.com\/es\/wp-json\/wp\/v2\/posts\/197097","targetHints":{"allow":["GET"]}}],"collection":[{"href":"https:\/\/www.europesays.com\/es\/wp-json\/wp\/v2\/posts"}],"about":[{"href":"https:\/\/www.europesays.com\/es\/wp-json\/wp\/v2\/types\/post"}],"author":[{"embeddable":true,"href":"https:\/\/www.europesays.com\/es\/wp-json\/wp\/v2\/users\/2"}],"replies":[{"embeddable":true,"href":"https:\/\/www.europesays.com\/es\/wp-json\/wp\/v2\/comments?post=197097"}],"version-history":[{"count":0,"href":"https:\/\/www.europesays.com\/es\/wp-json\/wp\/v2\/posts\/197097\/revisions"}],"wp:featuredmedia":[{"embeddable":true,"href":"https:\/\/www.europesays.com\/es\/wp-json\/wp\/v2\/media\/197098"}],"wp:attachment":[{"href":"https:\/\/www.europesays.com\/es\/wp-json\/wp\/v2\/media?parent=197097"}],"wp:term":[{"taxonomy":"category","embeddable":true,"href":"https:\/\/www.europesays.com\/es\/wp-json\/wp\/v2\/categories?post=197097"},{"taxonomy":"post_tag","embeddable":true,"href":"https:\/\/www.europesays.com\/es\/wp-json\/wp\/v2\/tags?post=197097"}],"curies":[{"name":"wp","href":"https:\/\/api.w.org\/{rel}","templated":true}]}}