{"id":197099,"date":"2025-10-23T23:37:11","date_gmt":"2025-10-23T23:37:11","guid":{"rendered":"https:\/\/www.europesays.com\/es\/197099\/"},"modified":"2025-10-23T23:37:11","modified_gmt":"2025-10-23T23:37:11","slug":"disney-rechazo-una-pelicula-de-star-wars-dirigida-por-david-fincher","status":"publish","type":"post","link":"https:\/\/www.europesays.com\/es\/197099\/","title":{"rendered":"Disney rechaz\u00f3 una pel\u00edcula de Star Wars dirigida por David Fincher"},"content":{"rendered":"<p class=\"article-body__paragraph\">Despu\u00e9s de que <b>Adam Driver <\/b>revelara que su proyecto de pel\u00edcula centrada en <b>Ben Solo<\/b> <a href=\"https:\/\/www.lacuarta.com\/tendencias\/noticia\/la-pelicula-de-star-wars-desarrollada-por-adam-driver-que-disney-cancelo\/\" target=\"_blank\" rel=\"noreferrer nofollow noopener\" title=\"https:\/\/www.lacuarta.com\/tendencias\/noticia\/la-pelicula-de-star-wars-desarrollada-por-adam-driver-que-disney-cancelo\/\">fue desechada por Disney<\/a>, surge otro caso similar: <b>la compa\u00f1\u00eda tambi\u00e9n rechaz\u00f3 una pel\u00edcula de <\/b><b>Star Wars<\/b><b> ideada por David Fincher.<\/b><\/p>\n<p class=\"article-body__paragraph\">Seg\u00fan el newsletter The InSneider, el director present\u00f3 una historia ambientada tras The Rise of Skywalker, centrada en un personaje de esa pel\u00edcula, aunque se desconoce cu\u00e1l era el foco.<\/p>\n<p class=\"article-body__paragraph\">El proyecto no prosper\u00f3 porque Lucasfilm se neg\u00f3 a concederle a Fincher el corte final de la producci\u00f3n, un control creativo que el realizador considera esencial para sus producciones.<\/p>\n<p class=\"article-body__paragraph\">Fincher comenz\u00f3 su carrera trabajando en El Retorno del Jedi y fue uno de los nombres considerados para dirigir The Force Awakens en sus primeras etapas de desarrollo.<\/p>\n<p class=\"article-body__paragraph\">La presidenta de Lucasfilm, Kathleen Kennedy, produjo El curioso caso de Benjamin Button, lo que hac\u00eda pensar que una colaboraci\u00f3n con Fincher era posible, pero las negociaciones se rompieron.<\/p>\n<p class=\"article-body__paragraph\">Actualmente, el cineasta prepara un proyecto para Netflix relacionado con Once Upon a Time&#8230; in Hollywood, de Quentin Tarantino.<\/p>\n<p class=\"article-body__paragraph\">En paralelo, The Hunt for Ben Solo, que iba a reunir a Driver con Steven Soderbergh, fue descartada porque los ejecutivos de Disney no aceptaron la idea de revivir a Kylo Ren.<\/p>\n<p class=\"article-body__paragraph\">Seg\u00fan el periodista Jeff Sneider, no hay planes para el regreso de Driver a Star Wars, y la inminente salida de Kennedy de Lucasfilm, prevista para comienzos del pr\u00f3ximo a\u00f1o, har\u00eda a\u00fan menos probable su retorno.<\/p>\n","protected":false},"excerpt":{"rendered":"Despu\u00e9s de que Adam Driver revelara que su proyecto de pel\u00edcula centrada en Ben Solo fue desechada por&hellip;\n","protected":false},"author":2,"featured_media":197100,"comment_status":"","ping_status":"","sticky":false,"template":"","format":"standard","meta":{"footnotes":""},"categories":[169],"tags":[177,35315,146,147,25,24,176,175,23,3186],"class_list":{"0":"post-197099","1":"post","2":"type-post","3":"status-publish","4":"format-standard","5":"has-post-thumbnail","7":"category-cine","8":"tag-cine","9":"tag-david-fincher","10":"tag-entertainment","11":"tag-entretenimiento","12":"tag-es","13":"tag-espana","14":"tag-film","15":"tag-movies","16":"tag-spain","17":"tag-star-wars"},"share_on_mastodon":{"url":"https:\/\/pubeurope.com\/@es\/115426115256210624","error":""},"_links":{"self":[{"href":"https:\/\/www.europesays.com\/es\/wp-json\/wp\/v2\/posts\/197099","targetHints":{"allow":["GET"]}}],"collection":[{"href":"https:\/\/www.europesays.com\/es\/wp-json\/wp\/v2\/posts"}],"about":[{"href":"https:\/\/www.europesays.com\/es\/wp-json\/wp\/v2\/types\/post"}],"author":[{"embeddable":true,"href":"https:\/\/www.europesays.com\/es\/wp-json\/wp\/v2\/users\/2"}],"replies":[{"embeddable":true,"href":"https:\/\/www.europesays.com\/es\/wp-json\/wp\/v2\/comments?post=197099"}],"version-history":[{"count":0,"href":"https:\/\/www.europesays.com\/es\/wp-json\/wp\/v2\/posts\/197099\/revisions"}],"wp:featuredmedia":[{"embeddable":true,"href":"https:\/\/www.europesays.com\/es\/wp-json\/wp\/v2\/media\/197100"}],"wp:attachment":[{"href":"https:\/\/www.europesays.com\/es\/wp-json\/wp\/v2\/media?parent=197099"}],"wp:term":[{"taxonomy":"category","embeddable":true,"href":"https:\/\/www.europesays.com\/es\/wp-json\/wp\/v2\/categories?post=197099"},{"taxonomy":"post_tag","embeddable":true,"href":"https:\/\/www.europesays.com\/es\/wp-json\/wp\/v2\/tags?post=197099"}],"curies":[{"name":"wp","href":"https:\/\/api.w.org\/{rel}","templated":true}]}}