{"id":197107,"date":"2025-10-23T23:42:22","date_gmt":"2025-10-23T23:42:22","guid":{"rendered":"https:\/\/www.europesays.com\/es\/197107\/"},"modified":"2025-10-23T23:42:22","modified_gmt":"2025-10-23T23:42:22","slug":"la-rioja-lidera-la-subida-porcentual-de-la-compra-de-pisos-en-agosto-con-un-337-mientras-la-media-nacional-es-de-34","status":"publish","type":"post","link":"https:\/\/www.europesays.com\/es\/197107\/","title":{"rendered":"La Rioja lidera la subida porcentual de la compra de pisos en agosto, con un 33,7 %, mientras la media nacional es de -3,4"},"content":{"rendered":"<p class=\"v-mdl-ath__p v-mdl-ath__p--6\">\nJueves, 23 de octubre 2025, 19:05<\/p>\n<p class=\"v-p\">La compraventa de viviendas creci\u00f3 en La Rioja un 33,7 % el pasado mes de agosto en relaci\u00f3n al mismo periodo del a\u00f1o anterior y fue el mayor porcentaje del conjunto de las comunidades aut\u00f3nomas, donde la media nacional fue de un -3,4 %, seg\u00fan los datos publicados este jueves por el Instituto Nacional de Estad\u00edstica (INE).<\/p>\n<p class=\"v-p\">El pasado mes de agosto de contabilizaron la compraventa de 401 viviendas en La Rioja, de las 369 eran libres; 32, protegidas; 74, nuevas; y 327, usadas, informa EFE.<\/p>\n<p class=\"v-p\">Los datos del INE indican que en La Rioja, en agosto \u00faltimo, se inscribieron en los registros de la propiedad la transmisi\u00f3n de 1.737 fincas, de las que 526 fueron r\u00fasticas y 1.211, urbanas; y, entre estas \u00faltimas, figuraron 655 viviendas, 56 solares y 500 incluidas en el grupo de otras urbanas.<\/p>\n<p class=\"v-p\">De esas 655 viviendas transmitidas, 401 fueron por compraventa, 12 por donaci\u00f3n, 162 por herencia y 80 por otras causas.<\/p>\n<p class=\"v-p\">Adem\u00e1s, 164 de las 526 fincas r\u00fasticas transmitidas se debieron a compraventa, 8 a donaciones, 4 a permuta, 254 a herencias y 96 a otros motivos.<\/p>\n<p class=\"v-p\">En el caso de las 1.737 fincas urbanas que se transmitieron en agosto, 740 fueron por compraventa, 23 por donaci\u00f3n, 277 por herencia y 171 por otros motivos.<\/p>\n<p>Primer descenso del a\u00f1o en Espa\u00f1a<\/p>\n<p class=\"v-p\">En el \u00e1mbito nacional, la compraventa de viviendas cay\u00f3 en agosto un 3,4 % interanual, su primer descenso en lo que va de a\u00f1o, y contabiliz\u00f3 47.697 operaciones, la cifra m\u00e1s baja que se registra para este mes en cinco a\u00f1os.<\/p>\n<p class=\"v-p\">Si se compara con el mes anterior, julio, la ca\u00edda de las operaciones fue m\u00e1s pronunciada, del 26,3 %, en un contexto marcado por la falta de oferta y el encarecimiento de precios.<\/p>\n<p class=\"v-p\">Con este descenso de agosto, mes caracterizado por las vacaciones de verano, las compraventas de vivienda rompen con 13 meses consecutivos de subidas, aunque en el acumulado del a\u00f1o siguen presentando un crecimiento del 16,1 %.<\/p>\n<p class=\"v-p\">La compraventa de viviendas inici\u00f3 el ejercicio con una subida del 11 % en enero, que se acentu\u00f3 al 13,9 % en febrero, se dispar\u00f3 un 40,6 % en marzo, se suaviz\u00f3 al 2,3 % en abril y volvi\u00f3 a crecer en mayo a doble d\u00edgito un 39,7 %.<\/p>\n<p class=\"v-p\">En junio la subida roz\u00f3 el 18 % y en julio fue del 13,7 %. Unos crecimientos que se han visto interrumpidos en agosto con una ca\u00edda del 3,4 %.<\/p>\n<p class=\"v-p\">Para este mismo mes, el INE ha dado a conocer hoy que el n\u00famero de hipotecas sobre viviendas inscritas en los registros de la propiedad fue de 33.271, un 7,5 % m\u00e1s en tasa anual.<\/p>\n<p>Menos ventas en segunda mano<\/p>\n<p class=\"v-p\">Por tipo de vivienda, las compraventas de segunda mano -que siguen siendo las m\u00e1s numerosas al concentrar casi el 79 % del total- cayeron un 4,9 % en agosto, su mayor descenso desde junio de 2024, y sumaron 37.574 unidades.<\/p>\n<p class=\"v-p\">Seg\u00fan los datos del INE, que elabora esta estad\u00edstica a partir de la informaci\u00f3n contenida en los Registros de la Propiedad, se trata de la cifra m\u00e1s baja en un mes de agosto desde 2020.<\/p>\n<p class=\"v-p\">Con este recorte, la compra de vivienda usada rompe con once meses de tasas positivas.<\/p>\n<p class=\"v-p\">Por su parte, las compraventas de vivienda nueva s\u00ed aumentaron en agosto, aunque de una forma m\u00e1s moderada (2,9 %), y alcanzaron las 10.123 operaciones. Encadenan as\u00ed 14 meses al alza.<\/p>\n<p class=\"v-p\">Por r\u00e9gimen de vivienda, la libre sum\u00f3 en agosto 44.548 transacciones, el 93 % del total, y se anot\u00f3 una ca\u00edda del 2,6 % interanual. Las compraventas de vivienda protegida cayeron de forma m\u00e1s acentuada, un 12,6 %, hasta las 3.149 operaciones.<\/p>\n<p>Las compraventas caen m\u00e1s de un 26 % frente a julio<\/p>\n<p class=\"v-p\">Frente al mes anterior, julio, las transacciones de vivienda descendieron un 26,3 %.<\/p>\n<p class=\"v-p\">En concreto, las compraventas de vivienda usada descendieron en agosto un 26,5 % en tasa intermensual, mientras que en el caso de la vivienda nueva la ca\u00edda fue del 25,8 %.<\/p>\n<p class=\"v-p\">Por r\u00e9gimen, tanto la vivienda protegida como la libre, presentaron recortes frente a julio. El m\u00e1s acentuado lo experiment\u00f3 la protegida con una ca\u00edda del 29,3 %, mientras que la libre lo hizo un 26,1 % en tasa intermensual.<\/p>\n<p>Suben casi un 16 % en el 2025<\/p>\n<p class=\"v-p\">Pese a la ca\u00edda de agosto, las compraventas acumulan un avance del 16,1 % en lo que va de 2025.<\/p>\n<p class=\"v-p\">La vivienda nueva fue la que m\u00e1s aument\u00f3 hasta agosto, un 26,1 %, mientras que la usada lo hizo un 13,5 %.<\/p>\n<p class=\"v-p\">Por r\u00e9gimen, la vivienda libre subi\u00f3 un 16,7 % en el a\u00f1o y la protegida el 8,1 %.<\/p>\n<p>Cae en 9 comunidades con Asturias<\/p>\n<p class=\"v-p\">La compraventa de viviendas cay\u00f3 en agosto en nueve comunidades aut\u00f3nomas y subi\u00f3 en las ocho restantes.<\/p>\n<p class=\"v-p\">Los descensos se registraron en Asturias (\u201323,2 %), Canarias (\u201315,2 %), Murcia (\u20138,2 %), Extremadura (-8 %), Andaluc\u00eda (-6,8 %), Comunidad Valenciana (-6,7 %), Comunidad de Madrid (-6,4 %), Pa\u00eds Vasco (-5,3 %) y Catalu\u00f1a (-0,6 %).<\/p>\n<p class=\"v-p\">Por su parte, los aumentos se dieron en <strong>La Rioja<\/strong> (33,7 %), Castilla y Le\u00f3n (11,3 %), Arag\u00f3n (8,6 %), Castilla-La Mancha (7,2 %), Galicia (7,1 %), Cantabria (6,1 %), Navarra (4,4 %) y Baleares (1,3 %). <\/p>\n<p>Reporta un error<\/p>\n","protected":false},"excerpt":{"rendered":"Jueves, 23 de octubre 2025, 19:05 La compraventa de viviendas creci\u00f3 en La Rioja un 33,7 % el&hellip;\n","protected":false},"author":2,"featured_media":197108,"comment_status":"","ping_status":"","sticky":false,"template":"","format":"standard","meta":{"footnotes":""},"categories":[80],"tags":[54632,296,82,6364,95,94,25,24,2289,2750,813,6777,54631,13556,23,12083],"class_list":{"0":"post-197107","1":"post","2":"type-post","3":"status-publish","4":"format-standard","5":"has-post-thumbnail","7":"category-economia","8":"tag-54632","9":"tag-agosto","10":"tag-business","11":"tag-compra","12":"tag-economia","13":"tag-economy","14":"tag-es","15":"tag-espana","16":"tag-lidera","17":"tag-media","18":"tag-nacional","19":"tag-pisos","20":"tag-porcentual","21":"tag-rioja","22":"tag-spain","23":"tag-subida"},"share_on_mastodon":{"url":"https:\/\/pubeurope.com\/@es\/115426135010488840","error":""},"_links":{"self":[{"href":"https:\/\/www.europesays.com\/es\/wp-json\/wp\/v2\/posts\/197107","targetHints":{"allow":["GET"]}}],"collection":[{"href":"https:\/\/www.europesays.com\/es\/wp-json\/wp\/v2\/posts"}],"about":[{"href":"https:\/\/www.europesays.com\/es\/wp-json\/wp\/v2\/types\/post"}],"author":[{"embeddable":true,"href":"https:\/\/www.europesays.com\/es\/wp-json\/wp\/v2\/users\/2"}],"replies":[{"embeddable":true,"href":"https:\/\/www.europesays.com\/es\/wp-json\/wp\/v2\/comments?post=197107"}],"version-history":[{"count":0,"href":"https:\/\/www.europesays.com\/es\/wp-json\/wp\/v2\/posts\/197107\/revisions"}],"wp:featuredmedia":[{"embeddable":true,"href":"https:\/\/www.europesays.com\/es\/wp-json\/wp\/v2\/media\/197108"}],"wp:attachment":[{"href":"https:\/\/www.europesays.com\/es\/wp-json\/wp\/v2\/media?parent=197107"}],"wp:term":[{"taxonomy":"category","embeddable":true,"href":"https:\/\/www.europesays.com\/es\/wp-json\/wp\/v2\/categories?post=197107"},{"taxonomy":"post_tag","embeddable":true,"href":"https:\/\/www.europesays.com\/es\/wp-json\/wp\/v2\/tags?post=197107"}],"curies":[{"name":"wp","href":"https:\/\/api.w.org\/{rel}","templated":true}]}}