{"id":197109,"date":"2025-10-23T23:43:16","date_gmt":"2025-10-23T23:43:16","guid":{"rendered":"https:\/\/www.europesays.com\/es\/197109\/"},"modified":"2025-10-23T23:43:16","modified_gmt":"2025-10-23T23:43:16","slug":"mi-hija-esta-destruida-la-madre-de-carla-bruni-sobre-el-ingreso-en-prision-de-nicolas-sarkozy","status":"publish","type":"post","link":"https:\/\/www.europesays.com\/es\/197109\/","title":{"rendered":"\u201cMi hija est\u00e1 destruida\u201d: la madre de Carla Bruni, sobre el ingreso en prisi\u00f3n de Nicolas Sarkozy"},"content":{"rendered":"<p class=\"has-dropcap\">Este martes 21 de octubre <a href=\"https:\/\/www.revistavanityfair.es\/articulos\/los-libros-que-nicolas-sarkozy-se-quiere-llevar-a-la-carcel-mensaje\" rel=\"nofollow noopener\" target=\"_blank\">Nicolas Sarkozy ingres\u00f3 en la prisi\u00f3n de Sant\u00e9<\/a> tras ser condenado por conspiraci\u00f3n criminal, debido a los fondos recibidos de Gadafi durante la campa\u00f1a electoral de 2007. La detenci\u00f3n del expresidente franc\u00e9s ha supuesto un duro golpe para su esposa <a href=\"https:\/\/www.revistavanityfair.es\/articulos\/carla-bruni-sarkozy-relacion-primera-cita-a-ciegas-como-se-conocieron\" rel=\"nofollow noopener\" target=\"_blank\">Carla Bruni<\/a>, as\u00ed como el resto de su familia. As\u00ed lo resume <strong>Marisa Borini Bruni Tedeschi<\/strong>, madre de Carla, en una reciente entrevista concedida al medio italiano <a data-offer-url=\"https:\/\/www.lastampa.it\/esteri\/2025\/10\/22\/news\/marisa_bruni_tedeschi_carla_distrutta_macron-15362491\/\" class=\"external-link\" data-event-click=\"{&quot;element&quot;:&quot;ExternalLink&quot;,&quot;outgoingURL&quot;:&quot;https:\/\/www.lastampa.it\/esteri\/2025\/10\/22\/news\/marisa_bruni_tedeschi_carla_distrutta_macron-15362491\/&quot;}\" href=\"https:\/\/www.lastampa.it\/esteri\/2025\/10\/22\/news\/marisa_bruni_tedeschi_carla_distrutta_macron-15362491\/\" rel=\"nofollow noopener\" target=\"_blank\">La Stampa<\/a>: \u201cTerrible, realmente terrible. Estoy muy traumatizada\u201d. <strong>La actriz y pianista de 95 a\u00f1os considera que el encarcelamiento de su yerno es algo \u00abmuy feo y muy injusto\u00bb<\/strong>. Y admiti\u00f3 que su hija \u00abest\u00e1 destrozada\u00bb.<\/p>\n<p>Pero eso no ha evitado que aproveche todas las ocasiones para apoyar p\u00fablicamente a su marido. <a href=\"https:\/\/www.vanityfair.it\/people\/mondo\/2020\/12\/11\/carla-bruni-tribunale-marito-nicolas-sarkozy-appoggio-mio-marito-news-foto\" rel=\"nofollow noopener\" target=\"_blank\">Le ha defendido desde sus redes sociales desde el inicio del proceso judicial<\/a>, y el otro d\u00eda, antes de subirse a su coche rumbo a la c\u00e1rcel, la pareja <a href=\"https:\/\/www.vanityfair.it\/article\/sarkozy-carcere-uscita-casa-mano-nella-mano-carla-bruni-social\" rel=\"nofollow noopener\" target=\"_blank\">sali\u00f3 de casa cogida de la mano<\/a>. Carla se pronunci\u00f3 al respecto publicando los primeros versos de su canci\u00f3n Les s\u00e9par\u00e9s en su Instagram: \u00ab<strong>\u00bfQu\u00e9 har\u00e1n los separados cuando sus d\u00edas est\u00e9n contados? \u00bfC\u00f3mo dormir\u00e1n sin que sus suspiros se mezclen? \u00bfC\u00f3mo vivir\u00e1n los separados el dolor de la ausencia?<\/strong>\u00ab. Unas palabras que dan fe de sus temores e incertidumbres ante una situaci\u00f3n tan dif\u00edcil.<\/p>\n<p>En cambio, Sarkozy, seg\u00fan la madre de la que fuera la primera dama de Francia, \u00abes muy fuerte, una aut\u00e9ntica bomba. Ahora que est\u00e1 en la c\u00e1rcel, incluso escribir\u00e1 un libro. Tiene una fuerza de car\u00e1cter \u00fanica en el mundo, nadie puede doblegarle. Claro, que esta vez es dif\u00edcil\u00bb. La Sra. Bruni Tedeschi, hablando de su yerno, dijo que tambi\u00e9n le apoyan todos sus hijos: tanto <strong>Pierre<\/strong> y <strong>Jean<\/strong>, que tuvo con su primera esposa, Marie-Dominique Culioli; como <strong>Louis<\/strong>, fruto de su relaci\u00f3n con su segunda esposa, <strong>C\u00e9cilia Attias<\/strong>; como <strong>Giulia<\/strong>, la que comparte con su tercera mujer, Carla Bruni: <strong>\u00abNicolas tiene unos hijos muy cari\u00f1osos que le quieren y le aprecian<\/strong>. Incluso su hijastro <strong>Aur\u00e9lien<\/strong> [el que tuvo Carla Bruni con el fil\u00f3sofo <strong>Rapha\u00ebl Enthoven<\/strong>] est\u00e1 muy unido a \u00e9l\u00bb.<\/p>\n","protected":false},"excerpt":{"rendered":"Este martes 21 de octubre Nicolas Sarkozy ingres\u00f3 en la prisi\u00f3n de Sant\u00e9 tras ser condenado por conspiraci\u00f3n&hellip;\n","protected":false},"author":2,"featured_media":197110,"comment_status":"","ping_status":"","sticky":false,"template":"","format":"standard","meta":{"footnotes":""},"categories":[42],"tags":[17,18,19570,13,14,317,11,61,62,63,64,19,20,9,19569,10,15,16,952,12,21,22,65,66,67],"class_list":{"0":"post-197109","1":"post","2":"type-post","3":"status-publish","4":"format-standard","5":"has-post-thumbnail","7":"category-internacional","8":"tag-breaking-news","9":"tag-breakingnews","10":"tag-carla-bruni","11":"tag-featured-news","12":"tag-featurednews","13":"tag-francia","14":"tag-headlines","15":"tag-internacional","16":"tag-international","17":"tag-international-news","18":"tag-internationalnews","19":"tag-latest-news","20":"tag-latestnews","21":"tag-news","22":"tag-nicolas-sarkozy","23":"tag-noticias","24":"tag-noticias-destacadas","25":"tag-noticiasdestacadas","26":"tag-politica","27":"tag-titulares","28":"tag-ultimas-noticias","29":"tag-ultimasnoticias","30":"tag-world","31":"tag-world-news","32":"tag-worldnews"},"share_on_mastodon":{"url":"https:\/\/pubeurope.com\/@es\/115426138999452694","error":""},"_links":{"self":[{"href":"https:\/\/www.europesays.com\/es\/wp-json\/wp\/v2\/posts\/197109","targetHints":{"allow":["GET"]}}],"collection":[{"href":"https:\/\/www.europesays.com\/es\/wp-json\/wp\/v2\/posts"}],"about":[{"href":"https:\/\/www.europesays.com\/es\/wp-json\/wp\/v2\/types\/post"}],"author":[{"embeddable":true,"href":"https:\/\/www.europesays.com\/es\/wp-json\/wp\/v2\/users\/2"}],"replies":[{"embeddable":true,"href":"https:\/\/www.europesays.com\/es\/wp-json\/wp\/v2\/comments?post=197109"}],"version-history":[{"count":0,"href":"https:\/\/www.europesays.com\/es\/wp-json\/wp\/v2\/posts\/197109\/revisions"}],"wp:featuredmedia":[{"embeddable":true,"href":"https:\/\/www.europesays.com\/es\/wp-json\/wp\/v2\/media\/197110"}],"wp:attachment":[{"href":"https:\/\/www.europesays.com\/es\/wp-json\/wp\/v2\/media?parent=197109"}],"wp:term":[{"taxonomy":"category","embeddable":true,"href":"https:\/\/www.europesays.com\/es\/wp-json\/wp\/v2\/categories?post=197109"},{"taxonomy":"post_tag","embeddable":true,"href":"https:\/\/www.europesays.com\/es\/wp-json\/wp\/v2\/tags?post=197109"}],"curies":[{"name":"wp","href":"https:\/\/api.w.org\/{rel}","templated":true}]}}