{"id":197119,"date":"2025-10-23T23:48:18","date_gmt":"2025-10-23T23:48:18","guid":{"rendered":"https:\/\/www.europesays.com\/es\/197119\/"},"modified":"2025-10-23T23:48:18","modified_gmt":"2025-10-23T23:48:18","slug":"ufc-317-ilia-topuria-va-camino-a-ser-leyenda-del-ufc","status":"publish","type":"post","link":"https:\/\/www.europesays.com\/es\/197119\/","title":{"rendered":"UFC 317: Ilia Topuria va camino a ser leyenda del UFC"},"content":{"rendered":"<p>Ilia Topuria cumpli\u00f3 sus dos promesas: ganar su segundo t\u00edtulo dentro del UFC y acabar con el brasile\u00f1o Charles Oliveira en el primer asalto, en el evento estelar del UFC 317 realizado en Las Vegas.<\/p>\n<p>Con esto, el espa\u00f1ol nacido en Gheorgia es el nuevo campe\u00f3n de las 155 libras, mientras que el brasile\u00f1o no pudo convertirse en el primer peleador que recupera el faj\u00edn.<\/p>\n<p>*\u00a0<a href=\"https:\/\/unanimodeportes.com\/futbol-2\/neymar-dividido\/\" rel=\"nofollow noopener\" target=\"_blank\">Brasil dividido por Neymar: solo el 48 % apoya su presencia en el 2026<\/a><\/p>\n<p>En toda la previa del evento, Topuria advirti\u00f3 a Oliveira que lo mandar\u00eda a dormir en el primer round. Y literal, eso ocurri\u00f3 en el T-Mobile Arena. Y es que el \u2018Antonio Banderas del MMA\u2019 se presentaba a este duelo luego de vencer a los hist\u00f3ricos Alexander Volkanovski y Max Holloway.<\/p>\n<p>La pelea arranc\u00f3 con un participativo Oliveira, quien trat\u00f3 rapidamente de ejercer su Jiu-Jitsu de primer nivel, sin embargo, llevarlo al piso no fue tan f\u00e1cil ya que Topuria se defendi\u00f3 muy bien incluso cuando parec\u00eda que Oliveira hab\u00eda encajado un knee bar.<\/p>\n<p>Pero fue solo un sobresalto, ya que rapidamente Topuria empez\u00f3 a conectar todos sus golpes en Oliveira hasta que una combinaci\u00f3n de jab y recto de derecha dej\u00f3 inconsciente al brasile\u00f1o a los 2:27 del primer asalto.<\/p>\n<p>Al finalizar el combate, Joe Rogan entrevist\u00f3 a Topuria sobre su pr\u00f3ximo combate y ret\u00f3 directamente al ingl\u00e9s Paddy Pimblett, con quien tienen una larga enemistad fuera del deporte. Sin embargo, el presidente del UFC, Dana White, dijo que su pr\u00f3ximo rival ser\u00eda anunciado pronto.<\/p>\n<p><a href=\"https:\/\/unanimodeportes.s3.amazonaws.com\/wp-content\/uploads\/2025\/06\/heavy-knockout.jpg\" target=\"_blank\" rel=\"noopener nofollow\"><img loading=\"lazy\" decoding=\"async\" class=\"size-medium wp-image-458997 pk-lazyload\" src=\"data:image\/png;base64,iVBORw0KGgoAAAANSUhEUgAAAyAAAALnAQMAAABLJLGTAAAAA1BMVEUAAP+KeNJXAAAAAXRSTlMAQObYZgAAAAlwSFlzAAAOxAAADsQBlSsOGwAAAF9JREFUeNrtwQENAAAAwqD3T20PBxQAAAAAAAAAAAAAAAAAAAAAAAAAAAAAAAAAAAAAAAAAAAAAAAAAAAAAAAAAAAAAAAAAAAAAAAAAAAAAAAAAAAAAAAAAAAAAAABcGyUyAAGviyfvAAAAAElFTkSuQmCC\" alt=\"UFC 317: Ilia Topuria va camino a ser leyenda del UFC\" width=\"800\" height=\"743\" title=\"UFC 317: Ilia Topuria va camino a ser leyenda del UFC\" data-pk- data-ls- data-pk-src=\"https:\/\/www.europesays.com\/es\/wp-content\/uploads\/2025\/10\/heavy-knockout-800x743.jpg\" data-pk-\/><\/a>Ilia Topuria y Paddy Pimblett se encararon al terminar la pelea. FOTO: INSTAGRAM UFC<\/p>\n<p>En la pelea co-estelar, el campe\u00f3n Alexander Pantoja y el neozeland\u00e9s Kai Kara France disputaban el cintur\u00f3n de las 125 libras. El brasile\u00f1o r\u00e1pidamente llev\u00f3 al piso a su rival, mostrando que sigue siendo uno de los mejores grapplers de la compa\u00f1\u00eda y aunque Kara France sobrevivi\u00f3 en el primer asalto poco pudo hacer para complicar a su rival en el segundo.<\/p>\n<p>Posteriormente, Pantoja le dio un poco de respiro a su rival, que no encontraba angulos para castigarlo. Al final, en la siguiente oportunidad, Pantoja lo nuevamente lo puso en aprietos al llevarlo contra la reja y luego de encajar las dos pinzas en la cintura de Kara France, lo someti\u00f3 con una estrangulaci\u00f3n trasera al cuello a los 1:55 del tercer round.<\/p>\n<p>La peleadora mexicoamericana Tracy Cortez sac\u00f3 una victoria importante por decisi\u00f3n un\u00e1nime sobre la brasile\u00f1a Viviane Araujo para luego dar un emotivo discurso frente a la gente reunida en el T-Mobile Arena pidiendoles que alcen la voz por lo que est\u00e1 pasando en el pa\u00eds en temas migratorios.<\/p>\n<p>Otro de los latinos, Brandon Royval enfrent\u00f3 al \u00fanico peleador birmano de la compa\u00f1\u00eda, Joshua Van, en un combate con implicaciones dentro del ranking del peso mosca.<\/p>\n<p>La pelea fue re\u00f1ida y muy al estilo de Royval de ida y vuelta, al punto que el mexicoamericano se salv\u00f3 de ser finalizado en los \u00faltimos segundos luego que Van lo conectara con una r\u00e1pida combinaci\u00f3n y lo enviara a la lona, aunque logr\u00f3 salvarse con lo m\u00ednimo.<\/p>\n<p>Van se llev\u00f3 el triunfo en las tarjetas y con esta victoria fue nombrado como el pr\u00f3ximo contendiente al cintur\u00f3n de peso mosca.<\/p>\n<p><a href=\"https:\/\/unanimodeportes.s3.amazonaws.com\/wp-content\/uploads\/2025\/06\/IMG_5372.jpg\" target=\"_blank\" rel=\"noopener nofollow\"><img loading=\"lazy\" decoding=\"async\" class=\"size-medium wp-image-458998 pk-lazyload\" src=\"data:image\/png;base64,iVBORw0KGgoAAAANSUhEUgAAAyAAAAPoAQMAAAAcBQjyAAAAA1BMVEUAAP+KeNJXAAAAAXRSTlMAQObYZgAAAAlwSFlzAAAOxAAADsQBlSsOGwAAAHlJREFUeNrtwTEBAAAAwqD1T20MH6AAAAAAAAAAAAAAAAAAAAAAAAAAAAAAAAAAAAAAAAAAAAAAAAAAAAAAAAAAAAAAAAAAAAAAAAAAAAAAAAAAAAAAAAAAAAAAAAAAAAAAAAAAAAAAAAAAAAAAAAAAAAAAAAAAgJcBipcAAVpCLnoAAAAASUVORK5CYII=\" alt=\"UFC 317: Ilia Topuria va camino a ser leyenda del UFC\" width=\"800\" height=\"1000\" title=\"UFC 317: Ilia Topuria va camino a ser leyenda del UFC\" data-pk- data-ls- data-pk-src=\"https:\/\/www.europesays.com\/es\/wp-content\/uploads\/2025\/10\/IMG_5372-800x1000.jpg\" data-pk-\/><\/a>Ilia Topuria liquid\u00f3 a su oponente en el primer asalto, tal como lo hab\u00eda anunciado. FOTO: INSTAGRAM UFC<\/p>\n<p>\u00a0<\/p>\n<p>\u00a0<\/p>\n","protected":false},"excerpt":{"rendered":"Ilia Topuria cumpli\u00f3 sus dos promesas: ganar su segundo t\u00edtulo dentro del UFC y acabar con el brasile\u00f1o&hellip;\n","protected":false},"author":2,"featured_media":197120,"comment_status":"","ping_status":"","sticky":false,"template":"","format":"standard","meta":{"footnotes":""},"categories":[276],"tags":[168,25,24,23,167,343],"class_list":{"0":"post-197119","1":"post","2":"type-post","3":"status-publish","4":"format-standard","5":"has-post-thumbnail","7":"category-ufc","8":"tag-deportes","9":"tag-es","10":"tag-espana","11":"tag-spain","12":"tag-sports","13":"tag-ufc"},"share_on_mastodon":{"url":"https:\/\/pubeurope.com\/@es\/115426158405353264","error":""},"_links":{"self":[{"href":"https:\/\/www.europesays.com\/es\/wp-json\/wp\/v2\/posts\/197119","targetHints":{"allow":["GET"]}}],"collection":[{"href":"https:\/\/www.europesays.com\/es\/wp-json\/wp\/v2\/posts"}],"about":[{"href":"https:\/\/www.europesays.com\/es\/wp-json\/wp\/v2\/types\/post"}],"author":[{"embeddable":true,"href":"https:\/\/www.europesays.com\/es\/wp-json\/wp\/v2\/users\/2"}],"replies":[{"embeddable":true,"href":"https:\/\/www.europesays.com\/es\/wp-json\/wp\/v2\/comments?post=197119"}],"version-history":[{"count":0,"href":"https:\/\/www.europesays.com\/es\/wp-json\/wp\/v2\/posts\/197119\/revisions"}],"wp:featuredmedia":[{"embeddable":true,"href":"https:\/\/www.europesays.com\/es\/wp-json\/wp\/v2\/media\/197120"}],"wp:attachment":[{"href":"https:\/\/www.europesays.com\/es\/wp-json\/wp\/v2\/media?parent=197119"}],"wp:term":[{"taxonomy":"category","embeddable":true,"href":"https:\/\/www.europesays.com\/es\/wp-json\/wp\/v2\/categories?post=197119"},{"taxonomy":"post_tag","embeddable":true,"href":"https:\/\/www.europesays.com\/es\/wp-json\/wp\/v2\/tags?post=197119"}],"curies":[{"name":"wp","href":"https:\/\/api.w.org\/{rel}","templated":true}]}}