{"id":197139,"date":"2025-10-23T23:59:11","date_gmt":"2025-10-23T23:59:11","guid":{"rendered":"https:\/\/www.europesays.com\/es\/197139\/"},"modified":"2025-10-23T23:59:11","modified_gmt":"2025-10-23T23:59:11","slug":"nuevas-fechas-de-rush-the-cult-anuncian-paron-the-halo-effect-estrenan-version-de-phenomena","status":"publish","type":"post","link":"https:\/\/www.europesays.com\/es\/197139\/","title":{"rendered":"Nuevas fechas de RUSH. THE CULT anuncian par\u00f3n. THE HALO EFFECT estrenan versi\u00f3n de PHENOMENA."},"content":{"rendered":"<p>\u00a0<\/p>\n<p style=\"text-align: center;\"><strong><a href=\"#RUSH3\">Nuevas fechas de RUSH<\/a> \u2013 <a href=\"#CULT\">THE CULT anuncian par\u00f3n<\/a> \u2013 <a href=\"#HALO\">THE HALO EFFECT estrenan versi\u00f3n de PHENOMENA<\/a>.<\/strong><\/p>\n<p><a href=\"https:\/\/www.rush.com\/\" target=\"_blank\" rel=\"noopener nofollow\"><strong>RUSH<\/strong><\/a> siguen a\u00f1adiendo nuevas fechas a su gira de regreso. Estas son las nuevas citas:<\/p>\n<p>Junio<\/p>\n<ul>\n<li>20 Palacio de los Deportes, Ciudad de M\u00e9xico, M\u00e9xico<\/li>\n<\/ul>\n<p>Agosto<\/p>\n<ul>\n<li>23 Xfinity Mobile Arena, Filadelfia, PA<\/li>\n<li>28 Little Caesars Arena, Detroit, MI<\/li>\n<\/ul>\n<p>Septiembre<\/p>\n<ul>\n<li>4 Bell Centre, Montreal, QC<\/li>\n<li>14 TD Garden, Boston, MA<\/li>\n<li>25 Frost Bank Center, San Antonio, TX<\/li>\n<\/ul>\n<p>Octubre<\/p>\n<ul>\n<li>7 Ball Arena, Denver, CO<\/li>\n<li>12 Climate Pledge Arena, Seattle, WA<\/li>\n<li>17 SAP Center, San Jos\u00e9, CA<\/li>\n<li>27 Capital One Arena, Washington D.C.<\/li>\n<\/ul>\n<p>Noviembre<\/p>\n<ul>\n<li>1 Mohegan Sun Arena, Uncasville, CT<\/li>\n<li>7 Hard Rock Live, Hollywood, FL<\/li>\n<li>11 Benchmark International Arena, Tampa, FL ena<\/li>\n<li>22 Spectrum Center, Charlotte, NC<\/li>\n<li>27 State Farm Arena, Atlanta, GA<\/li>\n<\/ul>\n<p>Diciembre<\/p>\n<ul>\n<li>3 Desert Diamond Arena, Glendale, AZ<\/li>\n<li>12 Rogers Place, Edmonton, AB<\/li>\n<li>17 Rogers Arena, Vancouver, BC<\/li>\n<\/ul>\n<p>Ten\u00e9is las fechas anunciadas previamente en esta <a href=\"https:\/\/www.rafabasa.com\/2025\/10\/20\/manowar-rush-sagrat\/#RUSH\" rel=\"nofollow noopener\" target=\"_blank\">noticia<\/a>.<\/p>\n<p>\u00a0<\/p>\n<p><img fetchpriority=\"high\" decoding=\"async\" src=\"https:\/\/www.europesays.com\/es\/wp-content\/uploads\/2025\/10\/2015live1_400.jpg\" alt=\"RUISH\" width=\"400\" height=\"225\"\/><\/p>\n<p>En la bater\u00eda estar\u00e1 la alemana <a href=\"https:\/\/www.facebook.com\/AnikaNilles\" target=\"_blank\" rel=\"noopener nofollow\"><strong>Anika Nilles<\/strong><\/a>, bater\u00eda de Jeff Beck y que ha sacado cuatro discos en solitario, y tambi\u00e9n habr\u00e1 uno o dos m\u00fasicos m\u00e1s para ampliar el sonido del grupo. La banda tambi\u00e9n est\u00e1 preparando un nuevo espect\u00e1culo para el periplo.<\/p>\n<p>M\u00e1s sobre la reuni\u00f3n en este <a href=\"https:\/\/www.rafabasa.com\/2025\/10\/06\/rush-avulsed-manigance\/#RUSH\" rel=\"nofollow noopener\" target=\"_blank\">bloque<\/a>.<\/p>\n<p>Las \u00faltimas noticias y lanzamientos de <a href=\"https:\/\/www.rush.com\/\" target=\"_blank\" rel=\"noopener nofollow\"><strong>RUSH<\/strong><\/a> en este <a href=\"https:\/\/www.rafabasa.com\/2025\/06\/06\/kreator-rush-yngwie-malmsteen\/#RUSH\" target=\"_blank\" rel=\"noopener nofollow\">bloque<\/a>.<\/p>\n<p>\u00a0<\/p>\n<p>Los miembros fundadores de <a href=\"https:\/\/thecult.us\/DC\/index.html\" target=\"_blank\" rel=\"noopener nofollow\"><strong>THE CULT<\/strong><\/a> <strong> Ian Astbury y Billy Duffy<\/strong> han publicado un comunicado informando de que se retiran de la actividad en directo durante un tiempo indefinido.<\/p>\n<p>La banda har\u00e1 efectiva esta parada cuando termine su actual gira norteamericana \u201cThe Cult\/Death Cult 8525\u201d, y a\u00f1aden que quieren centrarse en componer y grabar m\u00fasica nueva, adem\u00e1s de explorar otros proyectos que revelar\u00e1n en el futuro.<\/p>\n<p>Por \u00faltimo insisten en que esto es solo una pausa.<\/p>\n<p>Hasta ahora la banda no ha dejado claro si sacar\u00e1 un <a href=\"https:\/\/www.rafabasa.com\/2025\/07\/04\/savatage-trivium-the-cult\/#THE_CULT\" rel=\"nofollow noopener\" target=\"_blank\">nuevo disco<\/a>.<\/p>\n<p>El pr\u00f3ximo 16 de enero saldr\u00e1 un directo titulado \u201cParadise Live\u201d de<strong> DEATH CULT<\/strong>, el embri\u00f3n que dio lugar a <a href=\"https:\/\/thecult.us\/DC\/index.html\" target=\"_blank\" rel=\"noopener nofollow\"><strong>THE CULT<\/strong><\/a>.<\/p>\n<p>M\u00e1s detalles en esta <a href=\"https:\/\/www.rafabasa.com\/2025\/10\/10\/whitesnake-after-forever-death-cult-the-rods\/#DEATH_CULT\" rel=\"nofollow noopener\" target=\"_blank\">noticia<\/a>.<\/p>\n<p>El \u00faltimo disco de <a href=\"https:\/\/thecult.us\/DC\/index.html\" target=\"_blank\" rel=\"noopener nofollow\"><strong>THE CULT<\/strong><\/a> \u201cUnder The Midnigh Sun\u201d sali\u00f3 el 7 de octubre de 2022 a trav\u00e9s de Black Hill Records.<\/p>\n<p>M\u00e1s detalles en esta <a href=\"https:\/\/www.rafabasa.com\/2022\/07\/07\/prong-the-cult-seventh-storm\/#THE_CULT\" target=\"_blank\" rel=\"noopener nofollow\">noticia<\/a> y los v\u00eddeos aparecidos en <a href=\"https:\/\/www.rafabasa.com\/2022\/10\/13\/sabaton-the-cult-house-of-dawn\/#THE_CULT\" target=\"_blank\" rel=\"noopener nofollow\">esta<\/a>.<\/p>\n<p>\u00a0<\/p>\n<p>\u00a0<\/p>\n<p><a href=\"https:\/\/www.rafabasa.com\/tag\/the-halo-effect\/\" target=\"_blank\" rel=\"noopener nofollow\"><strong>THE HALO EFFECT<\/strong><\/a> han estrenado su versi\u00f3n del tema de PHENOMENA \u201cDance With The Devil\u201d.<\/p>\n<p><a href=\"https:\/\/www.thehaloeffect.band\/\" target=\"_blank\" rel=\"noopener nofollow\"><strong>THE HALO EFFECT<\/strong><\/a> sacar\u00e1n el 21 de noviembre a trav\u00e9s de Nuclear Blast un nuevo EP tituilado \u201cWe Are Shadows\u201d.<\/p>\n<p>Todos los detalles y los singles aparecidos en esta <a href=\"https:\/\/www.rafabasa.com\/2025\/09\/18\/aerosmith-the-halo-effect-black-stone-cherry\/#HALO\" rel=\"nofollow noopener\" target=\"_blank\">noticia<\/a>.<\/p>\n<p><a href=\"https:\/\/www.rafabasa.com\/tag\/the-halo-effect\/\" target=\"_blank\" rel=\"noopener nofollow\"><strong>THE HALO EFFECT<\/strong><\/a> editaron su \u00faltimo trabajo \u201cThe March Of The Unheard\u201d el 10 de enero a trav\u00e9s de Nuclear Blast.<\/p>\n<p>Todos los detalles en esta <a href=\"https:\/\/www.rafabasa.com\/2024\/09\/25\/the-halo-effect-house-of-lords-dark-oath\/#THE_HALO_EFFECT\" target=\"_blank\" rel=\"noopener nofollow\">noticia<\/a> y los adelantos aparecidos en <a href=\"https:\/\/www.rafabasa.com\/2025\/01\/10\/the-halo-effect-sphinx-ex-deo\/#THE_HALO_EFFECT\" target=\"_blank\" rel=\"noopener nofollow\">esta<\/a>.<\/p>\n<p>\u00a0<\/p>\n<p align=\"center\"><strong>Sigue el\u00a0<a href=\"https:\/\/whatsapp.com\/channel\/0029VaCprxVBA1f555USvT2O\" target=\"_blank\" rel=\"nofollow noopener\">Canal de RAFABASA.COM en WhatsApp<\/a>, donde encontrar\u00e1s todas nuestras novedades al instante<\/strong><\/p>\n<p>\u00a0<\/p>\n","protected":false},"excerpt":{"rendered":"\u00a0 Nuevas fechas de RUSH \u2013 THE CULT anuncian par\u00f3n \u2013 THE HALO EFFECT estrenan versi\u00f3n de PHENOMENA.&hellip;\n","protected":false},"author":2,"featured_media":197140,"comment_status":"","ping_status":"","sticky":false,"template":"","format":"standard","meta":{"footnotes":""},"categories":[170],"tags":[146,147,25,24,184,185,53108,23,54634,27394],"class_list":{"0":"post-197139","1":"post","2":"type-post","3":"status-publish","4":"format-standard","5":"has-post-thumbnail","7":"category-musica","8":"tag-entertainment","9":"tag-entretenimiento","10":"tag-es","11":"tag-espana","12":"tag-music","13":"tag-musica","14":"tag-rush","15":"tag-spain","16":"tag-the-cult","17":"tag-the-halo-effect"},"share_on_mastodon":{"url":"https:\/\/pubeurope.com\/@es\/115426201810327066","error":""},"_links":{"self":[{"href":"https:\/\/www.europesays.com\/es\/wp-json\/wp\/v2\/posts\/197139","targetHints":{"allow":["GET"]}}],"collection":[{"href":"https:\/\/www.europesays.com\/es\/wp-json\/wp\/v2\/posts"}],"about":[{"href":"https:\/\/www.europesays.com\/es\/wp-json\/wp\/v2\/types\/post"}],"author":[{"embeddable":true,"href":"https:\/\/www.europesays.com\/es\/wp-json\/wp\/v2\/users\/2"}],"replies":[{"embeddable":true,"href":"https:\/\/www.europesays.com\/es\/wp-json\/wp\/v2\/comments?post=197139"}],"version-history":[{"count":0,"href":"https:\/\/www.europesays.com\/es\/wp-json\/wp\/v2\/posts\/197139\/revisions"}],"wp:featuredmedia":[{"embeddable":true,"href":"https:\/\/www.europesays.com\/es\/wp-json\/wp\/v2\/media\/197140"}],"wp:attachment":[{"href":"https:\/\/www.europesays.com\/es\/wp-json\/wp\/v2\/media?parent=197139"}],"wp:term":[{"taxonomy":"category","embeddable":true,"href":"https:\/\/www.europesays.com\/es\/wp-json\/wp\/v2\/categories?post=197139"},{"taxonomy":"post_tag","embeddable":true,"href":"https:\/\/www.europesays.com\/es\/wp-json\/wp\/v2\/tags?post=197139"}],"curies":[{"name":"wp","href":"https:\/\/api.w.org\/{rel}","templated":true}]}}