{"id":197141,"date":"2025-10-24T00:00:21","date_gmt":"2025-10-24T00:00:21","guid":{"rendered":"https:\/\/www.europesays.com\/es\/197141\/"},"modified":"2025-10-24T00:00:21","modified_gmt":"2025-10-24T00:00:21","slug":"un-documental-cuenta-como-la-fabrica-de-un-empresario-de-elche-renacio-desde-el-barro-tras-la-dana","status":"publish","type":"post","link":"https:\/\/www.europesays.com\/es\/197141\/","title":{"rendered":"Un documental cuenta c\u00f3mo la f\u00e1brica de un empresario de Elche renaci\u00f3 desde el barro tras la dana"},"content":{"rendered":"<p class=\"ft-text ft-helper-closenews\">o que menos se hubieran imaginado nunca un grupo de trabajadores de una f\u00e1brica de acabados textiles de <strong>El Oliveral de Riba-roja del T\u00faria <\/strong>es que acabar\u00edan m\u00e1s de quince horas atrapados mientras el nivel del agua y el lodo sub\u00eda dos metros y amenazaba con alcanzarles tras desbordarse el <a class=\"ft-link ft-link--decoration\" href=\"https:\/\/www.informacion.es\/comunidad-valenciana\/2025\/10\/22\/desaparecidos-dana-en-valencia-quienes-son-las-dos-victimas-mortales-que-faltan-por-encontrar-elisabet-gil-martinez-francisco-ruiz-martinez-122882162.html\" rel=\"nofollow noopener\" target=\"_blank\">barranco del Poyo. <\/a><\/p>\n<p class=\"ft-text\">La dana que asol\u00f3 multitud de poblaciones d<strong>e l\u2019Horta Sud de Val\u00e8ncia<\/strong> aquel tr\u00e1gico<strong> 29 de octubre de 2024 <\/strong>se llev\u00f3 m\u00e1s de <strong>220 vidas pero tambi\u00e9n hogares, recuerdos y muchas empresas <\/strong>no han vuelto a levantar la persiana, aunque las que s\u00ed, pese a haber recuperado la normalidad, no olvidan lo que ocurri\u00f3.<\/p>\n<p class=\"ft-text\">Precisamente para que la huella de aquel d\u00eda no pase nunca por alto, el empresario ilicitano<strong> Santi Verd\u00fa, ex <\/strong><a class=\"ft-link ft-link--decoration\" href=\"https:\/\/www.elchecf.es\/\" rel=\"nofollow noopener\" target=\"_blank\"><strong>jugador del Elche<\/strong><\/a><strong> C.F.<\/strong>, ha decidido promover <strong>Renacer desde el barro,<\/strong> un documental que recoge<strong> testimonios de sus 14 trabajadores<\/strong> y del encargado, Pepe Calabuig, de su firma textil (Acabados Ver-Pe by Spanda Creaciones) que recrean la angustia que vivieron a causa de los estragos de la riada en cuesti\u00f3n de minutos, cuando ya era imposible abandonar las instalaciones.<\/p>\n<p><img decoding=\"async\" src=\"https:\/\/www.europesays.com\/es\/wp-content\/uploads\/2025\/10\/462f0993-85ae-470c-a6aa-77bf7dff0400_alta-libre-aspect-ratio_default_0.jpg\" width=\"1200\" height=\"2134\" alt=\"Tareas de limpieza despu\u00e9s de que se inundase la f\u00e1brica\" class=\"ft-helper-img-rd\" loading=\"lazy\" hasdataaida=\"true\"\/><\/p>\n<p class=\"ft-helper-fontColor-quaternary ft-helper-fontSize-body-S ft-helper-spacer-t-xxs\">Tareas de limpieza despu\u00e9s de que se inundase la f\u00e1brica  \/ Cacahuete Comunicaci\u00f3n<\/p>\n<p class=\"ft-text\">Producido y grabado por la <strong>agencia Cacahuete Comunicaci\u00f3n <\/strong>de <a class=\"ft-link ft-link--decoration\" href=\"https:\/\/www.informacion.es\/elche\/\" rel=\"nofollow noopener\" target=\"_blank\">Elche<\/a>, el trabajo cuenta el impacto que tuvo este acontecimiento y sirve de homenaje a los profesionales de esta firma. El relato entrelaza <strong>historias personales<\/strong> que sumergen al espectador en esa realidad que vivieron incomunicados, sin luz y sin cobertura, y c\u00f3mo fueron aquellos<strong> d\u00edas posteriores de limpieza<\/strong> en los que se volcaron tambi\u00e9n amigos y la familia para tratar de <strong>recomponer en una semana una f\u00e1brica envuelta en lodo, pallets, maquinaria y coches apilados por efecto de la inundaci\u00f3n.<\/strong><\/p>\n<p class=\"ft-text\">\u00abNo quiero que se olvide porque hay una tendencia a olvidar como pas\u00f3 con la gota fr\u00eda de 1997 o con la dana de 2019 en la <a class=\"ft-link ft-link--decoration\" href=\"https:\/\/www.informacion.es\/vega-baja\/\" rel=\"nofollow noopener\" target=\"_blank\">Vega Baja<\/a>\u00bb, repone el gerente. Lamenta que la dana ha dado al traste con un gran n\u00famero de empresas de este \u00e1rea industrial. La suerte, entre comillas, s\u00ed que estuvo de su lado porque pudieron<strong> retomar la actividad econ\u00f3mica<\/strong> con cierta normalidad gracias a un <strong>cami\u00f3n de pieles que les ven\u00eda de Italia <\/strong>ese mismo 29 de octubre y que pudieron resguardar en Castell\u00f3n fuera de las zonas afectadas, teniendo en cuenta que gran parte del material del que dispon\u00edan en la f\u00e1brica estaba inservible.<\/p>\n<p>P\u00e9rdidas millonarias<\/p>\n<p class=\"ft-text\">Pese a todo el trabajo de recuperaci\u00f3n, el empresario cifra en <strong>400.000 euros las p\u00e9rdidas <\/strong>y lamenta que hasta la fecha s\u00f3lo ha recibido de la Administraci\u00f3n una ayuda de 30.000 euros.<\/p>\n<p class=\"ft-text\">Verd\u00fa recuerda que aquel duro d\u00eda le pill\u00f3 a kil\u00f3metros de distancia, teniendo en cuenta que las oficinas de la empresa paran en el<strong> pol\u00edgono de El Pla,<\/strong> en Elche. Suspendi\u00f3 ese d\u00eda, adem\u00e1s, la visita a su equipo de Riba-roja \u00abporque avisaban de que estaban dando<strong> partes meteorol\u00f3gicos extra\u00f1os de que caer\u00eda mucha lluvia\u00bb<\/strong>. Si bien, les pill\u00f3 por sorpresa todo lo que vendr\u00eda despu\u00e9s en una jornada fat\u00eddica en la que hasta el mediod\u00eda s\u00f3lo chispeaba. \u00abEl problema es que con los <strong>500-600 litros de Chiva <\/strong>todo se iba a inundar a partir de las 15.30 horas\u00bb.<\/p>\n<p><img decoding=\"async\" src=\"https:\/\/www.europesays.com\/es\/wp-content\/uploads\/2025\/10\/93998ed9-de14-4897-aa22-6a2e68848739_alta-libre-aspect-ratio_default_0.jpg\" width=\"1200\" height=\"900\" alt=\"Rodaje del documental en uno de los despachos de la f\u00e1brica afectada\" class=\"ft-helper-img-rd\" loading=\"lazy\" hasdataaida=\"true\"\/><\/p>\n<p class=\"ft-helper-fontColor-quaternary ft-helper-fontSize-body-S ft-helper-spacer-t-xxs\">Rodaje del documental en uno de los despachos de la f\u00e1brica afectada  \/ Cacahuete Comunicaci\u00f3n<\/p>\n<p>Testimonios<\/p>\n<p class=\"ft-text\">El documental son muchas historias, como la de un padre, Nelio, y un hijo, Miguel \u00c1ngel, que no sab\u00edan nada el uno del otro pese a trabajar en la misma empresa; o la de Francisco, que tuvo que dormir entre neum\u00e1ticos. \u00abTe asomabas por la ventana y ve\u00edas coches que se los llevaba el agua, con gente dentro gritando y pidiendo ayuda\u00bb, relata Miguel \u00c1ngel Aibar. De madrugada, cuando hab\u00eda pasado lo peor, los empleados <strong>tuvieron que andar hasta 14 kil\u00f3metros<\/strong> para llegar a sus casas \u00abporque no hab\u00eda ni polic\u00eda ni ambulancia al rescate\u00bb.<\/p>\n<p><img decoding=\"async\" src=\"https:\/\/www.europesays.com\/es\/wp-content\/uploads\/2025\/10\/7017d79b-7ab5-4f10-99fe-b2b49948a9a6_alta-libre-aspect-ratio_default_0.jpg\" width=\"1200\" height=\"1600\" alt=\"El trabajo audiovisual recoge una quincena de testimonios de la plantilla\" class=\"ft-helper-img-rd\" loading=\"lazy\" hasdataaida=\"true\"\/><\/p>\n<p class=\"ft-helper-fontColor-quaternary ft-helper-fontSize-body-S ft-helper-spacer-t-xxs\">El trabajo audiovisual recoge una quincena de testimonios de la plantilla  \/ Cacahuete Comunicaci\u00f3n<\/p>\n<p>Trauma<\/p>\n<p class=\"ft-text\">\u00abHa sido uno de los encargos m\u00e1s emotivos, incluso hab\u00eda que parar las entrevistas porque para ellos es un trauma. Los hijos de los trabajadores ven llover y tienen Lp\u00e1nico\u00bb, cuenta Eloy Licer\u00e1n, CEO de Cacahuete Comunicaci\u00f3n. La presentaci\u00f3n del documental ser\u00e1 el <strong>30 de octubre en un acto \u00edntimo<\/strong> para agradecer a la plantilla as\u00ed como a clientes y proveedores que no les dieron de lado.<\/p>\n<p data-close=\"closedContent\" class=\"subscribeHideForDisplay\">Suscr\u00edbete para seguir leyendo<\/p>\n","protected":false},"excerpt":{"rendered":"o que menos se hubieran imaginado nunca un grupo de trabajadores de una f\u00e1brica de acabados textiles de&hellip;\n","protected":false},"author":2,"featured_media":197142,"comment_status":"","ping_status":"","sticky":false,"template":"","format":"standard","meta":{"footnotes":""},"categories":[169],"tags":[177,54636,44378,6084,2006,54635,54637,146,147,25,24,2891,176,175,23],"class_list":{"0":"post-197141","1":"post","2":"type-post","3":"status-publish","4":"format-standard","5":"has-post-thumbnail","7":"category-cine","8":"tag-cine","9":"tag-coches-de-la-dana","10":"tag-dana-valencia","11":"tag-documental","12":"tag-elche","13":"tag-elche-c-f","14":"tag-elchecf","15":"tag-entertainment","16":"tag-entretenimiento","17":"tag-es","18":"tag-espana","19":"tag-fabricas","20":"tag-film","21":"tag-movies","22":"tag-spain"},"share_on_mastodon":{"url":"https:\/\/pubeurope.com\/@es\/115426205703298568","error":""},"_links":{"self":[{"href":"https:\/\/www.europesays.com\/es\/wp-json\/wp\/v2\/posts\/197141","targetHints":{"allow":["GET"]}}],"collection":[{"href":"https:\/\/www.europesays.com\/es\/wp-json\/wp\/v2\/posts"}],"about":[{"href":"https:\/\/www.europesays.com\/es\/wp-json\/wp\/v2\/types\/post"}],"author":[{"embeddable":true,"href":"https:\/\/www.europesays.com\/es\/wp-json\/wp\/v2\/users\/2"}],"replies":[{"embeddable":true,"href":"https:\/\/www.europesays.com\/es\/wp-json\/wp\/v2\/comments?post=197141"}],"version-history":[{"count":0,"href":"https:\/\/www.europesays.com\/es\/wp-json\/wp\/v2\/posts\/197141\/revisions"}],"wp:featuredmedia":[{"embeddable":true,"href":"https:\/\/www.europesays.com\/es\/wp-json\/wp\/v2\/media\/197142"}],"wp:attachment":[{"href":"https:\/\/www.europesays.com\/es\/wp-json\/wp\/v2\/media?parent=197141"}],"wp:term":[{"taxonomy":"category","embeddable":true,"href":"https:\/\/www.europesays.com\/es\/wp-json\/wp\/v2\/categories?post=197141"},{"taxonomy":"post_tag","embeddable":true,"href":"https:\/\/www.europesays.com\/es\/wp-json\/wp\/v2\/tags?post=197141"}],"curies":[{"name":"wp","href":"https:\/\/api.w.org\/{rel}","templated":true}]}}