{"id":197159,"date":"2025-10-24T00:11:17","date_gmt":"2025-10-24T00:11:17","guid":{"rendered":"https:\/\/www.europesays.com\/es\/197159\/"},"modified":"2025-10-24T00:11:17","modified_gmt":"2025-10-24T00:11:17","slug":"la-caida-de-conor-mcgregor-3","status":"publish","type":"post","link":"https:\/\/www.europesays.com\/es\/197159\/","title":{"rendered":"La ca\u00edda de Conor McGregor"},"content":{"rendered":"<p>\n        <a href=\"https:\/\/www.noticiasdealava.eus\/tags\/conor-mcgregor\/\" title=\"Conor McGregor\" class=\"link copy\" rel=\"nofollow noopener\" target=\"_blank\"><strong>Conor McGregor<\/strong><\/a><strong> <\/strong>ha permanecido durante <strong>m\u00e1s de una d\u00e9cada siendo una de las figuras m\u00e1s destacadas de las artes marciales mixtas<\/strong>, en concreto de la<strong> <\/strong><a href=\"https:\/\/www.noticiasdealava.eus\/tags\/ufc\/\" title=\"Ultimate Fighting Championship\" class=\"link copy\" rel=\"nofollow noopener\" target=\"_blank\"><strong>Ultimate Fighting Championship<\/strong><\/a><strong> (<\/strong><a href=\"https:\/\/www.noticiasdealava.eus\/tags\/ufc\/\" title=\"UFC\" class=\"link copy\" rel=\"nofollow noopener\" target=\"_blank\"><strong>UFC<\/strong><\/a><strong>)<\/strong>, la mayor empresa de la disciplina a nivel mundial. Su estilo agresivo y explosivo, su carisma, sus excentricidades, la capacidad para generar ingresos <strong>\u2013lleg\u00f3 a ser el deportista que m\u00e1s dinero ganaba por segundo de actividad\u2013<\/strong> y por supuesto sus resultados \u2013fue el primer luchador en la historia de la UFC en ostentar dos t\u00edtulos de diferentes categor\u00edas de peso de forma simult\u00e1nea\u2013 catapultaron\u00a0a este luchador irland\u00e9s hacia los pedestales m\u00e1s elevados de la popularidad y el \u00e9xito. Cada acci\u00f3n de McGregor encontraba su p\u00fablico. Su carrera viajaba en paralelo a <strong>una UFC que se erig\u00eda en la competici\u00f3n con mayor crecimiento a nivel planetario<\/strong> en las \u00faltimas d\u00e9cadas. McGregor y la UFC, cogidos de la mano, llevaron las artes marciales mixtas a otra dimensi\u00f3n.\n<\/p>\n<p class=\"article-body__text \">\n        Adem\u00e1s, McGregor albergaba un componente que siempre genera empat\u00eda:<strong> sus or\u00edgenes humildes<\/strong>. Hijo de fontanero, ejerci\u00f3 la profesi\u00f3n de su progenitor, pero sus ingresos fueron complementados con ayudas sociales hasta poco antes de acceder a la UFC. Un sue\u00f1o americano.\u00a0\n<\/p>\n<p class=\"article-body__text \">\n        Sin embargo, <strong>una sanci\u00f3n antidopaje ha representado un duro rev\u00e9s para la popularidad de McGregor<\/strong>. No es un resultado positivo por dopaje, pero s\u00ed una falta grave que incide sobre su posibilidad de luchar, su imagen y tambi\u00e9n su legado como estrella de la UFC. The Notorius, que<strong> pele\u00f3 por \u00faltima vez hace cuatro a\u00f1os, cuando se fractur\u00f3 la pierna ante Dustin Poirier<\/strong>, ha sido<strong> suspendido 18 meses por saltarse tres controles<\/strong> antidopaje.\u00a0\n<\/p>\n<p class=\"article-body__text \">\n        El irland\u00e9s no proporcion\u00f3 su localizaci\u00f3n para las pruebas realizadas sin previo aviso y se salt\u00f3 tres test biol\u00f3gicos, el 13 de junio, 19 de septiembre y 20 de septiembre de 2024. Estas tres omisiones en un plazo de doce meses constituyen una violaci\u00f3n de las normas de la UFC, que contemplan una sanci\u00f3n de dos a\u00f1os, pero la colaboraci\u00f3n de McGregor en la investigaci\u00f3n ha reducido la pena. Como la sanci\u00f3n es aplicada con car\u00e1cter retroactivo, comenz\u00f3 el 20 de septiembre de 2024, de modo que <strong>podr\u00eda volver al oct\u00e1gono el 20 de marzo de 2026<\/strong>, cuando hayan transcurrido cerca de cinco a\u00f1os desde su \u00faltima puesta en escena. Cabe recordar que el luchador de Dubl\u00edn cuenta con 37 a\u00f1os. Se asoma al ocaso.\n<\/p>\n<p class=\"article-body__text \">\n        Coincide que <strong>la primera de las omisiones fue justo antes del que iba a ser su regreso a las peleas<\/strong>, pactado contra Michael Chandler para el 29 de junio de 2024, pero McGregor renunci\u00f3 al combate por una lesi\u00f3n en un dedo del pie. Ahora la confianza del p\u00fablico, los patrocinadores y organizadores decrece en un momento en el que el peleador irland\u00e9s es se\u00f1alado por un delito sexual. El pasado agosto, <strong>los tribunales rechazaron su recurso contra una condena por violaci\u00f3n impuesta en noviembre de 2024<\/strong> por hechos ocurridos en 2018. McGregor qued\u00f3 obligado a pagar una compensaci\u00f3n por da\u00f1os y perjuicios de 250.000 euros a la v\u00edctima.\n<\/p>\n<p>  McGregor busca apoyo pol\u00edtico en Trump<\/p>\n<p class=\"article-body__text \">\n        Muchas voces hablan del posible<strong> regreso de McGregor coincidiendo con el evento de la UFC que el 14 de junio de 2026 se celebrar\u00e1 en la Casa Blanca con motivo del 80 cumplea\u00f1os del presidente estadounidense Donald Trump<\/strong>. \u201cEl 14 de junio del a\u00f1o que viene tendremos una gran pelea de la UFC en la Casa Blanca\u2026 en sus terrenos\u201d, afirm\u00f3 Trump, que ese mismo d\u00eda ser\u00e1 octogenario. Pero los \u00faltimos acontecimientos ponen en tela de juicio la participaci\u00f3n del irland\u00e9s, quien por otra parte ha provocado admiraci\u00f3n en el mandatario americano, reconocido seguidor de la UFC: \u201cResulta que me gusta tu luchador. Tiene los mejores tatuajes que he visto. Conor es genial. Irlanda siempre ha tenido muchos buenos luchadores. Ya sabes por qu\u00e9, porque son gente dura\u201d, expres\u00f3 durante una reuni\u00f3n con el primer ministro de Irlanda, Miche\u00e1l Martin.\u00a0\n<\/p>\n<p class=\"article-body__text \">\n        Hace precisamente apenas un mes, <strong>McGregor retir\u00f3 su candidatura a la presidencia de Irlanda despu\u00e9s de meses haciendo campa\u00f1a para poder presentarse a las elecciones<\/strong> que se celebran este pr\u00f3ximo 24 de octubre. El pasado marzo <strong>visit\u00f3 al propio Trump en la Casa Blanca<\/strong> en busca de apoyos. \u201cConsideramos que Am\u00e9rica es nuestro hermano mayor. Y deseamos ser cuidados por el hermano mayor, ya sabes. Estados Unidos deber\u00eda cuidar de su hermano peque\u00f1o\u201d, proclam\u00f3 McGregor.\n<\/p>\n<p>  Anuncia un regreso que se dar\u00eda cinco a\u00f1os despu\u00e9s de la \u00faltima pelea<\/p>\n<p class=\"article-body__text \">\n        Sin duda, el evento ser\u00eda una gran plataforma medi\u00e1tica para un McGregor acusado de falta de popularidad. El irland\u00e9s, mientras, ha asegurado que tomar\u00e1 parte en la cita. <strong>\u201cEst\u00e1 hecho, firmado. Habr\u00e1 un per\u00edodo de aislamiento en el que no se contestar\u00e1 el tel\u00e9fono. Es una operaci\u00f3n de seis meses. Se apagar\u00e1 el tel\u00e9fono y se ejecutar\u00e1 el trabajo\u201d<\/strong>, asegur\u00f3 tratando de ofrecer muestras de profesionalidad de cara al proceso de puesta a punto, pese a que en los \u00faltimos tiempos se ha prodigado m\u00e1s por las alfombras de eventos y discotecas que por los gimnasios.\u00a0\n<\/p>\n<p class=\"article-body__text \">\n        <strong>La pol\u00e9mica ha precedido a McGregor<\/strong>: en 2019 destroz\u00f3 un tel\u00e9fono de un seguidor en Miami Beach y fue denunciado, en 2019 golpe\u00f3 a un cliente de un bar por negarse a probar su marca de whisky y fue querellado, en 2020 fue acusado de otra presunta agresi\u00f3n sexual en C\u00f3rcega \u2013desestimada por falta de pruebas\u2013, en 2022 fue acusado de agredir a una mujer en Ibiza \u2013la denuncia fue retirada\u2013, en 2023 noque\u00f3 a la mascota de los Miami Heat durante el descanso del partido de baloncesto\u2026 Adem\u00e1s, se ha proclamado alcoh\u00f3lico y consumidor de coca\u00edna.\n<\/p>\n<blockquote class=\"twitter-tweet\" data-lang=\"es\" wp_automatic_readability=\"3.0434782608696\">\n<p lang=\"en\" dir=\"ltr\">Conor McGregor knocks out the Heat mascot <a href=\"https:\/\/t.co\/X2t4P7LCS2\" rel=\"nofollow\">pic.twitter.com\/X2t4P7LCS2<\/a><\/p>\n<p>\u2014 Daily Loud (@DailyLoud) <a href=\"https:\/\/twitter.com\/DailyLoud\/status\/1667369985541300225?ref_src=twsrc%5Etfw\" rel=\"nofollow noopener\" target=\"_blank\">10 de junio de 2023<\/a><\/p><\/blockquote>\n<p>  Los antecedentes no invitan a pensar que pueda recuperar su nivel<\/p>\n<p class=\"article-body__text \">\n        La sanci\u00f3n que ha trascendido estos d\u00edas dilata en el tiempo el posible retorno de McGregor, lo que a la vez reduce su tiempo en la lucha a un nivel competitivo. Cada a\u00f1o cuenta. Para m\u00e1s inri, <strong>los \u00faltimos acontecimientos no invitan a pensar que McGregor pueda volver a ser aquel campe\u00f3n temible<\/strong>. Con un r\u00e9cord de 22 victorias (19 por nocaut) y 6 derrotas, cuatro de sus \u00faltimos combates perdidos se produjeron en sus \u00faltimas siete peleas; tres de ellas producidas en los \u00faltimos cuatro eventos. Cabr\u00eda sumar en este periodo de declive <strong>su derrota ante Floyd Mayweather, duelo pactado en boxeo y considerado el segundo combate que m\u00e1s dinero ha generado en la historia<\/strong> despu\u00e9s del Mayweather-Manny Pacquiao, un indicador de lo que un d\u00eda fue McGregor. La bolsa de premios fue de 300 millones de d\u00f3lares para Floyd y de 100 para Conor.\n<\/p>\n<p class=\"article-photo__footer\">\n            Imagen del combate entre Conor McGregor y Floyd Mayweather en Las Vegas en 2017.            EFE        <\/p>\n<p class=\"article-body__text \">\n        <strong>El episodio de la sanci\u00f3n podr\u00eda ser parte de una decadencia inevitable<\/strong>. Pero mientras The Notorius no anuncie su retirada definitiva, podr\u00eda ser tambi\u00e9n un punto de inflexi\u00f3n para tratar de recuperarse f\u00edsica y mentalmente en busca del esplendor a fin de <strong>detener una ca\u00edda que puede definir su legado<\/strong>. Las preguntas sobre su devenir son l\u00f3gicas. \u00bfCu\u00e1nto margen posee para rehacer su leyenda? \u00bfQu\u00e9 apoyo tiene tras los \u00faltimos sucesos?\n<\/p>\n<p>            <script async src=\"https:\/\/platform.twitter.com\/widgets.js\" charset=\"utf-8\"><\/script><\/p>\n","protected":false},"excerpt":{"rendered":"Conor McGregor ha permanecido durante m\u00e1s de una d\u00e9cada siendo una de las figuras m\u00e1s destacadas de las&hellip;\n","protected":false},"author":2,"featured_media":169182,"comment_status":"","ping_status":"","sticky":false,"template":"","format":"standard","meta":{"footnotes":""},"categories":[276],"tags":[4357,350,168,25,24,351,23,167,343],"class_list":{"0":"post-197159","1":"post","2":"type-post","3":"status-publish","4":"format-standard","5":"has-post-thumbnail","7":"category-ufc","8":"tag-caida","9":"tag-conor","10":"tag-deportes","11":"tag-es","12":"tag-espana","13":"tag-mcgregor","14":"tag-spain","15":"tag-sports","16":"tag-ufc"},"share_on_mastodon":{"url":"https:\/\/pubeurope.com\/@es\/115426248828010024","error":""},"_links":{"self":[{"href":"https:\/\/www.europesays.com\/es\/wp-json\/wp\/v2\/posts\/197159","targetHints":{"allow":["GET"]}}],"collection":[{"href":"https:\/\/www.europesays.com\/es\/wp-json\/wp\/v2\/posts"}],"about":[{"href":"https:\/\/www.europesays.com\/es\/wp-json\/wp\/v2\/types\/post"}],"author":[{"embeddable":true,"href":"https:\/\/www.europesays.com\/es\/wp-json\/wp\/v2\/users\/2"}],"replies":[{"embeddable":true,"href":"https:\/\/www.europesays.com\/es\/wp-json\/wp\/v2\/comments?post=197159"}],"version-history":[{"count":0,"href":"https:\/\/www.europesays.com\/es\/wp-json\/wp\/v2\/posts\/197159\/revisions"}],"wp:featuredmedia":[{"embeddable":true,"href":"https:\/\/www.europesays.com\/es\/wp-json\/wp\/v2\/media\/169182"}],"wp:attachment":[{"href":"https:\/\/www.europesays.com\/es\/wp-json\/wp\/v2\/media?parent=197159"}],"wp:term":[{"taxonomy":"category","embeddable":true,"href":"https:\/\/www.europesays.com\/es\/wp-json\/wp\/v2\/categories?post=197159"},{"taxonomy":"post_tag","embeddable":true,"href":"https:\/\/www.europesays.com\/es\/wp-json\/wp\/v2\/tags?post=197159"}],"curies":[{"name":"wp","href":"https:\/\/api.w.org\/{rel}","templated":true}]}}