{"id":197164,"date":"2025-10-24T00:15:16","date_gmt":"2025-10-24T00:15:16","guid":{"rendered":"https:\/\/www.europesays.com\/es\/197164\/"},"modified":"2025-10-24T00:15:16","modified_gmt":"2025-10-24T00:15:16","slug":"franco-colapinto-con-un-claro-mensaje-en-su-buzo-tras-la-desobediencia-a-alpine","status":"publish","type":"post","link":"https:\/\/www.europesays.com\/es\/197164\/","title":{"rendered":"Franco Colapinto, con un claro mensaje en su buzo tras la desobediencia a Alpine"},"content":{"rendered":"<p>&#13;<br \/>\n                    &#13;<br \/>\n                        &#13;<br \/>\n&#13;<\/p>\n<p>El argentino irrumpi\u00f3 en el Media Day del pr\u00f3ximo Gran Premio de F\u00f3rmula 1 con una frase impresa en su ropa imposible de no asociar a la pol\u00e9mica por su sobrepaso a Pierre Gasly en Estados Unidos: \u00abLlamen a los rebeldes\u00bb.<\/p>\n<p>&#13;<br \/>\n<img decoding=\"async\" class=\"mainImg r16x9\" width=\"416\" height=\"234\" fetchpriority=\"high\" src=\"https:\/\/www.europesays.com\/es\/wp-content\/uploads\/2025\/10\/franco-colapinto-rebelde_416x234.webp\"  alt=\"Franco Colapinto rebelde\" title=\"Franco Colapinto rebelde\"\/> La prenda de Colapinto, con un gui\u00f1o a la rebeld\u00eda en el frente \u00a1y una enorme inscripci\u00f3n en la espalda! (Hector Vivas\/Getty Images).<\/p>\n<p>En el Media Day del <b>Gran Premio de M\u00e9xico de F\u00f3rmula 1<\/b> del pr\u00f3ximo fin de semana, <b>Franco Colapinto<\/b> volvi\u00f3 a ser el centro de las miradas luego de estar en la picota en los \u00faltimos d\u00edas. El argentino lleg\u00f3 al aut\u00f3dromo Hermanos Rodr\u00edguez con<b> un buzo que no pas\u00f3 inadvertido:<\/b> llevaba en el pecho y en la espalda<b> la frase \u201ccall the rebels\u201d -\u201cllamen a los rebeldes\u201d-, <\/b>un gui\u00f1o claro a<a onclick=\"ga4SelectContentEvent(&quot;Franco Colapinto, con un claro mensaje en su buzo tras la desobediencia a Alpine&quot;, &quot;Automovilismo&quot;, &quot;Nota&quot;);\" href=\"https:\/\/www.tycsports.com\/automovilismo\/colapinto-f1-apoyo-total-polemica-gp-estados-unidos-alpine-id693960.html\" target=\"_blank\" rel=\"nofollow noopener\"> la controversia vivida d\u00edas atr\u00e1s en Austin.<\/a><\/p>\n<p>&#13;<\/p>\n<p>        La prenda cobr\u00f3 fuerza en redes sociales porque apareci\u00f3 menos de una semana <b>despu\u00e9s del cruce con Pierre Gasly, cuando el pilarense desobedeci\u00f3 la orden de Alpine de mantener posiciones y lo super\u00f3<\/b> sobre el final del Gran Premio de Estados Unidos. La decisi\u00f3n no cay\u00f3 bien en e<b>l director del equipo, Steve Nielsen, <\/b>quien se\u00f1al\u00f3 en<a onclick=\"ga4SelectContentEvent(&quot;Franco Colapinto, con un claro mensaje en su buzo tras la desobediencia a Alpine&quot;, &quot;Automovilismo&quot;, &quot;Nota&quot;);\" href=\"https:\/\/www.tycsports.com\/automovilismo\/alpine-apunto-colapinto-desobedecer-ordenes-gp-estados-unidos-id693342.html\" target=\"_blank\" rel=\"nofollow noopener\"> un comunicado:<\/a> \u201c<b>Cualquier instrucci\u00f3n dada es definitiva, <\/b>y hoy <b>estamos decepcionados<\/b> porque esto no ha sido as\u00ed\u201d.<\/p>\n<p>Lejos de arrepentirse, en principio el argentino defendi\u00f3 su accionar: \u201c<b>Creo que era lo correcto<\/b>. Me toc\u00f3 dar la posici\u00f3n varias veces y yo iba m\u00e1s r\u00e1pido\u201d, explic\u00f3. Adem\u00e1s, sostuvo que adelantarlo era la mejor forma de protegerse de Bortoleto, que ven\u00eda con mejor ritmo: \u201cNo ten\u00eda sentido discutir por esas cosas\u201d. No obstante, posteriormente y tras un supuesto tir\u00f3n de orejas puertas adentro el pilarense moder\u00f3 su discurso: \u00abYa<b> qued\u00f3 claro que las \u00f3rdenes de equipo est\u00e1n para cumplirse\u00bb.<\/b><\/p>\n<p>Por eso,<b> muchos imaginaron que Colapinto optar\u00eda por no volver a referirse al tema con respuestas rimbombantes. <\/b>No obstante, el joven de 22 a\u00f1os empez\u00f3 la previa de la nueva fecha con alusiones jocosas a lo sucedido. En di\u00e1logo con el periodista Juan Fossaroli, brome\u00f3: \u00abVen\u00edamos 17 y 18,<b> quer\u00eda que se viera un poco m\u00e1s el MELI <\/b>que no se vio en toda la carrera\u00bb, dijo sobre<b> el logo de su sponsor que ocupa el aler\u00f3n de ambos coches<\/b>, y redobl\u00f3 riendo: \u00ab<b>Estuve bien, el pico de rating fue ah\u00ed, <\/b>en la vuelta 54&#8243;.<\/p>\n<p>En plan de enfocar su carisma en sacarle jugo a la pol\u00e9mica, con su buzo continu\u00f3 haci\u00e9ndole gui\u00f1os al hecho. Si bien <b>no se trataba de una prenda aislada<\/b> puesto que<b> pertenece a la colecci\u00f3n de la marca espa\u00f1ola de indumentaria que lo patrocina,<\/b> la elecci\u00f3n del modelo no resulta casual. Como anillo al dedo, <b>la empresa suele asociar sus campa\u00f1as al concepto de \u00abrebeld\u00eda\u00bb <\/b>y de all\u00ed que en su cat\u00e1logo figure la sudadera escogida por Franco a la venta por 59.99 euros.<\/p>\n<p><img decoding=\"async\" class=\"mainImg r3x4\" fetchpriority=\"low\" loading=\"lazy\" src=\"https:\/\/www.europesays.com\/es\/wp-content\/uploads\/2025\/10\/buzo-colapinto_416x555.webp\" alt=\"buzo Colapinto\" title=\"buzo Colapinto\"\/> La espalda del buzo que luc\u00eda el argentino exhibida en el cat\u00e1logo de la firma, a\u00fan m\u00e1s elocuente que el frente (Scalpers).<\/p>\n<p>        Seg\u00fan inform\u00f3 <b>Infobae, <\/b>de todas formas <b>desde Enstone confirmaron que no hubo sanciones ni consecuencias internas. <\/b>Incluso se llev\u00f3 a cabo una reuni\u00f3n con<b> Flavio Briatore<\/b>, asesor ejecutivo de la escuder\u00eda, aunque aclararon que fue \u201calgo protocolar\u201d y sin mayores tensiones.<\/p>\n<p>La maniobra de Colapinto recibi\u00f3 tambi\u00e9n apoyo de figuras del automovilismo, entre ellos el hist\u00f3rico <b>David Coulthard<\/b>, quien sintetiz\u00f3 su postura con un elogio: <b>\u201cEso es correr\u201d. <\/b>Portales internacionales como <b>The Race<\/b> coincidieron y calificaron la maniobra como una<b> \u201cmuy buena jugada\u201d<\/b>, mientras que la propia F1 destac\u00f3 la \u201cbatalla interna\u201d en Alpine.<\/p>\n<p>Antes del inicio oficial del fin de semana, el bonaerense particip\u00f3 en eventos promocionales <b>en M\u00e9xico, donde fue recibido por una multitud<\/b>. En uno de ellos, vivi\u00f3 un momento simp\u00e1tico con un chico que vest\u00eda la camiseta de Boca, su club de toda la vida.<\/p>\n<p>De cara al GP, Colapinto se mostr\u00f3 enfocado en el futuro: \u201cEstoy trabajando en el auto del a\u00f1o que viene, <b>me siento c\u00f3modo con el equipo y con los ingenieros<\/b>\u201d, expres\u00f3. La acci\u00f3n en pista comenzar\u00e1 el viernes con las pr\u00e1cticas libres, mientras que la carrera se disputar\u00e1 el domingo a las 17 (hora argentina).<\/p>\n<p>&#13;<br \/>\n&#13;<br \/>\n    &#13;<br \/>\n       &#13;<br \/>\n&#13;<br \/>\n        Te puede interesar<a href=\"https:\/\/www.tycsports.com\/automovilismo\/franco-colapinto-buena-amistad-nicolas-varrone-manco-kartodromo-de-zarate-formula-1-f1-f2-gp-de-mexico-id694219.html\" onclick=\"ga4SelectContentEvent(&quot;La buena amistad entre Colapinto y Varrone: \\u201cEs un manco\\u201d&quot;,&quot;Automovilismo&quot;,&quot;page_nota-comun-2024-blo_4109&quot;,&quot;Mat\\u00edas Besana&quot;);\" class=\"cardImageHolder\" rel=\"nofollow noopener\" target=\"_blank\">&#13;<br \/>\n                    &#13;<br \/>\n                    &#13;<br \/>\n                <img decoding=\"async\" class=\"cardImage r16x9\" width=\"416\" height=\"234\" fetchpriority=\"low\" loading=\"lazy\" src=\"https:\/\/www.europesays.com\/es\/wp-content\/uploads\/2025\/10\/franco-colapinto-y-nicolas-varrone-de-ninos_416x234.webp\"  alt=\"La buena amistad entre Colapinto y Varrone: \u201cEs un manco\u201d\" title=\"La buena amistad entre Colapinto y Varrone: \u201cEs un manco\u201d\"\/><\/a><a href=\"https:\/\/www.tycsports.com\/automovilismo\/automovilismo-argentino-cima-franco-colapinto-nicolas-varrone-mattia-colnaghi-formula-1-f1-f2-f3-id694181.html\" onclick=\"ga4SelectContentEvent(&quot;Argentina copa la cima del automovilismo: el presente de Colapinto y dos promesas confirmadas en F2 y F3&quot;,&quot;Automovilismo&quot;,&quot;page_nota-comun-2024-blo_4109&quot;,&quot;Mat\\u00edas Besana&quot;);\" class=\"cardImageHolder\" rel=\"nofollow noopener\" target=\"_blank\"><img decoding=\"async\" class=\"cardImage r16x9\" width=\"416\" height=\"234\" fetchpriority=\"low\" loading=\"lazy\" src=\"https:\/\/www.europesays.com\/es\/wp-content\/uploads\/2025\/10\/franco-colapinto-nicolas-varrone-y-mattia-colnaghi_416x234.webp\"  alt=\"Argentina copa la cima del automovilismo: el presente de Colapinto y dos promesas confirmadas en F2 y F3\" title=\"Argentina copa la cima del automovilismo: el presente de Colapinto y dos promesas confirmadas en F2 y F3\"\/><\/a><a href=\"https:\/\/www.tycsports.com\/automovilismo\/la-reaccion-de-franco-colapinto-al-ver-a-un-nino-con-la-camiseta-de-boca-vamos-boquita-id694158.html\" onclick=\"ga4SelectContentEvent(&quot;\\&quot;Vamos, Boquita\\&quot;: la reacci\\u00f3n de Colapinto al ver a un ni\\u00f1o con la camiseta de Boca&quot;,&quot;Automovilismo&quot;,&quot;page_nota-comun-2024-blo_4109&quot;,&quot;Federico Gullo&quot;);\" class=\"cardImageHolder\" rel=\"nofollow noopener\" target=\"_blank\">&#13;<br \/>\n                    &#13;<br \/>\n                    &#13;<br \/>\n                <img decoding=\"async\" class=\"cardImage r16x9\" width=\"416\" height=\"234\" fetchpriority=\"low\" loading=\"lazy\" src=\"https:\/\/www.europesays.com\/es\/wp-content\/uploads\/2025\/10\/1761264914_65_colapinto_416x234.webp\"  alt=\"&quot;Vamos, Boquita&quot;: la reacci\u00f3n de Colapinto al ver a un ni\u00f1o con la camiseta de Boca\" title=\"&quot;Vamos, Boquita&quot;: la reacci\u00f3n de Colapinto al ver a un ni\u00f1o con la camiseta de Boca\"\/><\/a><a href=\"https:\/\/www.tycsports.com\/automovilismo\/formula-1-franco-colapinto-alpine-futuro-2026-respuesta-pregunta-id694148.html\" onclick=\"ga4SelectContentEvent(&quot;Colapinto y la respuesta a la pregunta que se hacen todos: \\u00bfcu\\u00e1l ser\\u00e1 su futuro en 2026?&quot;,&quot;Automovilismo&quot;,&quot;page_nota-comun-2024-blo_4109&quot;,&quot;Gabriel Cottone&quot;);\" class=\"cardImageHolder\" rel=\"nofollow noopener\" target=\"_blank\"><img decoding=\"async\" class=\"cardImage r16x9\" width=\"416\" height=\"234\" fetchpriority=\"low\" loading=\"lazy\" src=\"https:\/\/www.europesays.com\/es\/wp-content\/uploads\/2025\/10\/1761264915_402_franco-colapinto_416x234.webp.webp\"  alt=\"Colapinto y la respuesta a la pregunta que se hacen todos: \u00bfcu\u00e1l ser\u00e1 su futuro en 2026?\" title=\"Colapinto y la respuesta a la pregunta que se hacen todos: \u00bfcu\u00e1l ser\u00e1 su futuro en 2026?\"\/><\/a><a href=\"https:\/\/www.tycsports.com\/automovilismo\/f1-horarios-de-colapinto-en-las-practicas-libres-del-gp-de-mexico-y-donde-ver-id693578.html\" onclick=\"ga4SelectContentEvent(&quot;Todo lo que ten\\u00e9s que saber de las pr\\u00e1cticas libres 1 y 2 del Gran Premio de M\\u00e9xico&quot;,&quot;Automovilismo&quot;,&quot;page_nota-comun-2024-blo_4109&quot;,&quot;Dami\\u00e1n Michela&quot;);\" class=\"cardImageHolder\" rel=\"nofollow noopener\" target=\"_blank\"><img decoding=\"async\" class=\"cardImage r16x9\" width=\"416\" height=\"234\" fetchpriority=\"low\" loading=\"lazy\" src=\"https:\/\/www.europesays.com\/es\/wp-content\/uploads\/2025\/10\/1761264915_997_franco-colapinto_416x234.webp\"  alt=\"Todo lo que ten\u00e9s que saber de las pr\u00e1cticas libres 1 y 2 del Gran Premio de M\u00e9xico\" title=\"Todo lo que ten\u00e9s que saber de las pr\u00e1cticas libres 1 y 2 del Gran Premio de M\u00e9xico\"\/><\/a><a href=\"https:\/\/www.tycsports.com\/automovilismo\/f1-horarios-y-el-cronograma-del-gp-de-mexico-id694072.html\" onclick=\"ga4SelectContentEvent(&quot;As\\u00ed es el cronograma completo del GP de M\\u00e9xico&quot;,&quot;Automovilismo&quot;,&quot;page_nota-comun-2024-blo_4109&quot;,&quot;Federico Bajo&quot;);\" class=\"cardImageHolder\" rel=\"nofollow noopener\" target=\"_blank\"><img decoding=\"async\" class=\"cardImage r16x9\" width=\"416\" height=\"234\" fetchpriority=\"low\" loading=\"lazy\" src=\"https:\/\/www.europesays.com\/es\/wp-content\/uploads\/2025\/10\/1761264916_480_f1_416x234.webp.webp\"  alt=\"As\u00ed es el cronograma completo del GP de M\u00e9xico\" title=\"As\u00ed es el cronograma completo del GP de M\u00e9xico\"\/><\/a>&#13;<br \/>\n&#13;<br \/>\n    &#13;<br \/>\n&#13;<br \/>\n&#13;<br \/>\n                  &#13;<\/p>\n","protected":false},"excerpt":{"rendered":"&#13; &#13; &#13; &#13; El argentino irrumpi\u00f3 en el Media Day del pr\u00f3ximo Gran Premio de F\u00f3rmula 1&hellip;\n","protected":false},"author":2,"featured_media":197165,"comment_status":"","ping_status":"","sticky":false,"template":"","format":"standard","meta":{"footnotes":""},"categories":[270],"tags":[168,25,24,306,271,272,23,167],"class_list":{"0":"post-197164","1":"post","2":"type-post","3":"status-publish","4":"format-standard","5":"has-post-thumbnail","7":"category-formula-1","8":"tag-deportes","9":"tag-es","10":"tag-espana","11":"tag-f1","12":"tag-formula-1","13":"tag-formula1","14":"tag-spain","15":"tag-sports"},"share_on_mastodon":{"url":"https:\/\/pubeurope.com\/@es\/115426265481670576","error":""},"_links":{"self":[{"href":"https:\/\/www.europesays.com\/es\/wp-json\/wp\/v2\/posts\/197164","targetHints":{"allow":["GET"]}}],"collection":[{"href":"https:\/\/www.europesays.com\/es\/wp-json\/wp\/v2\/posts"}],"about":[{"href":"https:\/\/www.europesays.com\/es\/wp-json\/wp\/v2\/types\/post"}],"author":[{"embeddable":true,"href":"https:\/\/www.europesays.com\/es\/wp-json\/wp\/v2\/users\/2"}],"replies":[{"embeddable":true,"href":"https:\/\/www.europesays.com\/es\/wp-json\/wp\/v2\/comments?post=197164"}],"version-history":[{"count":0,"href":"https:\/\/www.europesays.com\/es\/wp-json\/wp\/v2\/posts\/197164\/revisions"}],"wp:featuredmedia":[{"embeddable":true,"href":"https:\/\/www.europesays.com\/es\/wp-json\/wp\/v2\/media\/197165"}],"wp:attachment":[{"href":"https:\/\/www.europesays.com\/es\/wp-json\/wp\/v2\/media?parent=197164"}],"wp:term":[{"taxonomy":"category","embeddable":true,"href":"https:\/\/www.europesays.com\/es\/wp-json\/wp\/v2\/categories?post=197164"},{"taxonomy":"post_tag","embeddable":true,"href":"https:\/\/www.europesays.com\/es\/wp-json\/wp\/v2\/tags?post=197164"}],"curies":[{"name":"wp","href":"https:\/\/api.w.org\/{rel}","templated":true}]}}