{"id":197170,"date":"2025-10-24T00:18:14","date_gmt":"2025-10-24T00:18:14","guid":{"rendered":"https:\/\/www.europesays.com\/es\/197170\/"},"modified":"2025-10-24T00:18:14","modified_gmt":"2025-10-24T00:18:14","slug":"la-princesa-leonor-elige-el-tejido-tweed-para-el-concierto-de-los-premios-princesa-de-asturias-2025","status":"publish","type":"post","link":"https:\/\/www.europesays.com\/es\/197170\/","title":{"rendered":"La Princesa Leonor elige el tejido tweed para el concierto de los Premios Princesa de Asturias 2025"},"content":{"rendered":"<p data-journey-content=\"true\" data-node-id=\"3\" class=\"css-6wxqfj emevuu60\">El Auditorio Pr\u00edncipe Felipe de Oviedo ha acogido este jueves, 23 de octubre, e<strong data-node-id=\"3.1\">l XXXIII Concierto Premios Princesa de Asturias <\/strong>que, bajo el t\u00edtulo Brahms y Dvo\u0159\u00e1k. Grandes maestros del siglo XIX,  han interpretado la orquesta Oviedo Filarmon\u00eda y el Coro de la Fundaci\u00f3n, dirigidos por Lucas Mac\u00edas. Ha sido el primero de los actos en el que la princesa <a href=\"https:\/\/www.diezminutos.es\/leonor-de-borbon\/\" target=\"_blank\" data-vars-ga-outbound-link=\"https:\/\/www.diezminutos.es\/leonor-de-borbon\/\" data-vars-ga-ux-element=\"Hyperlink\" data-vars-ga-call-to-action=\"Leonor \" data-node-id=\"3.3\" class=\"body-link css-177bzfx emevuu60\" rel=\"nofollow noopener\">Leonor <\/a>y la infanta <a href=\"https:\/\/www.diezminutos.es\/sofia-de-borbon\/\" target=\"_blank\" data-vars-ga-outbound-link=\"https:\/\/www.diezminutos.es\/sofia-de-borbon\/\" data-vars-ga-ux-element=\"Hyperlink\" data-vars-ga-call-to-action=\"Sof\u00eda\" data-node-id=\"3.5\" class=\"body-link css-177bzfx emevuu60\" rel=\"nofollow noopener\">Sof\u00eda<\/a> se han podido reunir con sus padres desde sus respectivos destinos, <strong data-node-id=\"3.7\">la Academia General del Aire de San Javier<\/strong>, en Murcia, y el <strong data-node-id=\"3.9\">centro universitario Forward College,<\/strong> en Lisboa. <strong data-node-id=\"3.11\"\/><\/p>\n<p data-journey-content=\"true\" data-node-id=\"6\" class=\"css-6wxqfj emevuu60\">Los Premios Princesa de Asturias son galardones internacionales que distinguen cada a\u00f1o la labor cient\u00edfica, cultural, social y humanitaria de personas e instituciones. Fueron creados en 1980 por la entonces Fundaci\u00f3n Pr\u00edncipe de Asturias, con el objetivo de promover los valores del conocimiento, la solidaridad y la cooperaci\u00f3n. Actualmente, <strong data-node-id=\"6.1\">se entregan en ocho categor\u00edas y est\u00e1n considerados entre los reconocimientos m\u00e1s prestigiosos del \u00e1mbito hispano y europeo.<\/strong> <\/p>\n<p><img draggable=\"true\" alt=\"concierto premios princesa de asturias 2025\" title=\"Concierto Premios Princesa de Asturias 2025\" loading=\"lazy\" width=\"1920\" height=\"1280\" decoding=\"async\" data-nimg=\"1\" style=\"color:transparent;width:100%;height:auto;\"   src=\"https:\/\/www.europesays.com\/es\/wp-content\/uploads\/2025\/10\/concierto-ppa-68fa69327f897.jpg\" class=\"css-0 e1g79fud0\"\/><\/p>\n<p>Gtres<\/p>\n<p data-journey-content=\"true\" data-node-id=\"9\" class=\"css-6wxqfj emevuu60\">Como la ocasi\u00f3n lo merec\u00eda, la heredera al trono ha escogido un look sobrio pero, a la vez, elegante. La joven ha optado por <strong data-node-id=\"9.1\">un conjunto de pantal\u00f3n con una chaqueta de tweed<\/strong>, una de las piezas favoritas de, su madre, la <a href=\"https:\/\/www.diezminutos.es\/desvistiendo-a-letizia\/\" target=\"_blank\" data-vars-ga-outbound-link=\"https:\/\/www.diezminutos.es\/desvistiendo-a-letizia\/\" data-vars-ga-ux-element=\"Hyperlink\" data-vars-ga-call-to-action=\"Reina Letizia\" data-node-id=\"9.3\" class=\"body-link css-177bzfx emevuu60\" rel=\"nofollow noopener\">Reina Letizia<\/a>. La elegante chaqueta tiene ligeros destellos metalizados y cierre frontal.  Se trata de una pieza de <strong data-node-id=\"9.5\">Emporio Armani<\/strong> <strong data-node-id=\"9.7\">cuyo precio es de 590 euros<\/strong> y destaca por el adorno de las lentejuelas azul marino, el cierre con cremallera en la parte delantera, mangas largas y pu\u00f1os con abertura. <\/p>\n<p data-journey-content=\"true\" data-node-id=\"13\" class=\"css-6wxqfj emevuu60\">Para que la chaqueta se llevara toda la atenci\u00f3n, Leonor la ha combinado con unos pantalones de vestir rectos del mismo tono. Ambas piezas son en tonos azul marino, que encajan perfectamente con su melena rubia, y que ha combinado con el resto de miembros de la Familia Real, ya que <strong data-node-id=\"13.1\">esta tonalidad junto al negro ha sido el gran protagonista en la jornada de este jueves. <\/strong><\/p>\n<p><img src=\"https:\/\/www.europesays.com\/es\/wp-content\/uploads\/2025\/10\/1761265094_589_efed3e56-411c-4c5f-aad1-8194ce4fe362_1700500172.file\" alt=\"Headshot of Redacci\u00f3n Diez Minutos\" title=\"Headshot of Redacci\u00f3n Diez Minutos\" width=\"100%\" height=\"100%\" decoding=\"async\" loading=\"lazy\" class=\"css-o0wq4v ev8dhu53\"\/><\/p>\n<p>\u00a0En Diez Minutos somos especialistas en cubrir todas las noticias del coraz\u00f3n y de la monarqu\u00eda para acercarte a las vidas de todos esos personajes a los que admiras.<\/p>\n<p>Descubre con nosotros la \u00faltima hora de los famosos nacionales e internacionales m\u00e1s relevantes: sus pol\u00e9micas, sus historias amorosas y familiares y sus proyectos profesionales con nuestras entrevistas, videos y reportajes. Tambi\u00e9n te mostramos el d\u00eda a d\u00eda de la realeza, cont\u00e1ndote con especial detalle la vida personal y familiar de nuestros Reyes: Felipe VI y Letizia y sus hijas Leonor y Sof\u00eda.<\/p>\n<p>Diez Minutos es mucho m\u00e1s que cr\u00f3nica social. Queremos hacerte la vida m\u00e1s f\u00e1cil y cuidar de ti. Por eso, publicamos una amplia selecci\u00f3n de contenidos pr\u00e1cticos para ayudarte en tu econom\u00eda dom\u00e9stica, en la decoraci\u00f3n de tu casa o en tu bienestar f\u00edsico y emocional. Tambi\u00e9n encontrar\u00e1s todo tipo de noticias y reportajes sobre el embarazo y la maternidad para facilitarte este proceso de la vida.<\/p>\n<p>La cocina es otra parte fundamental de esta gu\u00eda pr\u00e1ctica con la mejor selecci\u00f3n de recetas y consejos para llevar una dieta saludable y variada. Y todo ello sin olvidarnos de los contenidos de moda y belleza que te har\u00e1n estar a la \u00faltima en las tendencias del momento con numerosas propuestas, ofertas y novedades.<\/p>\n<p>Te lo contamos todo con la misma rigurosidad y cercan\u00eda con la que te llevamos acompa\u00f1ando desde hace 72 a\u00f1os, cuando un 1 de septiembre de 1951 la revista vio la luz por primera vez. Muchas cosas han cambiado en lo que se refiere a la parte t\u00e9cnica, pero lo que te aseguramos es que el equipo que forma esta redacci\u00f3n realiza su trabajo con entusiasmo y entrega pensando en cada uno de vosotros para que encontr\u00e9is aqu\u00ed el sitio ideal donde disfrutar de la vida.<\/p>\n<p>El equipo digital de Diez Minutos est\u00e1 formado por:<\/p>\n<p><a href=\"https:\/\/www.diezminutos.es\/author\/15369\/rosa-prieto\/\" rel=\"nofollow noopener\" target=\"_blank\">Rosa Prieto:<\/a> Directora digital.<\/p>\n<p><a href=\"https:\/\/www.diezminutos.es\/author\/18095\/silvia-criado\/\" rel=\"nofollow noopener\" target=\"_blank\">Silvia Criado:<\/a> Jefa de secci\u00f3n digital.<\/p>\n<p><a href=\"https:\/\/www.diezminutos.es\/author\/16262\/magdalena-pinero\/\" rel=\"nofollow noopener\" target=\"_blank\">Magdalena Pi\u00f1ero:<\/a> redactora digital.\u00a0<\/p>\n<p><a href=\"https:\/\/www.diezminutos.es\/author\/16270\/daniel-reyes\/\" rel=\"nofollow noopener\" target=\"_blank\">Daniel Reyes:<\/a> redactor digital.<\/p>\n<p><a href=\"https:\/\/www.diezminutos.es\/author\/221934\/ignacio-herruzo\/\" rel=\"nofollow noopener\" target=\"_blank\">Ignacio Herruzo<\/a>: redactor digital.<\/p>\n<p><a href=\"https:\/\/www.diezminutos.es\/author\/740003\/nora-camara\/\" rel=\"nofollow noopener\" target=\"_blank\">Nora C\u00e1mara<\/a>: redactora digital.\u00a0<\/p>\n","protected":false},"excerpt":{"rendered":"El Auditorio Pr\u00edncipe Felipe de Oviedo ha acogido este jueves, 23 de octubre, el XXXIII Concierto Premios Princesa&hellip;\n","protected":false},"author":2,"featured_media":197171,"comment_status":"","ping_status":"","sticky":false,"template":"","format":"standard","meta":{"footnotes":""},"categories":[174],"tags":[255,253,146,147,25,24,256,23],"class_list":{"0":"post-197170","1":"post","2":"type-post","3":"status-publish","4":"format-standard","5":"has-post-thumbnail","7":"category-famosos","8":"tag-celebrities","9":"tag-discover","10":"tag-entertainment","11":"tag-entretenimiento","12":"tag-es","13":"tag-espana","14":"tag-famosos","15":"tag-spain"},"share_on_mastodon":{"url":"https:\/\/pubeurope.com\/@es\/115426277531890041","error":""},"_links":{"self":[{"href":"https:\/\/www.europesays.com\/es\/wp-json\/wp\/v2\/posts\/197170","targetHints":{"allow":["GET"]}}],"collection":[{"href":"https:\/\/www.europesays.com\/es\/wp-json\/wp\/v2\/posts"}],"about":[{"href":"https:\/\/www.europesays.com\/es\/wp-json\/wp\/v2\/types\/post"}],"author":[{"embeddable":true,"href":"https:\/\/www.europesays.com\/es\/wp-json\/wp\/v2\/users\/2"}],"replies":[{"embeddable":true,"href":"https:\/\/www.europesays.com\/es\/wp-json\/wp\/v2\/comments?post=197170"}],"version-history":[{"count":0,"href":"https:\/\/www.europesays.com\/es\/wp-json\/wp\/v2\/posts\/197170\/revisions"}],"wp:featuredmedia":[{"embeddable":true,"href":"https:\/\/www.europesays.com\/es\/wp-json\/wp\/v2\/media\/197171"}],"wp:attachment":[{"href":"https:\/\/www.europesays.com\/es\/wp-json\/wp\/v2\/media?parent=197170"}],"wp:term":[{"taxonomy":"category","embeddable":true,"href":"https:\/\/www.europesays.com\/es\/wp-json\/wp\/v2\/categories?post=197170"},{"taxonomy":"post_tag","embeddable":true,"href":"https:\/\/www.europesays.com\/es\/wp-json\/wp\/v2\/tags?post=197170"}],"curies":[{"name":"wp","href":"https:\/\/api.w.org\/{rel}","templated":true}]}}