{"id":197204,"date":"2025-10-24T00:40:07","date_gmt":"2025-10-24T00:40:07","guid":{"rendered":"https:\/\/www.europesays.com\/es\/197204\/"},"modified":"2025-10-24T00:40:07","modified_gmt":"2025-10-24T00:40:07","slug":"mundial-de-pista-quintero-y-yakovlev-entre-los-mas-rapidos-del-keirin-esciclismo","status":"publish","type":"post","link":"https:\/\/www.europesays.com\/es\/197204\/","title":{"rendered":"Mundial de Pista: Quintero y Yakovlev, entre los m\u00e1s r\u00e1pidos del keirin &#8211; Esciclismo"},"content":{"rendered":"<ol>\n<li><a href=\"https:\/\/news.google.com\/rss\/articles\/CBMiZEFVX3lxTE1pQlZTR2I3N3JvaXZObGJxX1ZpZDNCWllhT3haOXU1V0dIZDdKWnd1RDNzSHF6Uy11cFl5ZjFFYzdLamQtLVlQOEtkT1I1NWVzNHpLMUF4SDQ2cjllMXpxNlc1NHo?oc=5\" target=\"_blank\" rel=\"nofollow noopener\">Mundial de Pista: Quintero y Yakovlev, entre los m\u00e1s r\u00e1pidos del keirin<\/a>&nbsp;&nbsp;Esciclismo<\/li>\n<li><a href=\"https:\/\/news.google.com\/rss\/articles\/CBMitAFBVV95cUxObmF0bGdISXdvdi12dlNjT2pmYkJUNDQxVkxoaHp3Sl81XzRPTTFnQnpmcnBvQlB1amhVTUtxNzJuakpCbXJEZ2tyaDlFclVNeERrZHVTQ1FpOEV6dTE2YnliQUFhc3BaQy10TXdTT202MmF6UnBKMFhxQ1RsaEY1ZFZ1MDg1ZlprXzBJQW1LTHRNUHJ3amhiM0haaHJpZXd6ZWlrV0NrY1lMY0htQ0JkY21zN2TSAcgBQVVfeXFMTUJpLWhkRnVzd2dNd0NUUXF5WGotSjJCVUgxdWhRc2dnazc3LVROQ25YSVY2SWJON0xtYXM5U011aGdBb1BZUU9jeDNOOWlJcUZrOE1QSFNkNmJ1LUZ4b1lpQjh6VkJHdm5qR1dxV3gzbkE0NmItM3ZhYVhOdG5fMGVPYmxlNUVHWWxPM3lKbUdVUzFfYllCYTk0aFZRMFIyQjJDRHFwNjBpY01DTVBidFBwUjF2cjVMelhBRzZHeHNORGZBcGhrOG4?oc=5\" target=\"_blank\" rel=\"nofollow noopener\">Una Espa\u00f1a en transici\u00f3n llega al primer Mundial de pista en Chile<\/a>&nbsp;&nbsp;Diario AS<\/li>\n<li><a href=\"https:\/\/news.google.com\/rss\/articles\/CBMimwFBVV95cUxNLVdLcHdPdjhSOWpvUWZWWkdzTGlDc3l6S1VKeUdTQjRfY1hmbmpXaE8tNmdjWXdHZkpRd3BFdVlVSGVHbFhkX3pSU3I0SDY5YTRvMTdfWUdhamdFMXpOcnpyMTItQjZYdG92UDl6M1RVVjdvRWVLcDZBdVQ5cFFTSHM1TjNvQ2FJdVdrT3hwRnBGNEt6YzFORHE3RdIBmwFBVV95cUxNUGhreEMyMjRqdnBFMGc0WlhWamNCa1dkUEk2dG4zbktSTVctOXNka2c3Qi05aTM3YUlQMGFEMmpvcXo2c0JLR2trdGk0clpLYU9PMXdRTllqYTR4aUt0SEJXa1BNaWduSlBKS2VqX0pqN3JFb2UwcVBVXzItX0NDT1d6dHNlakV4eVoweGVmeVoxdUFQWDY2RzJ5TQ?oc=5\" target=\"_blank\" rel=\"nofollow noopener\">Espa\u00f1a compite en 18 pruebas en el Mundial de ciclismo en pista<\/a>&nbsp;&nbsp;MARCA<\/li>\n<li><a href=\"https:\/\/news.google.com\/rss\/articles\/CBMimwFBVV95cUxPdXowbzBIcjBxMDRZUS1ZdjJFUTZGUktfLWtDdHVyVVdKWklCaExfNmZFanp5N3BFNGw4dlUxbTA2X1M5ZTU5dXJFaU1PSTdZN0JtblN0QWFRVjJJSkVlZVRhR1V2WC16UkQ3NlRIcGFSWVlLUHlBUm9vUlJUNjIxOW5HM2dKby15T2RiNE03UEI3X09HdVlMRnFBZw?oc=5\" target=\"_blank\" rel=\"nofollow noopener\">D\u00f3nde ver el Campeonato Mundial de Pista Tissot UCI 2025<\/a>&nbsp;&nbsp;TodoMountainBike<\/li>\n<li><a href=\"https:\/\/news.google.com\/rss\/articles\/CBMi0gFBVV95cUxPSUVHZmI1dTVWeDNSYnZ3VGE3LWUwb0VsMk9XQlByRUtTWDNIOWdTMTN5ajRuTmdtdjJHT3hEeDBsRExiNXBVdERjNVY3Ni1lVmlRTjcyZTJyV3pLcWkyRjZ3RXhHUG1QNTJxWENTOWJTOEJSYVlPSmt1bE9GNkVmVDZmeU9VdXFBMVFfc3lPa0ZLam0wemlYdm40SUQ5a2FkcmhPWl9pZEM5bi1qTFJmMHRpT0E5V2d1Ny1wWUVyYXNwbkN3cHI2dURIZGlYc0t0WkHSAd8BQVVfeXFMUHdiakk1d1gzU0twLWo1WWFsSVpRc3pOLWp3dGI4eDVnRkVYclVfdHU5SndQa0tQLXN4d3lJRTdYMFNyQW4xYzdSdHc2ZjA1V09ZUmZGaXNRZ3B5cWtmWTk2T1Rvczd6c3ZMekpUblVjVDAyalM0R0pFVWZ3VTBfdGZMUlFoZFVzZzQ2UmJza0xibEVkTVZtcWg5STZHYUcySTdoaXExdDRlZXlxZFFBRkhVYWJOZjhDVkc3OGdINFVOYjV2QzVaeS03QjIxNWd5X29aLVR6eW1TT3IzQUMwRQ?oc=5\" target=\"_blank\" rel=\"nofollow noopener\">Italia lidera clasificaci\u00f3n de persecuci\u00f3n por equipos en el Mundial y Espa\u00f1a, und\u00e9cima<\/a>&nbsp;&nbsp;Mundo Deportivo<\/li>\n<\/ol>\n","protected":false},"excerpt":{"rendered":"Mundial de Pista: Quintero y Yakovlev, entre los m\u00e1s r\u00e1pidos del keirin&nbsp;&nbsp;Esciclismo Una Espa\u00f1a en transici\u00f3n llega al&hellip;\n","protected":false},"author":2,"featured_media":197205,"comment_status":"","ping_status":"","sticky":false,"template":"","format":"standard","meta":{"footnotes":""},"categories":[273],"tags":[6483,1611,54652,18343,15288,54651,2047,313,1757,10084,312,168,2496,158,25,24,12014,6025,703,887,54650,11348,54648,1070,9072,5101,5839,2525,22058,37862,29724,13902,23,167,11219,11214,54649],"class_list":{"0":"post-197204","1":"post","2":"type-post","3":"status-publish","4":"format-standard","5":"has-post-thumbnail","7":"category-ciclismo","8":"tag-alcanzado","9":"tag-ano","10":"tag-ballerup","11":"tag-bronce","12":"tag-campeonato","13":"tag-certificaron","14":"tag-chile","15":"tag-ciclismo","16":"tag-ciclista","17":"tag-colombiano","18":"tag-cycling","19":"tag-deportes","20":"tag-dinamarca","21":"tag-el","22":"tag-es","23":"tag-espana","24":"tag-favoritos","25":"tag-intencion","26":"tag-israeli","27":"tag-jueves","28":"tag-keirin","29":"tag-kevin","30":"tag-mikhail","31":"tag-mundial","32":"tag-octubre","33":"tag-pasado","34":"tag-pista","35":"tag-plata","36":"tag-podio","37":"tag-quintero","38":"tag-realiza","39":"tag-repetir","40":"tag-spain","41":"tag-sports","42":"tag-t","43":"tag-uci","44":"tag-yakovlev"},"share_on_mastodon":{"url":"https:\/\/pubeurope.com\/@es\/115426362973168241","error":""},"_links":{"self":[{"href":"https:\/\/www.europesays.com\/es\/wp-json\/wp\/v2\/posts\/197204","targetHints":{"allow":["GET"]}}],"collection":[{"href":"https:\/\/www.europesays.com\/es\/wp-json\/wp\/v2\/posts"}],"about":[{"href":"https:\/\/www.europesays.com\/es\/wp-json\/wp\/v2\/types\/post"}],"author":[{"embeddable":true,"href":"https:\/\/www.europesays.com\/es\/wp-json\/wp\/v2\/users\/2"}],"replies":[{"embeddable":true,"href":"https:\/\/www.europesays.com\/es\/wp-json\/wp\/v2\/comments?post=197204"}],"version-history":[{"count":0,"href":"https:\/\/www.europesays.com\/es\/wp-json\/wp\/v2\/posts\/197204\/revisions"}],"wp:featuredmedia":[{"embeddable":true,"href":"https:\/\/www.europesays.com\/es\/wp-json\/wp\/v2\/media\/197205"}],"wp:attachment":[{"href":"https:\/\/www.europesays.com\/es\/wp-json\/wp\/v2\/media?parent=197204"}],"wp:term":[{"taxonomy":"category","embeddable":true,"href":"https:\/\/www.europesays.com\/es\/wp-json\/wp\/v2\/categories?post=197204"},{"taxonomy":"post_tag","embeddable":true,"href":"https:\/\/www.europesays.com\/es\/wp-json\/wp\/v2\/tags?post=197204"}],"curies":[{"name":"wp","href":"https:\/\/api.w.org\/{rel}","templated":true}]}}